{"id":601122,"date":"2025-07-24T17:11:33","date_gmt":"2025-07-24T23:11:33","guid":{"rendered":"https:\/\/www.zunoticia.com\/noticias-de-hidalgo\/?p=601122"},"modified":"2025-07-24T17:11:34","modified_gmt":"2025-07-24T23:11:34","slug":"ataud-que-fue-colocado-en-la-calle-alarmo-a-vecinos","status":"publish","type":"post","link":"https:\/\/www.zunoticia.com\/noticias-de-hidalgo\/2025\/07\/24\/ataud-que-fue-colocado-en-la-calle-alarmo-a-vecinos\/","title":{"rendered":"Ata\u00fad que fue colocado en la calle alarm\u00f3 a vecinos"},"content":{"rendered":"<aside class=\"mashsb-container mashsb-main mashsb-stretched\"><div class=\"mashsb-box\"><div class=\"mashsb-count mash-large\" style=\"float:left\"><div class=\"counts mashsbcount\">0<\/div><span class=\"mashsb-sharetext\">SHARES<\/span><\/div><div class=\"mashsb-buttons\"><a class=\"mashicon-facebook mash-large mash-center mashsb-noshadow\" href=\"https:\/\/www.facebook.com\/sharer.php?u=https%3A%2F%2Fwww.zunoticia.com%2Fnoticias-de-hidalgo%2F2025%2F07%2F24%2Fataud-que-fue-colocado-en-la-calle-alarmo-a-vecinos%2F\" target=\"_top\" rel=\"nofollow\"><span class=\"icon\"><\/span><span class=\"text\">Share<\/span><\/a><a class=\"mashicon-twitter mash-large mash-center mashsb-noshadow\" href=\"https:\/\/twitter.com\/intent\/tweet?text=&amp;url=https:\/\/www.zunoticia.com\/noticias-de-hidalgo\/2025\/07\/24\/ataud-que-fue-colocado-en-la-calle-alarmo-a-vecinos\/\" target=\"_top\" rel=\"nofollow\"><span class=\"icon\"><\/span><span class=\"text\">Tweet<\/span><\/a><div class=\"onoffswitch2 mash-large mashsb-noshadow\" style=\"display:none\"><\/div><\/div>\n            <\/div>\n                <div style=\"clear:both\"><\/div><div class=\"mashsb-toggle-container\"><\/div><\/aside>\n            <!-- Share buttons by mashshare.net - Version: 4.0.47-->\n<p><em>Por Roberto Ram\u00edrez \/Zunoticia<\/em><\/p>\n\n\n\n<p><strong>Huejutla, Hgo<\/strong>. &#8211; Un ata\u00fad que fue colocado en la v\u00eda p\u00fablica para que lo recogiera el cami\u00f3n de la basura, caus\u00f3 alarma y p\u00e1nico entre los vecinos de la colonia Capit\u00e1n Antonio Reyes de esta ciudad, por lo que pidieron la intervenci\u00f3n de las autoridades para que fuese retirado.<\/p>\n\n\n\n<p>Se dio a conocer que, es com\u00fan que siempre colocan estas cajas ya utilizadas sobre la calle Segunda cerrada de Morelos, que est\u00e1 en frente del pante\u00f3n municipal, para que el cami\u00f3n de la basura lo recoja, sin embargo, este jueves dejaron una que caus\u00f3 p\u00e1nico entre la gente, sobre todo por la salud p\u00fablica, ya que esta tuvo restos humanos.<\/p>\n\n\n\n<p>Por lo regular, sacan los ata\u00fades cuando los familiares llegan a enterrar a otra persona y los restos \u00f3seos se pasan a otra caja, en muchas ocasiones esos ata\u00fades usados se los llevan a tirar los deudos, pero en esta ocasi\u00f3n lo dejaron en la v\u00eda p\u00fablica, generando alarma.<\/p>\n","protected":false},"excerpt":{"rendered":"<p>Por Roberto Ram\u00edrez \/Zunoticia Huejutla, Hgo. &#8211; Un ata\u00fad que fue colocado en la v\u00eda p\u00fablica para que lo recogiera el cami\u00f3n de la basura, caus\u00f3 alarma y p\u00e1nico entre los vecinos de la colonia Capit\u00e1n Antonio Reyes de esta ciudad, por lo que pidieron la intervenci\u00f3n de las autoridades para que fuese retirado. Se&hellip; <a class=\"more-link\" href=\"https:\/\/www.zunoticia.com\/noticias-de-hidalgo\/2025\/07\/24\/ataud-que-fue-colocado-en-la-calle-alarmo-a-vecinos\/\">Seguir leyendo <span class=\"screen-reader-text\">Ata\u00fad que fue colocado en la calle alarm\u00f3 a vecinos<\/span><\/a><\/p>\n","protected":false},"author":20,"featured_media":601123,"comment_status":"open","ping_status":"open","sticky":false,"template":"","format":"standard","meta":{"rop_custom_images_group":[],"rop_custom_messages_group":[],"rop_publish_now":"initial","rop_publish_now_accounts":{"facebook_10159540855086992_322828327761733":""},"rop_publish_now_history":[],"rop_publish_now_status":"pending","footnotes":""},"categories":[178],"tags":[259],"class_list":["post-601122","post","type-post","status-publish","format-standard","has-post-thumbnail","hentry","category-policiaca","tag-policiaca","entry"],"_links":{"self":[{"href":"https:\/\/www.zunoticia.com\/noticias-de-hidalgo\/wp-json\/wp\/v2\/posts\/601122","targetHints":{"allow":["GET"]}}],"collection":[{"href":"https:\/\/www.zunoticia.com\/noticias-de-hidalgo\/wp-json\/wp\/v2\/posts"}],"about":[{"href":"https:\/\/www.zunoticia.com\/noticias-de-hidalgo\/wp-json\/wp\/v2\/types\/post"}],"author":[{"embeddable":true,"href":"https:\/\/www.zunoticia.com\/noticias-de-hidalgo\/wp-json\/wp\/v2\/users\/20"}],"replies":[{"embeddable":true,"href":"https:\/\/www.zunoticia.com\/noticias-de-hidalgo\/wp-json\/wp\/v2\/comments?post=601122"}],"version-history":[{"count":1,"href":"https:\/\/www.zunoticia.com\/noticias-de-hidalgo\/wp-json\/wp\/v2\/posts\/601122\/revisions"}],"predecessor-version":[{"id":601124,"href":"https:\/\/www.zunoticia.com\/noticias-de-hidalgo\/wp-json\/wp\/v2\/posts\/601122\/revisions\/601124"}],"wp:featuredmedia":[{"embeddable":true,"href":"https:\/\/www.zunoticia.com\/noticias-de-hidalgo\/wp-json\/wp\/v2\/media\/601123"}],"wp:attachment":[{"href":"https:\/\/www.zunoticia.com\/noticias-de-hidalgo\/wp-json\/wp\/v2\/media?parent=601122"}],"wp:term":[{"taxonomy":"category","embeddable":true,"href":"https:\/\/www.zunoticia.com\/noticias-de-hidalgo\/wp-json\/wp\/v2\/categories?post=601122"},{"taxonomy":"post_tag","embeddable":true,"href":"https:\/\/www.zunoticia.com\/noticias-de-hidalgo\/wp-json\/wp\/v2\/tags?post=601122"}],"curies":[{"name":"wp","href":"https:\/\/api.w.org\/{rel}","templated":true}]}}