{"id":601161,"date":"2025-07-24T20:47:22","date_gmt":"2025-07-25T02:47:22","guid":{"rendered":"https:\/\/www.zunoticia.com\/noticias-de-hidalgo\/?p=601161"},"modified":"2025-07-24T20:47:24","modified_gmt":"2025-07-25T02:47:24","slug":"llegan-a-acuerdos-y-liberan-a-funcionarios","status":"publish","type":"post","link":"https:\/\/www.zunoticia.com\/noticias-de-hidalgo\/2025\/07\/24\/llegan-a-acuerdos-y-liberan-a-funcionarios\/","title":{"rendered":"Llegan a acuerdos y liberan a funcionarios"},"content":{"rendered":"<aside class=\"mashsb-container mashsb-main mashsb-stretched\"><div class=\"mashsb-box\"><div class=\"mashsb-count mash-large\" style=\"float:left\"><div class=\"counts mashsbcount\">0<\/div><span class=\"mashsb-sharetext\">SHARES<\/span><\/div><div class=\"mashsb-buttons\"><a class=\"mashicon-facebook mash-large mash-center mashsb-noshadow\" href=\"https:\/\/www.facebook.com\/sharer.php?u=https%3A%2F%2Fwww.zunoticia.com%2Fnoticias-de-hidalgo%2F2025%2F07%2F24%2Fllegan-a-acuerdos-y-liberan-a-funcionarios%2F\" target=\"_top\" rel=\"nofollow\"><span class=\"icon\"><\/span><span class=\"text\">Share<\/span><\/a><a class=\"mashicon-twitter mash-large mash-center mashsb-noshadow\" href=\"https:\/\/twitter.com\/intent\/tweet?text=&amp;url=https:\/\/www.zunoticia.com\/noticias-de-hidalgo\/2025\/07\/24\/llegan-a-acuerdos-y-liberan-a-funcionarios\/\" target=\"_top\" rel=\"nofollow\"><span class=\"icon\"><\/span><span class=\"text\">Tweet<\/span><\/a><div class=\"onoffswitch2 mash-large mashsb-noshadow\" style=\"display:none\"><\/div><\/div>\n            <\/div>\n                <div style=\"clear:both\"><\/div><div class=\"mashsb-toggle-container\"><\/div><\/aside>\n            <!-- Share buttons by mashshare.net - Version: 4.0.47-->\n<p><em>Por Roberto Ram\u00edrez\/Zunoticia<\/em><\/p>\n\n\n\n<p><strong>Huejutla, Hgo. &#8211;<\/strong> Con la intervenci\u00f3n de autoridades de la Subsecretaria de gobierno en la Huasteca, la tarde de este jueves liberaron a los funcionarios y polic\u00edas retenidos en Santa Cruz, en donde se llegaron a acuerdos y la obra de pavimentaci\u00f3n iniciar\u00e1 ma\u00f1ana viernes.<\/p>\n\n\n\n<p>Fue el subsecretario Ignacio Primitivo Nava Navarrete, quien encabez\u00f3 una reuni\u00f3n de trabajo con las autoridades de esa comunidad y se logr\u00f3 liberar al secretario municipal Jos\u00e9 Luis Fayad Torres y a Jos\u00e9 Antonio Vital P\u00e9rez, as\u00ed como tres polic\u00edas.<\/p>\n\n\n\n<figure class=\"wp-block-image size-large\"><img fetchpriority=\"high\" decoding=\"async\" width=\"1024\" height=\"818\" src=\"https:\/\/www.zunoticia.com\/noticias-de-hidalgo\/wp-content\/uploads\/2025\/07\/WhatsApp-Image-2025-07-24-at-8.16.16-PM-1-1024x818.jpeg\" alt=\"\" class=\"wp-image-601163\" srcset=\"https:\/\/www.zunoticia.com\/noticias-de-hidalgo\/wp-content\/uploads\/2025\/07\/WhatsApp-Image-2025-07-24-at-8.16.16-PM-1-1024x818.jpeg 1024w, https:\/\/www.zunoticia.com\/noticias-de-hidalgo\/wp-content\/uploads\/2025\/07\/WhatsApp-Image-2025-07-24-at-8.16.16-PM-1-300x240.jpeg 300w, https:\/\/www.zunoticia.com\/noticias-de-hidalgo\/wp-content\/uploads\/2025\/07\/WhatsApp-Image-2025-07-24-at-8.16.16-PM-1-768x614.jpeg 768w, https:\/\/www.zunoticia.com\/noticias-de-hidalgo\/wp-content\/uploads\/2025\/07\/WhatsApp-Image-2025-07-24-at-8.16.16-PM-1.jpeg 1080w\" sizes=\"(max-width: 1024px) 100vw, 1024px\" \/><\/figure>\n\n\n\n<p>Entre los acuerdos que se tomaron son: Los trabajos de pavimentaci\u00f3n inician el d\u00eda viernes 25 de julio del a\u00f1o en curso, esta tarde se llev\u00f3 el material, cemento, electro malla y lleg\u00f3 la maquinaria, as\u00ed mismo se lleg\u00f3 al acuerdo de que al finalizar los primeros 225 metros lineales se iniciar\u00e1 con lo faltante.<\/p>\n","protected":false},"excerpt":{"rendered":"<p>Por Roberto Ram\u00edrez\/Zunoticia Huejutla, Hgo. &#8211; Con la intervenci\u00f3n de autoridades de la Subsecretaria de gobierno en la Huasteca, la tarde de este jueves liberaron a los funcionarios y polic\u00edas retenidos en Santa Cruz, en donde se llegaron a acuerdos y la obra de pavimentaci\u00f3n iniciar\u00e1 ma\u00f1ana viernes. Fue el subsecretario Ignacio Primitivo Nava Navarrete,&hellip; <a class=\"more-link\" href=\"https:\/\/www.zunoticia.com\/noticias-de-hidalgo\/2025\/07\/24\/llegan-a-acuerdos-y-liberan-a-funcionarios\/\">Seguir leyendo <span class=\"screen-reader-text\">Llegan a acuerdos y liberan a funcionarios<\/span><\/a><\/p>\n","protected":false},"author":22,"featured_media":601162,"comment_status":"open","ping_status":"open","sticky":false,"template":"","format":"standard","meta":{"rop_custom_images_group":[],"rop_custom_messages_group":[],"rop_publish_now":"initial","rop_publish_now_accounts":{"facebook_10159540855086992_322828327761733":""},"rop_publish_now_history":[],"rop_publish_now_status":"pending","footnotes":""},"categories":[178],"tags":[121],"class_list":["post-601161","post","type-post","status-publish","format-standard","has-post-thumbnail","hentry","category-policiaca","tag-huejutla","entry"],"_links":{"self":[{"href":"https:\/\/www.zunoticia.com\/noticias-de-hidalgo\/wp-json\/wp\/v2\/posts\/601161","targetHints":{"allow":["GET"]}}],"collection":[{"href":"https:\/\/www.zunoticia.com\/noticias-de-hidalgo\/wp-json\/wp\/v2\/posts"}],"about":[{"href":"https:\/\/www.zunoticia.com\/noticias-de-hidalgo\/wp-json\/wp\/v2\/types\/post"}],"author":[{"embeddable":true,"href":"https:\/\/www.zunoticia.com\/noticias-de-hidalgo\/wp-json\/wp\/v2\/users\/22"}],"replies":[{"embeddable":true,"href":"https:\/\/www.zunoticia.com\/noticias-de-hidalgo\/wp-json\/wp\/v2\/comments?post=601161"}],"version-history":[{"count":1,"href":"https:\/\/www.zunoticia.com\/noticias-de-hidalgo\/wp-json\/wp\/v2\/posts\/601161\/revisions"}],"predecessor-version":[{"id":601164,"href":"https:\/\/www.zunoticia.com\/noticias-de-hidalgo\/wp-json\/wp\/v2\/posts\/601161\/revisions\/601164"}],"wp:featuredmedia":[{"embeddable":true,"href":"https:\/\/www.zunoticia.com\/noticias-de-hidalgo\/wp-json\/wp\/v2\/media\/601162"}],"wp:attachment":[{"href":"https:\/\/www.zunoticia.com\/noticias-de-hidalgo\/wp-json\/wp\/v2\/media?parent=601161"}],"wp:term":[{"taxonomy":"category","embeddable":true,"href":"https:\/\/www.zunoticia.com\/noticias-de-hidalgo\/wp-json\/wp\/v2\/categories?post=601161"},{"taxonomy":"post_tag","embeddable":true,"href":"https:\/\/www.zunoticia.com\/noticias-de-hidalgo\/wp-json\/wp\/v2\/tags?post=601161"}],"curies":[{"name":"wp","href":"https:\/\/api.w.org\/{rel}","templated":true}]}}