{"id":601440,"date":"2025-07-27T15:33:06","date_gmt":"2025-07-27T21:33:06","guid":{"rendered":"https:\/\/www.zunoticia.com\/noticias-de-hidalgo\/?p=601440"},"modified":"2025-07-27T15:33:07","modified_gmt":"2025-07-27T21:33:07","slug":"feria-del-empleo-en-mineral-de-la-reforma-impulsa-el-trabajo-formal-y-la-reactivacion-economica-local","status":"publish","type":"post","link":"https:\/\/www.zunoticia.com\/noticias-de-hidalgo\/2025\/07\/27\/feria-del-empleo-en-mineral-de-la-reforma-impulsa-el-trabajo-formal-y-la-reactivacion-economica-local\/","title":{"rendered":"Feria del Empleo en Mineral de la Reforma impulsa el trabajo formal y la reactivaci\u00f3n econ\u00f3mica local\u00a0"},"content":{"rendered":"<aside class=\"mashsb-container mashsb-main mashsb-stretched\"><div class=\"mashsb-box\"><div class=\"mashsb-count mash-large\" style=\"float:left\"><div class=\"counts mashsbcount\">0<\/div><span class=\"mashsb-sharetext\">SHARES<\/span><\/div><div class=\"mashsb-buttons\"><a class=\"mashicon-facebook mash-large mash-center mashsb-noshadow\" href=\"https:\/\/www.facebook.com\/sharer.php?u=https%3A%2F%2Fwww.zunoticia.com%2Fnoticias-de-hidalgo%2F2025%2F07%2F27%2Fferia-del-empleo-en-mineral-de-la-reforma-impulsa-el-trabajo-formal-y-la-reactivacion-economica-local%2F\" target=\"_top\" rel=\"nofollow\"><span class=\"icon\"><\/span><span class=\"text\">Share<\/span><\/a><a class=\"mashicon-twitter mash-large mash-center mashsb-noshadow\" href=\"https:\/\/twitter.com\/intent\/tweet?text=&amp;url=https:\/\/www.zunoticia.com\/noticias-de-hidalgo\/2025\/07\/27\/feria-del-empleo-en-mineral-de-la-reforma-impulsa-el-trabajo-formal-y-la-reactivacion-economica-local\/\" target=\"_top\" rel=\"nofollow\"><span class=\"icon\"><\/span><span class=\"text\">Tweet<\/span><\/a><div class=\"onoffswitch2 mash-large mashsb-noshadow\" style=\"display:none\"><\/div><\/div>\n            <\/div>\n                <div style=\"clear:both\"><\/div><div class=\"mashsb-toggle-container\"><\/div><\/aside>\n            <!-- Share buttons by mashshare.net - Version: 4.0.47-->\n<ul class=\"wp-block-list\">\n<li>La estrategia del gobernador Julio Menchaca incluye la vinculaci\u00f3n entre empleadores y quienes buscan una oportunidad laboral.<\/li>\n<\/ul>\n\n\n\n<p><em>Por Redacci\u00f3n\/Zunoticia<\/em><\/p>\n\n\n\n<p><strong>Mineral de la Reforma, Hgo.-<\/strong> Con el objetivo de fomentar el empleo formal en los municipios y fortalecer la econom\u00eda del estado, la Secretar\u00eda del Trabajo y Previsi\u00f3n Social de Hidalgo (STPSH), en coordinaci\u00f3n con el ayuntamiento de Mineral de la Reforma, llev\u00f3 a cabo la Feria del Empleo en la explanada municipal La Justicia, donde se ofrecieron m\u00e1s de mil 200 vacantes.<\/p>\n\n\n\n<figure class=\"wp-block-image size-large\"><img fetchpriority=\"high\" decoding=\"async\" width=\"1024\" height=\"682\" src=\"https:\/\/www.zunoticia.com\/noticias-de-hidalgo\/wp-content\/uploads\/2025\/07\/eZy-Watermark_27-07-2025_03-03-00-3080p.m-1024x682.jpg\" alt=\"\" class=\"wp-image-601424\" srcset=\"https:\/\/www.zunoticia.com\/noticias-de-hidalgo\/wp-content\/uploads\/2025\/07\/eZy-Watermark_27-07-2025_03-03-00-3080p.m-1024x682.jpg 1024w, https:\/\/www.zunoticia.com\/noticias-de-hidalgo\/wp-content\/uploads\/2025\/07\/eZy-Watermark_27-07-2025_03-03-00-3080p.m-300x200.jpg 300w, https:\/\/www.zunoticia.com\/noticias-de-hidalgo\/wp-content\/uploads\/2025\/07\/eZy-Watermark_27-07-2025_03-03-00-3080p.m-768x512.jpg 768w, https:\/\/www.zunoticia.com\/noticias-de-hidalgo\/wp-content\/uploads\/2025\/07\/eZy-Watermark_27-07-2025_03-03-00-3080p.m.jpg 1280w\" sizes=\"(max-width: 1024px) 100vw, 1024px\" \/><\/figure>\n\n\n\n<p>El titular de la STPSH, Oscar Javier Gonz\u00e1lez Hern\u00e1ndez, destac\u00f3 que el empleo es una de las principales herramientas para generar estabilidad econ\u00f3mica y social en las regiones. Por ello, se impulsan estrategias de vinculaci\u00f3n laboral que facilitan el contacto directo entre personas en b\u00fasqueda de empleo y empleadores.<\/p>\n\n\n\n<p>Resalt\u00f3 que la estrategia de impulso al trabajo formal implementada por el gobernador, Julio Menchaca, incluye acciones como la capacitaci\u00f3n laboral, el apoyo al emprendimiento, incentivos a la contrataci\u00f3n y programas de movilidad laboral, adem\u00e1s de una colaboraci\u00f3n estrecha con el sector empresarial para garantizar el cumplimiento de la normativa laboral.<\/p>\n\n\n\n<figure class=\"wp-block-image size-large\"><img decoding=\"async\" width=\"1024\" height=\"682\" src=\"https:\/\/www.zunoticia.com\/noticias-de-hidalgo\/wp-content\/uploads\/2025\/07\/eZy-Watermark_27-07-2025_03-02-43-7350p.m-1024x682.jpg\" alt=\"\" class=\"wp-image-601426\" srcset=\"https:\/\/www.zunoticia.com\/noticias-de-hidalgo\/wp-content\/uploads\/2025\/07\/eZy-Watermark_27-07-2025_03-02-43-7350p.m-1024x682.jpg 1024w, https:\/\/www.zunoticia.com\/noticias-de-hidalgo\/wp-content\/uploads\/2025\/07\/eZy-Watermark_27-07-2025_03-02-43-7350p.m-300x200.jpg 300w, https:\/\/www.zunoticia.com\/noticias-de-hidalgo\/wp-content\/uploads\/2025\/07\/eZy-Watermark_27-07-2025_03-02-43-7350p.m-768x512.jpg 768w, https:\/\/www.zunoticia.com\/noticias-de-hidalgo\/wp-content\/uploads\/2025\/07\/eZy-Watermark_27-07-2025_03-02-43-7350p.m.jpg 1280w\" sizes=\"(max-width: 1024px) 100vw, 1024px\" \/><\/figure>\n\n\n\n<p>\u201cEn esta feria contamos con la participaci\u00f3n de 32 empresas locales y regionales que ofrecen empleos formales, los cuales incluyen contratos laborales y prestaciones de ley, como seguro social, vacaciones, licencias de maternidad y paternidad, aguinaldo, entre otros beneficios\u201d, detall\u00f3 el secretario.<\/p>\n\n\n\n<p>Adem\u00e1s, se instalaron 16 m\u00f3dulos informativos y participaron 7 expositores de productos y servicios, generando un ambiente integral de orientaci\u00f3n, oportunidades y emprendimiento para la ciudadan\u00eda.<\/p>\n\n\n\n<p>La jornada registr\u00f3 la asistencia de 527 buscadores de empleo, quienes se postularon directamente a diversas vacantes. Asimismo, se brind\u00f3 apoyo para la elaboraci\u00f3n de curr\u00edculums con inteligencia artificial en el momento.<\/p>\n\n\n\n<p>Por su parte, el secretario de Desarrollo Econ\u00f3mico de Mineral de la Reforma, Jorge Garc\u00eda Brise\u00f1o, expres\u00f3 su reconocimiento al trabajo coordinado entre la STPSH y el gobierno municipal, pues la suma de esfuerzos institucionales contribuye a generar mayores oportunidades laborales para la poblaci\u00f3n.<\/p>\n\n\n\n<p>Durante su intervenci\u00f3n, Rebeca Torres del Castillo, directora general de Atenci\u00f3n a Poblaci\u00f3n en Situaci\u00f3n de Movilidad Laboral del Servicio Nacional de Empleo (SNE), destac\u00f3 que el Plan M\u00e9xico impulsa estrategias inclusivas para grupos vulnerables, a fin de garantizar los derechos humanos y laborales, en busca de promover oportunidades en condiciones de igualdad.<\/p>\n\n\n\n<p>La Feria del Empleo en Mineral de la Reforma es una muestra del compromiso conjunto entre los distintos \u00f3rdenes de gobierno y el sector productivo para fortalecer la econom\u00eda local y avanzar hacia la justicia laboral.<\/p>\n","protected":false},"excerpt":{"rendered":"<p>Por Redacci\u00f3n\/Zunoticia Mineral de la Reforma, Hgo.- Con el objetivo de fomentar el empleo formal en los municipios y fortalecer la econom\u00eda del estado, la Secretar\u00eda del Trabajo y Previsi\u00f3n Social de Hidalgo (STPSH), en coordinaci\u00f3n con el ayuntamiento de Mineral de la Reforma, llev\u00f3 a cabo la Feria del Empleo en la explanada municipal&hellip; <a class=\"more-link\" href=\"https:\/\/www.zunoticia.com\/noticias-de-hidalgo\/2025\/07\/27\/feria-del-empleo-en-mineral-de-la-reforma-impulsa-el-trabajo-formal-y-la-reactivacion-economica-local\/\">Seguir leyendo <span class=\"screen-reader-text\">Feria del Empleo en Mineral de la Reforma impulsa el trabajo formal y la reactivaci\u00f3n econ\u00f3mica local\u00a0<\/span><\/a><\/p>\n","protected":false},"author":12,"featured_media":601425,"comment_status":"open","ping_status":"open","sticky":false,"template":"","format":"standard","meta":{"rop_custom_images_group":[],"rop_custom_messages_group":[],"rop_publish_now":"initial","rop_publish_now_accounts":{"facebook_10159540855086992_322828327761733":""},"rop_publish_now_history":[],"rop_publish_now_status":"pending","footnotes":""},"categories":[208],"tags":[214],"class_list":["post-601440","post","type-post","status-publish","format-standard","has-post-thumbnail","hentry","category-estado","tag-estado","entry"],"_links":{"self":[{"href":"https:\/\/www.zunoticia.com\/noticias-de-hidalgo\/wp-json\/wp\/v2\/posts\/601440","targetHints":{"allow":["GET"]}}],"collection":[{"href":"https:\/\/www.zunoticia.com\/noticias-de-hidalgo\/wp-json\/wp\/v2\/posts"}],"about":[{"href":"https:\/\/www.zunoticia.com\/noticias-de-hidalgo\/wp-json\/wp\/v2\/types\/post"}],"author":[{"embeddable":true,"href":"https:\/\/www.zunoticia.com\/noticias-de-hidalgo\/wp-json\/wp\/v2\/users\/12"}],"replies":[{"embeddable":true,"href":"https:\/\/www.zunoticia.com\/noticias-de-hidalgo\/wp-json\/wp\/v2\/comments?post=601440"}],"version-history":[{"count":1,"href":"https:\/\/www.zunoticia.com\/noticias-de-hidalgo\/wp-json\/wp\/v2\/posts\/601440\/revisions"}],"predecessor-version":[{"id":601441,"href":"https:\/\/www.zunoticia.com\/noticias-de-hidalgo\/wp-json\/wp\/v2\/posts\/601440\/revisions\/601441"}],"wp:featuredmedia":[{"embeddable":true,"href":"https:\/\/www.zunoticia.com\/noticias-de-hidalgo\/wp-json\/wp\/v2\/media\/601425"}],"wp:attachment":[{"href":"https:\/\/www.zunoticia.com\/noticias-de-hidalgo\/wp-json\/wp\/v2\/media?parent=601440"}],"wp:term":[{"taxonomy":"category","embeddable":true,"href":"https:\/\/www.zunoticia.com\/noticias-de-hidalgo\/wp-json\/wp\/v2\/categories?post=601440"},{"taxonomy":"post_tag","embeddable":true,"href":"https:\/\/www.zunoticia.com\/noticias-de-hidalgo\/wp-json\/wp\/v2\/tags?post=601440"}],"curies":[{"name":"wp","href":"https:\/\/api.w.org\/{rel}","templated":true}]}}