{"id":601465,"date":"2025-07-27T19:07:54","date_gmt":"2025-07-28T01:07:54","guid":{"rendered":"https:\/\/www.zunoticia.com\/noticias-de-hidalgo\/?p=601465"},"modified":"2025-07-27T19:07:56","modified_gmt":"2025-07-28T01:07:56","slug":"fue-localizado-el-cuerpo-sin-vida-de-adolescente-en-las-aguas-del-rio-moctezuma","status":"publish","type":"post","link":"https:\/\/www.zunoticia.com\/noticias-de-hidalgo\/2025\/07\/27\/fue-localizado-el-cuerpo-sin-vida-de-adolescente-en-las-aguas-del-rio-moctezuma\/","title":{"rendered":"Fue localizado el cuerpo sin vida de adolescente en las aguas del r\u00edo Moctezuma"},"content":{"rendered":"<aside class=\"mashsb-container mashsb-main mashsb-stretched\"><div class=\"mashsb-box\"><div class=\"mashsb-count mash-large\" style=\"float:left\"><div class=\"counts mashsbcount\">0<\/div><span class=\"mashsb-sharetext\">SHARES<\/span><\/div><div class=\"mashsb-buttons\"><a class=\"mashicon-facebook mash-large mash-center mashsb-noshadow\" href=\"https:\/\/www.facebook.com\/sharer.php?u=https%3A%2F%2Fwww.zunoticia.com%2Fnoticias-de-hidalgo%2F2025%2F07%2F27%2Ffue-localizado-el-cuerpo-sin-vida-de-adolescente-en-las-aguas-del-rio-moctezuma%2F\" target=\"_top\" rel=\"nofollow\"><span class=\"icon\"><\/span><span class=\"text\">Share<\/span><\/a><a class=\"mashicon-twitter mash-large mash-center mashsb-noshadow\" href=\"https:\/\/twitter.com\/intent\/tweet?text=&amp;url=https:\/\/www.zunoticia.com\/noticias-de-hidalgo\/2025\/07\/27\/fue-localizado-el-cuerpo-sin-vida-de-adolescente-en-las-aguas-del-rio-moctezuma\/\" target=\"_top\" rel=\"nofollow\"><span class=\"icon\"><\/span><span class=\"text\">Tweet<\/span><\/a><div class=\"onoffswitch2 mash-large mashsb-noshadow\" style=\"display:none\"><\/div><\/div>\n            <\/div>\n                <div style=\"clear:both\"><\/div><div class=\"mashsb-toggle-container\"><\/div><\/aside>\n            <!-- Share buttons by mashshare.net - Version: 4.0.47-->\n<ul class=\"wp-block-list\">\n<li>Luego de intensas y largas horas de b\u00fasqueda.<\/li>\n<\/ul>\n\n\n\n<p><em>Por Georgina Jaramillo\/Zunoticia<\/em><\/p>\n\n\n\n<p><strong>La Misi\u00f3n, Hgo.-<\/strong> Luego de intensas horas de b\u00fasqueda por parte de los diferentes cuerpos de auxilio y voluntarios fue localizado el cuerpo sin vida del menor que la tarde del pasado viernes fue arrastrado por la corriente del r\u00edo Moctezuma, en la comunidad de La Mora, de este municipio.<\/p>\n\n\n<div class=\"wp-block-image\">\n<figure class=\"aligncenter size-full\"><img fetchpriority=\"high\" decoding=\"async\" width=\"509\" height=\"508\" src=\"https:\/\/www.zunoticia.com\/noticias-de-hidalgo\/wp-content\/uploads\/2025\/07\/eZy-Watermark_27-07-2025_05-00-11-1300p.m.jpg\" alt=\"\" class=\"wp-image-601460\" srcset=\"https:\/\/www.zunoticia.com\/noticias-de-hidalgo\/wp-content\/uploads\/2025\/07\/eZy-Watermark_27-07-2025_05-00-11-1300p.m.jpg 509w, https:\/\/www.zunoticia.com\/noticias-de-hidalgo\/wp-content\/uploads\/2025\/07\/eZy-Watermark_27-07-2025_05-00-11-1300p.m-300x300.jpg 300w, https:\/\/www.zunoticia.com\/noticias-de-hidalgo\/wp-content\/uploads\/2025\/07\/eZy-Watermark_27-07-2025_05-00-11-1300p.m-150x150.jpg 150w\" sizes=\"(max-width: 509px) 100vw, 509px\" \/><\/figure>\n<\/div>\n\n\n<p>Informaci\u00f3n oficial de Protecci\u00f3n Civil de Pisaflores dio a conocer que fue al mediod\u00eda de este domingo, cuando una brigada de b\u00fasqueda realiz\u00f3 el hallazgo, a la altura de la comunidad de nombre Miraflores.<\/p>\n\n\n\n<figure class=\"wp-block-image size-full\"><img decoding=\"async\" width=\"748\" height=\"510\" src=\"https:\/\/www.zunoticia.com\/noticias-de-hidalgo\/wp-content\/uploads\/2025\/07\/eZy-Watermark_27-07-2025_05-03-20-4080p.m.jpg\" alt=\"\" class=\"wp-image-601459\" srcset=\"https:\/\/www.zunoticia.com\/noticias-de-hidalgo\/wp-content\/uploads\/2025\/07\/eZy-Watermark_27-07-2025_05-03-20-4080p.m.jpg 748w, https:\/\/www.zunoticia.com\/noticias-de-hidalgo\/wp-content\/uploads\/2025\/07\/eZy-Watermark_27-07-2025_05-03-20-4080p.m-300x205.jpg 300w\" sizes=\"(max-width: 748px) 100vw, 748px\" \/><\/figure>\n\n\n\n<p>Una vez que fue confirmada la noticia del lamentable hecho, alrededor de las 13:00 horas, de este domingo 27 de julio, fueron levantados los protocolos de b\u00fasqueda, as\u00ed como las guardias de Protecci\u00f3n Civil y grupos de voluntarios que dese hace tres d\u00edas permanec\u00edan en las orillas del r\u00edo Moctezuma para su localizaci\u00f3n.<\/p>\n\n\n\n<figure class=\"wp-block-image size-full\"><img decoding=\"async\" width=\"748\" height=\"510\" src=\"https:\/\/www.zunoticia.com\/noticias-de-hidalgo\/wp-content\/uploads\/2025\/07\/eZy-Watermark_27-07-2025_05-03-20-4080p.m.jpg\" alt=\"\" class=\"wp-image-601459\" srcset=\"https:\/\/www.zunoticia.com\/noticias-de-hidalgo\/wp-content\/uploads\/2025\/07\/eZy-Watermark_27-07-2025_05-03-20-4080p.m.jpg 748w, https:\/\/www.zunoticia.com\/noticias-de-hidalgo\/wp-content\/uploads\/2025\/07\/eZy-Watermark_27-07-2025_05-03-20-4080p.m-300x205.jpg 300w\" sizes=\"(max-width: 748px) 100vw, 748px\" \/><\/figure>\n\n\n\n<p>La espera termin\u00f3 y el cuerpo sin vida del adolescente fue extra\u00eddo de las profundas aguas del r\u00edo Moctezuma, para ser entregado a sus familiares, quienes vivieron largas horas de angustia por la lamentable perdida de su ser&nbsp;querido.&nbsp;QEPD.<\/p>\n\n\n\n<figure class=\"wp-block-image size-large\"><img decoding=\"async\" width=\"1024\" height=\"578\" src=\"https:\/\/www.zunoticia.com\/noticias-de-hidalgo\/wp-content\/uploads\/2025\/07\/eZy-Watermark_27-07-2025_05-00-27-9210p.m-1024x578.jpg\" alt=\"\" class=\"wp-image-601458\" srcset=\"https:\/\/www.zunoticia.com\/noticias-de-hidalgo\/wp-content\/uploads\/2025\/07\/eZy-Watermark_27-07-2025_05-00-27-9210p.m-1024x578.jpg 1024w, https:\/\/www.zunoticia.com\/noticias-de-hidalgo\/wp-content\/uploads\/2025\/07\/eZy-Watermark_27-07-2025_05-00-27-9210p.m-300x169.jpg 300w, https:\/\/www.zunoticia.com\/noticias-de-hidalgo\/wp-content\/uploads\/2025\/07\/eZy-Watermark_27-07-2025_05-00-27-9210p.m-768x434.jpg 768w, https:\/\/www.zunoticia.com\/noticias-de-hidalgo\/wp-content\/uploads\/2025\/07\/eZy-Watermark_27-07-2025_05-00-27-9210p.m.jpg 1500w\" sizes=\"(max-width: 1024px) 100vw, 1024px\" \/><\/figure>\n","protected":false},"excerpt":{"rendered":"<p>Por Georgina Jaramillo\/Zunoticia La Misi\u00f3n, Hgo.- Luego de intensas horas de b\u00fasqueda por parte de los diferentes cuerpos de auxilio y voluntarios fue localizado el cuerpo sin vida del menor que la tarde del pasado viernes fue arrastrado por la corriente del r\u00edo Moctezuma, en la comunidad de La Mora, de este municipio. Informaci\u00f3n oficial&hellip; <a class=\"more-link\" href=\"https:\/\/www.zunoticia.com\/noticias-de-hidalgo\/2025\/07\/27\/fue-localizado-el-cuerpo-sin-vida-de-adolescente-en-las-aguas-del-rio-moctezuma\/\">Seguir leyendo <span class=\"screen-reader-text\">Fue localizado el cuerpo sin vida de adolescente en las aguas del r\u00edo Moctezuma<\/span><\/a><\/p>\n","protected":false},"author":12,"featured_media":601457,"comment_status":"open","ping_status":"open","sticky":false,"template":"","format":"standard","meta":{"rop_custom_images_group":[],"rop_custom_messages_group":[],"rop_publish_now":"initial","rop_publish_now_accounts":{"facebook_10159540855086992_322828327761733":""},"rop_publish_now_history":[],"rop_publish_now_status":"pending","footnotes":""},"categories":[178],"tags":[259],"class_list":["post-601465","post","type-post","status-publish","format-standard","has-post-thumbnail","hentry","category-policiaca","tag-policiaca","entry"],"_links":{"self":[{"href":"https:\/\/www.zunoticia.com\/noticias-de-hidalgo\/wp-json\/wp\/v2\/posts\/601465","targetHints":{"allow":["GET"]}}],"collection":[{"href":"https:\/\/www.zunoticia.com\/noticias-de-hidalgo\/wp-json\/wp\/v2\/posts"}],"about":[{"href":"https:\/\/www.zunoticia.com\/noticias-de-hidalgo\/wp-json\/wp\/v2\/types\/post"}],"author":[{"embeddable":true,"href":"https:\/\/www.zunoticia.com\/noticias-de-hidalgo\/wp-json\/wp\/v2\/users\/12"}],"replies":[{"embeddable":true,"href":"https:\/\/www.zunoticia.com\/noticias-de-hidalgo\/wp-json\/wp\/v2\/comments?post=601465"}],"version-history":[{"count":1,"href":"https:\/\/www.zunoticia.com\/noticias-de-hidalgo\/wp-json\/wp\/v2\/posts\/601465\/revisions"}],"predecessor-version":[{"id":601466,"href":"https:\/\/www.zunoticia.com\/noticias-de-hidalgo\/wp-json\/wp\/v2\/posts\/601465\/revisions\/601466"}],"wp:featuredmedia":[{"embeddable":true,"href":"https:\/\/www.zunoticia.com\/noticias-de-hidalgo\/wp-json\/wp\/v2\/media\/601457"}],"wp:attachment":[{"href":"https:\/\/www.zunoticia.com\/noticias-de-hidalgo\/wp-json\/wp\/v2\/media?parent=601465"}],"wp:term":[{"taxonomy":"category","embeddable":true,"href":"https:\/\/www.zunoticia.com\/noticias-de-hidalgo\/wp-json\/wp\/v2\/categories?post=601465"},{"taxonomy":"post_tag","embeddable":true,"href":"https:\/\/www.zunoticia.com\/noticias-de-hidalgo\/wp-json\/wp\/v2\/tags?post=601465"}],"curies":[{"name":"wp","href":"https:\/\/api.w.org\/{rel}","templated":true}]}}