{"id":601480,"date":"2025-07-27T20:15:30","date_gmt":"2025-07-28T02:15:30","guid":{"rendered":"https:\/\/www.zunoticia.com\/noticias-de-hidalgo\/?p=601480"},"modified":"2025-07-27T20:15:40","modified_gmt":"2025-07-28T02:15:40","slug":"feligreses-realizan-procesion-de-ixcatlan-a-la-parroquia-de-tehuetlan","status":"publish","type":"post","link":"https:\/\/www.zunoticia.com\/noticias-de-hidalgo\/2025\/07\/27\/feligreses-realizan-procesion-de-ixcatlan-a-la-parroquia-de-tehuetlan\/","title":{"rendered":"Feligreses realizan procesi\u00f3n de Ixcatl\u00e1n a la parroquia de Tehuetl\u00e1n"},"content":{"rendered":"<aside class=\"mashsb-container mashsb-main mashsb-stretched\"><div class=\"mashsb-box\"><div class=\"mashsb-count mash-large\" style=\"float:left\"><div class=\"counts mashsbcount\">0<\/div><span class=\"mashsb-sharetext\">SHARES<\/span><\/div><div class=\"mashsb-buttons\"><a class=\"mashicon-facebook mash-large mash-center mashsb-noshadow\" href=\"https:\/\/www.facebook.com\/sharer.php?u=https%3A%2F%2Fwww.zunoticia.com%2Fnoticias-de-hidalgo%2F2025%2F07%2F27%2Ffeligreses-realizan-procesion-de-ixcatlan-a-la-parroquia-de-tehuetlan%2F\" target=\"_top\" rel=\"nofollow\"><span class=\"icon\"><\/span><span class=\"text\">Share<\/span><\/a><a class=\"mashicon-twitter mash-large mash-center mashsb-noshadow\" href=\"https:\/\/twitter.com\/intent\/tweet?text=&amp;url=https:\/\/www.zunoticia.com\/noticias-de-hidalgo\/2025\/07\/27\/feligreses-realizan-procesion-de-ixcatlan-a-la-parroquia-de-tehuetlan\/\" target=\"_top\" rel=\"nofollow\"><span class=\"icon\"><\/span><span class=\"text\">Tweet<\/span><\/a><div class=\"onoffswitch2 mash-large mashsb-noshadow\" style=\"display:none\"><\/div><\/div>\n            <\/div>\n                <div style=\"clear:both\"><\/div><div class=\"mashsb-toggle-container\"><\/div><\/aside>\n            <!-- Share buttons by mashshare.net - Version: 4.0.47-->\n<p><em>Por Gabriela Hern\u00e1ndez\/Zunoticia<\/em><\/p>\n\n\n\n<p><strong>Huejutla, Hgo.-<\/strong> Cada a\u00f1o los feligreses cat\u00f3licos se re\u00fanen en la Cuasiparroquia San Nicol\u00e1s de Tolentino de Ixcatl\u00e1n para realizar una peregrinaci\u00f3n que concluye en la parroquia de San Jos\u00e9 de Tehuetl\u00e1n, con la finalidad de una indulgencia.<\/p>\n\n\n\n<p>Al frente, la imagen de San Nicolas de Tolentino y de tras m\u00e1s de un centenar de personas caminaban con gran fervor y al ritmo del viol\u00edn las inditas bailaban y entonaban canticos para mostrar la algarab\u00eda de esta procesi\u00f3n.<\/p>\n\n\n\n<figure class=\"wp-block-image size-large\"><img fetchpriority=\"high\" decoding=\"async\" width=\"1024\" height=\"576\" src=\"https:\/\/www.zunoticia.com\/noticias-de-hidalgo\/wp-content\/uploads\/2025\/07\/eZy-Watermark_27-07-2025_06-27-26-5970p.m-1024x576.jpg\" alt=\"\" class=\"wp-image-601463\" srcset=\"https:\/\/www.zunoticia.com\/noticias-de-hidalgo\/wp-content\/uploads\/2025\/07\/eZy-Watermark_27-07-2025_06-27-26-5970p.m-1024x576.jpg 1024w, https:\/\/www.zunoticia.com\/noticias-de-hidalgo\/wp-content\/uploads\/2025\/07\/eZy-Watermark_27-07-2025_06-27-26-5970p.m-300x169.jpg 300w, https:\/\/www.zunoticia.com\/noticias-de-hidalgo\/wp-content\/uploads\/2025\/07\/eZy-Watermark_27-07-2025_06-27-26-5970p.m-768x432.jpg 768w, https:\/\/www.zunoticia.com\/noticias-de-hidalgo\/wp-content\/uploads\/2025\/07\/eZy-Watermark_27-07-2025_06-27-26-5970p.m-1536x864.jpg 1536w, https:\/\/www.zunoticia.com\/noticias-de-hidalgo\/wp-content\/uploads\/2025\/07\/eZy-Watermark_27-07-2025_06-27-26-5970p.m-1568x882.jpg 1568w, https:\/\/www.zunoticia.com\/noticias-de-hidalgo\/wp-content\/uploads\/2025\/07\/eZy-Watermark_27-07-2025_06-27-26-5970p.m.jpg 1600w\" sizes=\"(max-width: 1024px) 100vw, 1024px\" \/><\/figure>\n\n\n\n<p>La pirotecnia jug\u00f3 un gran papel, ya que durante todo el recorrido una comitiva encend\u00eda la mecha de los cohetes que sub\u00edan al cielo y que con su estruendo anunciaba su paso.<\/p>\n\n\n\n<p>Apoyados por elementos de Seguridad P\u00fablica y Tr\u00e1nsito Municipal, as\u00ed como los cuerpos de emergencia que estuvieron en total coordinaci\u00f3n durante el recorrido, esta actividad resulto sin ninguna complicaci\u00f3n.<\/p>\n\n\n\n<figure class=\"wp-block-image size-large\"><img decoding=\"async\" width=\"1024\" height=\"576\" src=\"https:\/\/www.zunoticia.com\/noticias-de-hidalgo\/wp-content\/uploads\/2025\/07\/eZy-Watermark_27-07-2025_06-26-59-4460p.m-1024x576.jpg\" alt=\"\" class=\"wp-image-601461\" srcset=\"https:\/\/www.zunoticia.com\/noticias-de-hidalgo\/wp-content\/uploads\/2025\/07\/eZy-Watermark_27-07-2025_06-26-59-4460p.m-1024x576.jpg 1024w, https:\/\/www.zunoticia.com\/noticias-de-hidalgo\/wp-content\/uploads\/2025\/07\/eZy-Watermark_27-07-2025_06-26-59-4460p.m-300x169.jpg 300w, https:\/\/www.zunoticia.com\/noticias-de-hidalgo\/wp-content\/uploads\/2025\/07\/eZy-Watermark_27-07-2025_06-26-59-4460p.m-768x432.jpg 768w, https:\/\/www.zunoticia.com\/noticias-de-hidalgo\/wp-content\/uploads\/2025\/07\/eZy-Watermark_27-07-2025_06-26-59-4460p.m-1536x864.jpg 1536w, https:\/\/www.zunoticia.com\/noticias-de-hidalgo\/wp-content\/uploads\/2025\/07\/eZy-Watermark_27-07-2025_06-26-59-4460p.m-1568x882.jpg 1568w, https:\/\/www.zunoticia.com\/noticias-de-hidalgo\/wp-content\/uploads\/2025\/07\/eZy-Watermark_27-07-2025_06-26-59-4460p.m.jpg 1600w\" sizes=\"(max-width: 1024px) 100vw, 1024px\" \/><\/figure>\n\n\n\n<p>Al llegar a su destino los feligreses realizaron oraci\u00f3n y compartieron el pan y la&nbsp;sal&nbsp;en&nbsp;unidad.<\/p>\n","protected":false},"excerpt":{"rendered":"<p>Por Gabriela Hern\u00e1ndez\/Zunoticia Huejutla, Hgo.- Cada a\u00f1o los feligreses cat\u00f3licos se re\u00fanen en la Cuasiparroquia San Nicol\u00e1s de Tolentino de Ixcatl\u00e1n para realizar una peregrinaci\u00f3n que concluye en la parroquia de San Jos\u00e9 de Tehuetl\u00e1n, con la finalidad de una indulgencia. Al frente, la imagen de San Nicolas de Tolentino y de tras m\u00e1s de&hellip; <a class=\"more-link\" href=\"https:\/\/www.zunoticia.com\/noticias-de-hidalgo\/2025\/07\/27\/feligreses-realizan-procesion-de-ixcatlan-a-la-parroquia-de-tehuetlan\/\">Seguir leyendo <span class=\"screen-reader-text\">Feligreses realizan procesi\u00f3n de Ixcatl\u00e1n a la parroquia de Tehuetl\u00e1n<\/span><\/a><\/p>\n","protected":false},"author":12,"featured_media":601462,"comment_status":"open","ping_status":"open","sticky":false,"template":"","format":"standard","meta":{"rop_custom_images_group":[],"rop_custom_messages_group":[],"rop_publish_now":"initial","rop_publish_now_accounts":{"facebook_10159540855086992_322828327761733":""},"rop_publish_now_history":[],"rop_publish_now_status":"pending","footnotes":""},"categories":[181],"tags":[121],"class_list":["post-601480","post","type-post","status-publish","format-standard","has-post-thumbnail","hentry","category-huejutla","tag-huejutla","entry"],"_links":{"self":[{"href":"https:\/\/www.zunoticia.com\/noticias-de-hidalgo\/wp-json\/wp\/v2\/posts\/601480","targetHints":{"allow":["GET"]}}],"collection":[{"href":"https:\/\/www.zunoticia.com\/noticias-de-hidalgo\/wp-json\/wp\/v2\/posts"}],"about":[{"href":"https:\/\/www.zunoticia.com\/noticias-de-hidalgo\/wp-json\/wp\/v2\/types\/post"}],"author":[{"embeddable":true,"href":"https:\/\/www.zunoticia.com\/noticias-de-hidalgo\/wp-json\/wp\/v2\/users\/12"}],"replies":[{"embeddable":true,"href":"https:\/\/www.zunoticia.com\/noticias-de-hidalgo\/wp-json\/wp\/v2\/comments?post=601480"}],"version-history":[{"count":1,"href":"https:\/\/www.zunoticia.com\/noticias-de-hidalgo\/wp-json\/wp\/v2\/posts\/601480\/revisions"}],"predecessor-version":[{"id":601481,"href":"https:\/\/www.zunoticia.com\/noticias-de-hidalgo\/wp-json\/wp\/v2\/posts\/601480\/revisions\/601481"}],"wp:featuredmedia":[{"embeddable":true,"href":"https:\/\/www.zunoticia.com\/noticias-de-hidalgo\/wp-json\/wp\/v2\/media\/601462"}],"wp:attachment":[{"href":"https:\/\/www.zunoticia.com\/noticias-de-hidalgo\/wp-json\/wp\/v2\/media?parent=601480"}],"wp:term":[{"taxonomy":"category","embeddable":true,"href":"https:\/\/www.zunoticia.com\/noticias-de-hidalgo\/wp-json\/wp\/v2\/categories?post=601480"},{"taxonomy":"post_tag","embeddable":true,"href":"https:\/\/www.zunoticia.com\/noticias-de-hidalgo\/wp-json\/wp\/v2\/tags?post=601480"}],"curies":[{"name":"wp","href":"https:\/\/api.w.org\/{rel}","templated":true}]}}