{"id":601485,"date":"2025-07-27T20:36:55","date_gmt":"2025-07-28T02:36:55","guid":{"rendered":"https:\/\/www.zunoticia.com\/noticias-de-hidalgo\/?p=601485"},"modified":"2025-07-27T20:36:56","modified_gmt":"2025-07-28T02:36:56","slug":"dif-de-san-felipe-se-suma-al-certamen-la-flor-especial-mas-bella-de-mexico","status":"publish","type":"post","link":"https:\/\/www.zunoticia.com\/noticias-de-hidalgo\/2025\/07\/27\/dif-de-san-felipe-se-suma-al-certamen-la-flor-especial-mas-bella-de-mexico\/","title":{"rendered":"DIF de San Felipe se suma al certamen \u201cLa Flor Especial M\u00e1s Bella de M\u00e9xico\u201d"},"content":{"rendered":"<aside class=\"mashsb-container mashsb-main mashsb-stretched\"><div class=\"mashsb-box\"><div class=\"mashsb-count mash-large\" style=\"float:left\"><div class=\"counts mashsbcount\">0<\/div><span class=\"mashsb-sharetext\">SHARES<\/span><\/div><div class=\"mashsb-buttons\"><a class=\"mashicon-facebook mash-large mash-center mashsb-noshadow\" href=\"https:\/\/www.facebook.com\/sharer.php?u=https%3A%2F%2Fwww.zunoticia.com%2Fnoticias-de-hidalgo%2F2025%2F07%2F27%2Fdif-de-san-felipe-se-suma-al-certamen-la-flor-especial-mas-bella-de-mexico%2F\" target=\"_top\" rel=\"nofollow\"><span class=\"icon\"><\/span><span class=\"text\">Share<\/span><\/a><a class=\"mashicon-twitter mash-large mash-center mashsb-noshadow\" href=\"https:\/\/twitter.com\/intent\/tweet?text=&amp;url=https:\/\/www.zunoticia.com\/noticias-de-hidalgo\/2025\/07\/27\/dif-de-san-felipe-se-suma-al-certamen-la-flor-especial-mas-bella-de-mexico\/\" target=\"_top\" rel=\"nofollow\"><span class=\"icon\"><\/span><span class=\"text\">Tweet<\/span><\/a><div class=\"onoffswitch2 mash-large mashsb-noshadow\" style=\"display:none\"><\/div><\/div>\n            <\/div>\n                <div style=\"clear:both\"><\/div><div class=\"mashsb-toggle-container\"><\/div><\/aside>\n            <!-- Share buttons by mashshare.net - Version: 4.0.47-->\n<p><em>Por Karen Rivera\/Zunoticia<\/em><\/p>\n\n\n\n<p><strong>Huejutla de Reyes, Hgo.-<\/strong> El pasado viernes, representantes del certamen de belleza inclusivo \u201cLa Flor Especial M\u00e1s Bella de M\u00e9xico\u201d, visitaron las instalaciones del DIF municipal de San Felipe, donde fueron recibidos por la presidenta del organismo, Ana Karen Cruz L\u00f3pez.<\/p>\n\n\n\n<p>Durante el encuentro, se entreg\u00f3 formalmente la convocatoria para que el municipio tenga una representante en la edici\u00f3n nacional del certamen, cuya finalidad es visibilizar y celebrar la belleza de j\u00f3venes con discapacidad.<\/p>\n\n\n\n<p>El equipo organizador agradeci\u00f3 profundamente la empat\u00eda y disposici\u00f3n mostrada por la titular del DIF, quien de inmediato canaliz\u00f3 la informaci\u00f3n al \u00e1rea correspondiente para comenzar la difusi\u00f3n.<\/p>\n\n\n\n<p>\u201cNos dio una gran alegr\u00eda el recibimiento tan humano y c\u00e1lido de la doctora Ana Karen. Agradecemos su inter\u00e9s genuino y el apoyo para motivar a que alguna jovencita del municipio participe en este certamen que promueve la inclusi\u00f3n\u201d, comparti\u00f3 Jazm\u00edn Fern\u00e1ndez, Coordinadora Estatal del certamen \u201cLa Flor Especial M\u00e1s Bella de Hidalgo\u201d.<\/p>\n\n\n\n<figure class=\"wp-block-image size-large\"><img fetchpriority=\"high\" decoding=\"async\" width=\"1024\" height=\"768\" src=\"https:\/\/www.zunoticia.com\/noticias-de-hidalgo\/wp-content\/uploads\/2025\/07\/eZy-Watermark_27-07-2025_06-32-50-6050p.m-1024x768.jpg\" alt=\"\" class=\"wp-image-601469\" srcset=\"https:\/\/www.zunoticia.com\/noticias-de-hidalgo\/wp-content\/uploads\/2025\/07\/eZy-Watermark_27-07-2025_06-32-50-6050p.m-1024x768.jpg 1024w, https:\/\/www.zunoticia.com\/noticias-de-hidalgo\/wp-content\/uploads\/2025\/07\/eZy-Watermark_27-07-2025_06-32-50-6050p.m-300x225.jpg 300w, https:\/\/www.zunoticia.com\/noticias-de-hidalgo\/wp-content\/uploads\/2025\/07\/eZy-Watermark_27-07-2025_06-32-50-6050p.m-768x576.jpg 768w, https:\/\/www.zunoticia.com\/noticias-de-hidalgo\/wp-content\/uploads\/2025\/07\/eZy-Watermark_27-07-2025_06-32-50-6050p.m-1536x1152.jpg 1536w, https:\/\/www.zunoticia.com\/noticias-de-hidalgo\/wp-content\/uploads\/2025\/07\/eZy-Watermark_27-07-2025_06-32-50-6050p.m-2048x1536.jpg 2048w, https:\/\/www.zunoticia.com\/noticias-de-hidalgo\/wp-content\/uploads\/2025\/07\/eZy-Watermark_27-07-2025_06-32-50-6050p.m-1568x1176.jpg 1568w\" sizes=\"(max-width: 1024px) 100vw, 1024px\" \/><\/figure>\n\n\n\n<p>En el evento tambi\u00e9n estuvieron presentes &#8220;Super Cuate&#8221;, personaje motivacional, y B\u00e1rbara Charlisse Rodr\u00edguez Garc\u00eda, actual representante de Hidalgo en el certamen nacional, quien ha sido invitada a pr\u00f3ximos eventos y proyectos de alto impacto.<\/p>\n\n\n\n<p>Finalmente, Jazm\u00edn Fern\u00e1ndez extendi\u00f3 un agradecimiento especial a \u00c1ngel Mijail, miembro del equipo de coordinaci\u00f3n estatal, por su constante apoyo en la elaboraci\u00f3n de materiales informativos como flyers y formatos de inscripci\u00f3n.<\/p>\n\n\n\n<p>Con esta colaboraci\u00f3n, el certamen contin\u00faa consolid\u00e1ndose como una plataforma inclusiva y transformadora que abre espacios a nivel local, estatal y nacional.<\/p>\n","protected":false},"excerpt":{"rendered":"<p>Por Karen Rivera\/Zunoticia Huejutla de Reyes, Hgo.- El pasado viernes, representantes del certamen de belleza inclusivo \u201cLa Flor Especial M\u00e1s Bella de M\u00e9xico\u201d, visitaron las instalaciones del DIF municipal de San Felipe, donde fueron recibidos por la presidenta del organismo, Ana Karen Cruz L\u00f3pez. Durante el encuentro, se entreg\u00f3 formalmente la convocatoria para que el&hellip; <a class=\"more-link\" href=\"https:\/\/www.zunoticia.com\/noticias-de-hidalgo\/2025\/07\/27\/dif-de-san-felipe-se-suma-al-certamen-la-flor-especial-mas-bella-de-mexico\/\">Seguir leyendo <span class=\"screen-reader-text\">DIF de San Felipe se suma al certamen \u201cLa Flor Especial M\u00e1s Bella de M\u00e9xico\u201d<\/span><\/a><\/p>\n","protected":false},"author":12,"featured_media":601468,"comment_status":"open","ping_status":"open","sticky":false,"template":"","format":"standard","meta":{"rop_custom_images_group":[],"rop_custom_messages_group":[],"rop_publish_now":"initial","rop_publish_now_accounts":{"facebook_10159540855086992_322828327761733":""},"rop_publish_now_history":[],"rop_publish_now_status":"pending","footnotes":""},"categories":[181],"tags":[121],"class_list":["post-601485","post","type-post","status-publish","format-standard","has-post-thumbnail","hentry","category-huejutla","tag-huejutla","entry"],"_links":{"self":[{"href":"https:\/\/www.zunoticia.com\/noticias-de-hidalgo\/wp-json\/wp\/v2\/posts\/601485","targetHints":{"allow":["GET"]}}],"collection":[{"href":"https:\/\/www.zunoticia.com\/noticias-de-hidalgo\/wp-json\/wp\/v2\/posts"}],"about":[{"href":"https:\/\/www.zunoticia.com\/noticias-de-hidalgo\/wp-json\/wp\/v2\/types\/post"}],"author":[{"embeddable":true,"href":"https:\/\/www.zunoticia.com\/noticias-de-hidalgo\/wp-json\/wp\/v2\/users\/12"}],"replies":[{"embeddable":true,"href":"https:\/\/www.zunoticia.com\/noticias-de-hidalgo\/wp-json\/wp\/v2\/comments?post=601485"}],"version-history":[{"count":1,"href":"https:\/\/www.zunoticia.com\/noticias-de-hidalgo\/wp-json\/wp\/v2\/posts\/601485\/revisions"}],"predecessor-version":[{"id":601487,"href":"https:\/\/www.zunoticia.com\/noticias-de-hidalgo\/wp-json\/wp\/v2\/posts\/601485\/revisions\/601487"}],"wp:featuredmedia":[{"embeddable":true,"href":"https:\/\/www.zunoticia.com\/noticias-de-hidalgo\/wp-json\/wp\/v2\/media\/601468"}],"wp:attachment":[{"href":"https:\/\/www.zunoticia.com\/noticias-de-hidalgo\/wp-json\/wp\/v2\/media?parent=601485"}],"wp:term":[{"taxonomy":"category","embeddable":true,"href":"https:\/\/www.zunoticia.com\/noticias-de-hidalgo\/wp-json\/wp\/v2\/categories?post=601485"},{"taxonomy":"post_tag","embeddable":true,"href":"https:\/\/www.zunoticia.com\/noticias-de-hidalgo\/wp-json\/wp\/v2\/tags?post=601485"}],"curies":[{"name":"wp","href":"https:\/\/api.w.org\/{rel}","templated":true}]}}