{"id":603542,"date":"2025-08-14T09:35:37","date_gmt":"2025-08-14T15:35:37","guid":{"rendered":"https:\/\/www.zunoticia.com\/noticias-de-hidalgo\/?p=603542"},"modified":"2025-08-14T09:40:50","modified_gmt":"2025-08-14T15:40:50","slug":"impartiran-curso-regional-del-cultivo-de-micelio-ceca","status":"publish","type":"post","link":"https:\/\/www.zunoticia.com\/noticias-de-hidalgo\/2025\/08\/14\/impartiran-curso-regional-del-cultivo-de-micelio-ceca\/","title":{"rendered":"Impartir\u00e1n curso regional del cultivo de Micelio: CECA"},"content":{"rendered":"<aside class=\"mashsb-container mashsb-main mashsb-stretched\"><div class=\"mashsb-box\"><div class=\"mashsb-count mash-large\" style=\"float:left\"><div class=\"counts mashsbcount\">0<\/div><span class=\"mashsb-sharetext\">SHARES<\/span><\/div><div class=\"mashsb-buttons\"><a class=\"mashicon-facebook mash-large mash-center mashsb-noshadow\" href=\"https:\/\/www.facebook.com\/sharer.php?u=https%3A%2F%2Fwww.zunoticia.com%2Fnoticias-de-hidalgo%2F2025%2F08%2F14%2Fimpartiran-curso-regional-del-cultivo-de-micelio-ceca%2F\" target=\"_top\" rel=\"nofollow\"><span class=\"icon\"><\/span><span class=\"text\">Share<\/span><\/a><a class=\"mashicon-twitter mash-large mash-center mashsb-noshadow\" href=\"https:\/\/twitter.com\/intent\/tweet?text=&amp;url=https:\/\/www.zunoticia.com\/noticias-de-hidalgo\/2025\/08\/14\/impartiran-curso-regional-del-cultivo-de-micelio-ceca\/\" target=\"_top\" rel=\"nofollow\"><span class=\"icon\"><\/span><span class=\"text\">Tweet<\/span><\/a><div class=\"onoffswitch2 mash-large mashsb-noshadow\" style=\"display:none\"><\/div><\/div>\n            <\/div>\n                <div style=\"clear:both\"><\/div><div class=\"mashsb-toggle-container\"><\/div><\/aside>\n            <!-- Share buttons by mashshare.net - Version: 4.0.47-->\n<p><em>Por Enedino Hern\u00e1ndez Alonso\/Zunoticia<\/em><\/p>\n\n\n\n<p><strong>Huejutla, Hidalgo. &#8211;<\/strong> El subdirector del Centro de Educaci\u00f3n y Capacitaci\u00f3n Ambiental de la Regi\u00f3n Huasteca (CECAH) Nicol\u00e1s Reyes Ramos; confirma que ya se encuentra todo preparado para el curso regional de cultivo de Micelio o de Hongo Seta el cual se implementar\u00e1 los d\u00edas 10 y 11 de septiembre.<\/p>\n\n\n\n<p>Adelanta que el curso regional se impartir\u00e1 de manera te\u00f3rica y pr\u00e1ctica, pero sobre todo con el seguimiento necesario hasta complementar los conocimientos que se requieren en cuanto al cultivo de Micelio o de Hongo Seta.<\/p>\n\n\n\n<p>Indica que estas acciones van enfocadas en fortalecer estos cultivos, y va dirigido a los responsables de Ecolog\u00eda y Sustentabilidad de los diez municipios que comprenden el \u00e1rea de influencia del CECAH.<\/p>\n\n\n\n<p>Asimismo, se\u00f1ala que una vez que se realice el curso regional se espera que estos conocimientos sean transmitidos de una manera eficiencia en cada uno de los municipios de esta regi\u00f3n de la Huasteca.<\/p>\n\n\n\n<p>Subraya que durante el curso regional se enfocar\u00e1 en el aspecto te\u00f3rico y pr\u00e1ctico, en donde se tendr\u00e1 una clara muestra de todo el proceso que se sigue para el cultivo de Micelio o de hongos Seta.<\/p>\n\n\n\n<p><\/p>\n\n\n\n<p><\/p>\n\n\n\n<p><\/p>\n\n\n\n<p><\/p>\n\n\n\n<p><\/p>\n","protected":false},"excerpt":{"rendered":"<p>Por Enedino Hern\u00e1ndez Alonso\/Zunoticia Huejutla, Hidalgo. &#8211; El subdirector del Centro de Educaci\u00f3n y Capacitaci\u00f3n Ambiental de la Regi\u00f3n Huasteca (CECAH) Nicol\u00e1s Reyes Ramos; confirma que ya se encuentra todo preparado para el curso regional de cultivo de Micelio o de Hongo Seta el cual se implementar\u00e1 los d\u00edas 10 y 11 de septiembre. Adelanta&hellip; <a class=\"more-link\" href=\"https:\/\/www.zunoticia.com\/noticias-de-hidalgo\/2025\/08\/14\/impartiran-curso-regional-del-cultivo-de-micelio-ceca\/\">Seguir leyendo <span class=\"screen-reader-text\">Impartir\u00e1n curso regional del cultivo de Micelio: CECA<\/span><\/a><\/p>\n","protected":false},"author":23,"featured_media":603543,"comment_status":"open","ping_status":"open","sticky":false,"template":"","format":"standard","meta":{"rop_custom_images_group":[],"rop_custom_messages_group":[],"rop_publish_now":"initial","rop_publish_now_accounts":{"facebook_10159540855086992_322828327761733":""},"rop_publish_now_history":[],"rop_publish_now_status":"pending","footnotes":""},"categories":[181],"tags":[121],"class_list":["post-603542","post","type-post","status-publish","format-standard","has-post-thumbnail","hentry","category-huejutla","tag-huejutla","entry"],"_links":{"self":[{"href":"https:\/\/www.zunoticia.com\/noticias-de-hidalgo\/wp-json\/wp\/v2\/posts\/603542","targetHints":{"allow":["GET"]}}],"collection":[{"href":"https:\/\/www.zunoticia.com\/noticias-de-hidalgo\/wp-json\/wp\/v2\/posts"}],"about":[{"href":"https:\/\/www.zunoticia.com\/noticias-de-hidalgo\/wp-json\/wp\/v2\/types\/post"}],"author":[{"embeddable":true,"href":"https:\/\/www.zunoticia.com\/noticias-de-hidalgo\/wp-json\/wp\/v2\/users\/23"}],"replies":[{"embeddable":true,"href":"https:\/\/www.zunoticia.com\/noticias-de-hidalgo\/wp-json\/wp\/v2\/comments?post=603542"}],"version-history":[{"count":2,"href":"https:\/\/www.zunoticia.com\/noticias-de-hidalgo\/wp-json\/wp\/v2\/posts\/603542\/revisions"}],"predecessor-version":[{"id":603546,"href":"https:\/\/www.zunoticia.com\/noticias-de-hidalgo\/wp-json\/wp\/v2\/posts\/603542\/revisions\/603546"}],"wp:featuredmedia":[{"embeddable":true,"href":"https:\/\/www.zunoticia.com\/noticias-de-hidalgo\/wp-json\/wp\/v2\/media\/603543"}],"wp:attachment":[{"href":"https:\/\/www.zunoticia.com\/noticias-de-hidalgo\/wp-json\/wp\/v2\/media?parent=603542"}],"wp:term":[{"taxonomy":"category","embeddable":true,"href":"https:\/\/www.zunoticia.com\/noticias-de-hidalgo\/wp-json\/wp\/v2\/categories?post=603542"},{"taxonomy":"post_tag","embeddable":true,"href":"https:\/\/www.zunoticia.com\/noticias-de-hidalgo\/wp-json\/wp\/v2\/tags?post=603542"}],"curies":[{"name":"wp","href":"https:\/\/api.w.org\/{rel}","templated":true}]}}