{"id":603556,"date":"2025-08-14T12:47:09","date_gmt":"2025-08-14T18:47:09","guid":{"rendered":"https:\/\/www.zunoticia.com\/noticias-de-hidalgo\/?p=603556"},"modified":"2025-08-14T12:47:11","modified_gmt":"2025-08-14T18:47:11","slug":"fieles-catolicos-de-teacal-se-llevan-al-padre-jesus-a-una-velacion","status":"publish","type":"post","link":"https:\/\/www.zunoticia.com\/noticias-de-hidalgo\/2025\/08\/14\/fieles-catolicos-de-teacal-se-llevan-al-padre-jesus-a-una-velacion\/","title":{"rendered":"Fieles cat\u00f3licos de Teacal se llevan al Padre Jes\u00fas a una Velaci\u00f3n"},"content":{"rendered":"<aside class=\"mashsb-container mashsb-main mashsb-stretched\"><div class=\"mashsb-box\"><div class=\"mashsb-count mash-large\" style=\"float:left\"><div class=\"counts mashsbcount\">0<\/div><span class=\"mashsb-sharetext\">SHARES<\/span><\/div><div class=\"mashsb-buttons\"><a class=\"mashicon-facebook mash-large mash-center mashsb-noshadow\" href=\"https:\/\/www.facebook.com\/sharer.php?u=https%3A%2F%2Fwww.zunoticia.com%2Fnoticias-de-hidalgo%2F2025%2F08%2F14%2Ffieles-catolicos-de-teacal-se-llevan-al-padre-jesus-a-una-velacion%2F\" target=\"_top\" rel=\"nofollow\"><span class=\"icon\"><\/span><span class=\"text\">Share<\/span><\/a><a class=\"mashicon-twitter mash-large mash-center mashsb-noshadow\" href=\"https:\/\/twitter.com\/intent\/tweet?text=&amp;url=https:\/\/www.zunoticia.com\/noticias-de-hidalgo\/2025\/08\/14\/fieles-catolicos-de-teacal-se-llevan-al-padre-jesus-a-una-velacion\/\" target=\"_top\" rel=\"nofollow\"><span class=\"icon\"><\/span><span class=\"text\">Tweet<\/span><\/a><div class=\"onoffswitch2 mash-large mashsb-noshadow\" style=\"display:none\"><\/div><\/div>\n            <\/div>\n                <div style=\"clear:both\"><\/div><div class=\"mashsb-toggle-container\"><\/div><\/aside>\n            <!-- Share buttons by mashshare.net - Version: 4.0.47-->\n<p><em>Por Enedino Hern\u00e1ndez Alonso\/Zunoticia<\/em><\/p>\n\n\n\n<p><strong>Huejutla, Hgo<\/strong>.- Decenas de fieles cat\u00f3licos de la poblaci\u00f3n de Teacal se llevaron en Procesi\u00f3n al Padre Jes\u00fas a una Velaci\u00f3n.<\/p>\n\n\n\n<p>En su recorrido que inici\u00f3 desde del Sagrario Catedral en Huejutla, los fieles cat\u00f3licos fueron acompa\u00f1ados por la Imperial Banda Los Reyes, la Danza Xochitines, Los Coyotes de Contepec II y un grupo de Inditas.<\/p>\n\n\n\n<p>Finalmente se destaca que, de esta manera los fieles cat\u00f3licos de las comunidades ind\u00edgenas de la huasteca fortalecen la fe cat\u00f3lica, con Procesiones y Velaciones.<\/p>\n\n\n\n<figure class=\"wp-block-image size-full\"><img fetchpriority=\"high\" decoding=\"async\" width=\"933\" height=\"524\" src=\"https:\/\/www.zunoticia.com\/noticias-de-hidalgo\/wp-content\/uploads\/2025\/08\/Zunoticia-Huejutla-1-139.png\" alt=\"\" class=\"wp-image-603558\" srcset=\"https:\/\/www.zunoticia.com\/noticias-de-hidalgo\/wp-content\/uploads\/2025\/08\/Zunoticia-Huejutla-1-139.png 933w, https:\/\/www.zunoticia.com\/noticias-de-hidalgo\/wp-content\/uploads\/2025\/08\/Zunoticia-Huejutla-1-139-300x168.png 300w, https:\/\/www.zunoticia.com\/noticias-de-hidalgo\/wp-content\/uploads\/2025\/08\/Zunoticia-Huejutla-1-139-768x431.png 768w\" sizes=\"(max-width: 933px) 100vw, 933px\" \/><\/figure>\n","protected":false},"excerpt":{"rendered":"<p>Por Enedino Hern\u00e1ndez Alonso\/Zunoticia Huejutla, Hgo.- Decenas de fieles cat\u00f3licos de la poblaci\u00f3n de Teacal se llevaron en Procesi\u00f3n al Padre Jes\u00fas a una Velaci\u00f3n. En su recorrido que inici\u00f3 desde del Sagrario Catedral en Huejutla, los fieles cat\u00f3licos fueron acompa\u00f1ados por la Imperial Banda Los Reyes, la Danza Xochitines, Los Coyotes de Contepec II&hellip; <a class=\"more-link\" href=\"https:\/\/www.zunoticia.com\/noticias-de-hidalgo\/2025\/08\/14\/fieles-catolicos-de-teacal-se-llevan-al-padre-jesus-a-una-velacion\/\">Seguir leyendo <span class=\"screen-reader-text\">Fieles cat\u00f3licos de Teacal se llevan al Padre Jes\u00fas a una Velaci\u00f3n<\/span><\/a><\/p>\n","protected":false},"author":20,"featured_media":603557,"comment_status":"open","ping_status":"open","sticky":false,"template":"","format":"standard","meta":{"rop_custom_images_group":[],"rop_custom_messages_group":[],"rop_publish_now":"initial","rop_publish_now_accounts":{"facebook_10159540855086992_322828327761733":""},"rop_publish_now_history":[],"rop_publish_now_status":"pending","footnotes":""},"categories":[181],"tags":[121],"class_list":["post-603556","post","type-post","status-publish","format-standard","has-post-thumbnail","hentry","category-huejutla","tag-huejutla","entry"],"_links":{"self":[{"href":"https:\/\/www.zunoticia.com\/noticias-de-hidalgo\/wp-json\/wp\/v2\/posts\/603556","targetHints":{"allow":["GET"]}}],"collection":[{"href":"https:\/\/www.zunoticia.com\/noticias-de-hidalgo\/wp-json\/wp\/v2\/posts"}],"about":[{"href":"https:\/\/www.zunoticia.com\/noticias-de-hidalgo\/wp-json\/wp\/v2\/types\/post"}],"author":[{"embeddable":true,"href":"https:\/\/www.zunoticia.com\/noticias-de-hidalgo\/wp-json\/wp\/v2\/users\/20"}],"replies":[{"embeddable":true,"href":"https:\/\/www.zunoticia.com\/noticias-de-hidalgo\/wp-json\/wp\/v2\/comments?post=603556"}],"version-history":[{"count":1,"href":"https:\/\/www.zunoticia.com\/noticias-de-hidalgo\/wp-json\/wp\/v2\/posts\/603556\/revisions"}],"predecessor-version":[{"id":603559,"href":"https:\/\/www.zunoticia.com\/noticias-de-hidalgo\/wp-json\/wp\/v2\/posts\/603556\/revisions\/603559"}],"wp:featuredmedia":[{"embeddable":true,"href":"https:\/\/www.zunoticia.com\/noticias-de-hidalgo\/wp-json\/wp\/v2\/media\/603557"}],"wp:attachment":[{"href":"https:\/\/www.zunoticia.com\/noticias-de-hidalgo\/wp-json\/wp\/v2\/media?parent=603556"}],"wp:term":[{"taxonomy":"category","embeddable":true,"href":"https:\/\/www.zunoticia.com\/noticias-de-hidalgo\/wp-json\/wp\/v2\/categories?post=603556"},{"taxonomy":"post_tag","embeddable":true,"href":"https:\/\/www.zunoticia.com\/noticias-de-hidalgo\/wp-json\/wp\/v2\/tags?post=603556"}],"curies":[{"name":"wp","href":"https:\/\/api.w.org\/{rel}","templated":true}]}}