{"id":603574,"date":"2025-08-14T17:17:24","date_gmt":"2025-08-14T23:17:24","guid":{"rendered":"https:\/\/www.zunoticia.com\/noticias-de-hidalgo\/?p=603574"},"modified":"2025-08-14T17:17:26","modified_gmt":"2025-08-14T23:17:26","slug":"el-cuerpo-de-bomberos-inicia-colecta-anual-para-conmemorar-su-dia-y-el-de-su-fundacion","status":"publish","type":"post","link":"https:\/\/www.zunoticia.com\/noticias-de-hidalgo\/2025\/08\/14\/el-cuerpo-de-bomberos-inicia-colecta-anual-para-conmemorar-su-dia-y-el-de-su-fundacion\/","title":{"rendered":"El Cuerpo de Bomberos inicia colecta anual para conmemorar su d\u00eda y el de su fundaci\u00f3n"},"content":{"rendered":"<aside class=\"mashsb-container mashsb-main mashsb-stretched\"><div class=\"mashsb-box\"><div class=\"mashsb-count mash-large\" style=\"float:left\"><div class=\"counts mashsbcount\">0<\/div><span class=\"mashsb-sharetext\">SHARES<\/span><\/div><div class=\"mashsb-buttons\"><a class=\"mashicon-facebook mash-large mash-center mashsb-noshadow\" href=\"https:\/\/www.facebook.com\/sharer.php?u=https%3A%2F%2Fwww.zunoticia.com%2Fnoticias-de-hidalgo%2F2025%2F08%2F14%2Fel-cuerpo-de-bomberos-inicia-colecta-anual-para-conmemorar-su-dia-y-el-de-su-fundacion%2F\" target=\"_top\" rel=\"nofollow\"><span class=\"icon\"><\/span><span class=\"text\">Share<\/span><\/a><a class=\"mashicon-twitter mash-large mash-center mashsb-noshadow\" href=\"https:\/\/twitter.com\/intent\/tweet?text=&amp;url=https:\/\/www.zunoticia.com\/noticias-de-hidalgo\/2025\/08\/14\/el-cuerpo-de-bomberos-inicia-colecta-anual-para-conmemorar-su-dia-y-el-de-su-fundacion\/\" target=\"_top\" rel=\"nofollow\"><span class=\"icon\"><\/span><span class=\"text\">Tweet<\/span><\/a><div class=\"onoffswitch2 mash-large mashsb-noshadow\" style=\"display:none\"><\/div><\/div>\n            <\/div>\n                <div style=\"clear:both\"><\/div><div class=\"mashsb-toggle-container\"><\/div><\/aside>\n            <!-- Share buttons by mashshare.net - Version: 4.0.47-->\n<p>Por Salvador Altamirano\/Zunoticia<\/p>\n\n\n\n<p><strong>Huejutla, Hgo<\/strong>.- El instructor del H. Cuerpo de Bomberos, Carlos Francisco Hidalgo Contreras, manifest\u00f3 que, ya iniciaron la colecta anual en establecimientos comerciales tendiente a conmemorar su d\u00eda nacional as\u00ed como el de la fundaci\u00f3n de la instituci\u00f3n en Huejutla.<\/p>\n\n\n\n<p>Explic\u00f3 que, para tal efecto, con la anuencia del presidente del Patronato ciudadano, Alfredo Fayad Mej\u00eda y de los comandantes Juvencio Elizaldi Gonz\u00e1lez y Jos\u00e9 Magaldi Rivera, primero y segundo, respectivamente, se elabor\u00f3 una solicitud para acudir a diferentes giros comerciales, cuyos due\u00f1os brindan su apoyo para que sigan subsistiendo.<\/p>\n\n\n\n<p>Explic\u00f3 que, las ayuda se las canalizan, ya sea de manera econ\u00f3mica o en especies, \u201ccomo son productos para un convivio, que llevamos a cabo cada 22 de agosto por ser el D\u00eda Nacional del Bombero y de nuestra fundaci\u00f3n, o herramientas necesarias en nuestra cotidiana labor\u201d.<\/p>\n\n\n\n<p>Aclar\u00f3 que, siempre han tenido una buena respuesta ciudadana, ya que no son una instituci\u00f3n federal, estatal o municipal, \u201csomos regidos por un patronato ciudadano que busca convenios con ayuntamientos y empresas de Huejutla, para seguir sirviendo al pueblo y a la regi\u00f3n, desde 1996, fecha de fundaci\u00f3n de nuestra organizaci\u00f3n\u201d.<\/p>\n\n\n\n<p>Respecto a la celebraci\u00f3n y conmemoraci\u00f3n, detall\u00f3 que el 22 de agosto por la ma\u00f1ana les ofician una misa en la Iglesia Catedral, en memoria de los compa\u00f1eros que han ca\u00eddo en el cumplimiento de su deber, aunque entre nuestros elementos -aclar\u00f3-, no ha habido ning\u00fan fallecido, s\u00ed de integrantes del patronato y de otras corporaciones, ya que se conmemora el &#8220;D\u00eda Nacional del Bombero&#8221;.<\/p>\n\n\n\n<p>Agreg\u00f3 que, posterior a la misa les ofrecen un desayuno en conocido restaurante local, y por la tarde, realizan un convivi\u00f3 en las instalaciones de la corporaci\u00f3n, durante el cual se lleva a cabo una rifa entre los compa\u00f1eros de una parte del recurso recaudado a trav\u00e9s de las solicitudes.<\/p>\n\n\n\n<p>Para concluir, Hidalgo Contreras especific\u00f3 que, el dinero recaudado tambi\u00e9n se utiliza para equipar la ambulancia, comprar refacciones para las unidades y equipos personales, por lo que se agradece -acentu\u00f3-, a quienes nos apoyan para seguir trabajando en beneficio de la ciudadan\u00eda.<\/p>\n","protected":false},"excerpt":{"rendered":"<p>Por Salvador Altamirano\/Zunoticia Huejutla, Hgo.- El instructor del H. Cuerpo de Bomberos, Carlos Francisco Hidalgo Contreras, manifest\u00f3 que, ya iniciaron la colecta anual en establecimientos comerciales tendiente a conmemorar su d\u00eda nacional as\u00ed como el de la fundaci\u00f3n de la instituci\u00f3n en Huejutla. Explic\u00f3 que, para tal efecto, con la anuencia del presidente del Patronato&hellip; <a class=\"more-link\" href=\"https:\/\/www.zunoticia.com\/noticias-de-hidalgo\/2025\/08\/14\/el-cuerpo-de-bomberos-inicia-colecta-anual-para-conmemorar-su-dia-y-el-de-su-fundacion\/\">Seguir leyendo <span class=\"screen-reader-text\">El Cuerpo de Bomberos inicia colecta anual para conmemorar su d\u00eda y el de su fundaci\u00f3n<\/span><\/a><\/p>\n","protected":false},"author":20,"featured_media":603575,"comment_status":"open","ping_status":"open","sticky":false,"template":"","format":"standard","meta":{"rop_custom_images_group":[],"rop_custom_messages_group":[],"rop_publish_now":"initial","rop_publish_now_accounts":{"facebook_10159540855086992_322828327761733":""},"rop_publish_now_history":[],"rop_publish_now_status":"pending","footnotes":""},"categories":[181],"tags":[121],"class_list":["post-603574","post","type-post","status-publish","format-standard","has-post-thumbnail","hentry","category-huejutla","tag-huejutla","entry"],"_links":{"self":[{"href":"https:\/\/www.zunoticia.com\/noticias-de-hidalgo\/wp-json\/wp\/v2\/posts\/603574","targetHints":{"allow":["GET"]}}],"collection":[{"href":"https:\/\/www.zunoticia.com\/noticias-de-hidalgo\/wp-json\/wp\/v2\/posts"}],"about":[{"href":"https:\/\/www.zunoticia.com\/noticias-de-hidalgo\/wp-json\/wp\/v2\/types\/post"}],"author":[{"embeddable":true,"href":"https:\/\/www.zunoticia.com\/noticias-de-hidalgo\/wp-json\/wp\/v2\/users\/20"}],"replies":[{"embeddable":true,"href":"https:\/\/www.zunoticia.com\/noticias-de-hidalgo\/wp-json\/wp\/v2\/comments?post=603574"}],"version-history":[{"count":1,"href":"https:\/\/www.zunoticia.com\/noticias-de-hidalgo\/wp-json\/wp\/v2\/posts\/603574\/revisions"}],"predecessor-version":[{"id":603576,"href":"https:\/\/www.zunoticia.com\/noticias-de-hidalgo\/wp-json\/wp\/v2\/posts\/603574\/revisions\/603576"}],"wp:featuredmedia":[{"embeddable":true,"href":"https:\/\/www.zunoticia.com\/noticias-de-hidalgo\/wp-json\/wp\/v2\/media\/603575"}],"wp:attachment":[{"href":"https:\/\/www.zunoticia.com\/noticias-de-hidalgo\/wp-json\/wp\/v2\/media?parent=603574"}],"wp:term":[{"taxonomy":"category","embeddable":true,"href":"https:\/\/www.zunoticia.com\/noticias-de-hidalgo\/wp-json\/wp\/v2\/categories?post=603574"},{"taxonomy":"post_tag","embeddable":true,"href":"https:\/\/www.zunoticia.com\/noticias-de-hidalgo\/wp-json\/wp\/v2\/tags?post=603574"}],"curies":[{"name":"wp","href":"https:\/\/api.w.org\/{rel}","templated":true}]}}