{"id":603577,"date":"2025-08-14T17:24:38","date_gmt":"2025-08-14T23:24:38","guid":{"rendered":"https:\/\/www.zunoticia.com\/noticias-de-hidalgo\/?p=603577"},"modified":"2025-08-14T17:24:41","modified_gmt":"2025-08-14T23:24:41","slug":"despacho-del-gobernador-y-teeh-firman-acuerdo-para-impulsar-profesionalizacion-de-servidores-publicos","status":"publish","type":"post","link":"https:\/\/www.zunoticia.com\/noticias-de-hidalgo\/2025\/08\/14\/despacho-del-gobernador-y-teeh-firman-acuerdo-para-impulsar-profesionalizacion-de-servidores-publicos\/","title":{"rendered":"Despacho del Gobernador y TEEH firman acuerdo para impulsar profesionalizaci\u00f3n de servidores p\u00fablicos"},"content":{"rendered":"<aside class=\"mashsb-container mashsb-main mashsb-stretched\"><div class=\"mashsb-box\"><div class=\"mashsb-count mash-large\" style=\"float:left\"><div class=\"counts mashsbcount\">0<\/div><span class=\"mashsb-sharetext\">SHARES<\/span><\/div><div class=\"mashsb-buttons\"><a class=\"mashicon-facebook mash-large mash-center mashsb-noshadow\" href=\"https:\/\/www.facebook.com\/sharer.php?u=https%3A%2F%2Fwww.zunoticia.com%2Fnoticias-de-hidalgo%2F2025%2F08%2F14%2Fdespacho-del-gobernador-y-teeh-firman-acuerdo-para-impulsar-profesionalizacion-de-servidores-publicos%2F\" target=\"_top\" rel=\"nofollow\"><span class=\"icon\"><\/span><span class=\"text\">Share<\/span><\/a><a class=\"mashicon-twitter mash-large mash-center mashsb-noshadow\" href=\"https:\/\/twitter.com\/intent\/tweet?text=&amp;url=https:\/\/www.zunoticia.com\/noticias-de-hidalgo\/2025\/08\/14\/despacho-del-gobernador-y-teeh-firman-acuerdo-para-impulsar-profesionalizacion-de-servidores-publicos\/\" target=\"_top\" rel=\"nofollow\"><span class=\"icon\"><\/span><span class=\"text\">Tweet<\/span><\/a><div class=\"onoffswitch2 mash-large mashsb-noshadow\" style=\"display:none\"><\/div><\/div>\n            <\/div>\n                <div style=\"clear:both\"><\/div><div class=\"mashsb-toggle-container\"><\/div><\/aside>\n            <!-- Share buttons by mashshare.net - Version: 4.0.47-->\n<p><em>Por Redacci\u00f3n\/Zunoticia<\/em><\/p>\n\n\n\n<p><strong>Pachuca de Soto, Hgo<\/strong>.- Con el compromiso de promover la capacitaci\u00f3n y la profesionalizaci\u00f3n continua de las personas servidoras p\u00fablicas, Alejandro Vel\u00e1zquez Mendoza, secretario del Despacho del Gobernador de Hidalgo, firm\u00f3 un convenio de colaboraci\u00f3n con el Tribunal Electoral del Estado de Hidalgo (TEEH), encabezado por el magistrado presidente Leodegario Hern\u00e1ndez Cortez.<\/p>\n\n\n\n<p>\u201cBajo la visi\u00f3n y el liderazgo del gobernador Julio Menchaca Salazar, hemos apostado por convertir la capacitaci\u00f3n en una pol\u00edtica de Estado; firme y sostenida. [\u2026] Consolidando una red de alianzas institucionales para formar cuadros t\u00e9cnicos con vocaci\u00f3n de servicio y con sentido democr\u00e1tico\u201d, destac\u00f3 Vel\u00e1zquez Mendoza.&nbsp;<\/p>\n\n\n\n<p>Finalmente, el funcionario estatal explic\u00f3 que esta alianza permitir\u00e1 que el personal del Gobierno de Hidalgo y del TEEH tenga acceso a m\u00e1s cursos, talleres, seminarios, diplomados, especialidades y un abanico de opciones para su capacitaci\u00f3n, actualizaci\u00f3n y formaci\u00f3n acad\u00e9mica<\/p>\n","protected":false},"excerpt":{"rendered":"<p>Por Redacci\u00f3n\/Zunoticia Pachuca de Soto, Hgo.- Con el compromiso de promover la capacitaci\u00f3n y la profesionalizaci\u00f3n continua de las personas servidoras p\u00fablicas, Alejandro Vel\u00e1zquez Mendoza, secretario del Despacho del Gobernador de Hidalgo, firm\u00f3 un convenio de colaboraci\u00f3n con el Tribunal Electoral del Estado de Hidalgo (TEEH), encabezado por el magistrado presidente Leodegario Hern\u00e1ndez Cortez. \u201cBajo&hellip; <a class=\"more-link\" href=\"https:\/\/www.zunoticia.com\/noticias-de-hidalgo\/2025\/08\/14\/despacho-del-gobernador-y-teeh-firman-acuerdo-para-impulsar-profesionalizacion-de-servidores-publicos\/\">Seguir leyendo <span class=\"screen-reader-text\">Despacho del Gobernador y TEEH firman acuerdo para impulsar profesionalizaci\u00f3n de servidores p\u00fablicos<\/span><\/a><\/p>\n","protected":false},"author":20,"featured_media":603578,"comment_status":"open","ping_status":"open","sticky":false,"template":"","format":"standard","meta":{"rop_custom_images_group":[],"rop_custom_messages_group":[],"rop_publish_now":"initial","rop_publish_now_accounts":{"facebook_10159540855086992_322828327761733":""},"rop_publish_now_history":[],"rop_publish_now_status":"pending","footnotes":""},"categories":[208],"tags":[214],"class_list":["post-603577","post","type-post","status-publish","format-standard","has-post-thumbnail","hentry","category-estado","tag-estado","entry"],"_links":{"self":[{"href":"https:\/\/www.zunoticia.com\/noticias-de-hidalgo\/wp-json\/wp\/v2\/posts\/603577","targetHints":{"allow":["GET"]}}],"collection":[{"href":"https:\/\/www.zunoticia.com\/noticias-de-hidalgo\/wp-json\/wp\/v2\/posts"}],"about":[{"href":"https:\/\/www.zunoticia.com\/noticias-de-hidalgo\/wp-json\/wp\/v2\/types\/post"}],"author":[{"embeddable":true,"href":"https:\/\/www.zunoticia.com\/noticias-de-hidalgo\/wp-json\/wp\/v2\/users\/20"}],"replies":[{"embeddable":true,"href":"https:\/\/www.zunoticia.com\/noticias-de-hidalgo\/wp-json\/wp\/v2\/comments?post=603577"}],"version-history":[{"count":2,"href":"https:\/\/www.zunoticia.com\/noticias-de-hidalgo\/wp-json\/wp\/v2\/posts\/603577\/revisions"}],"predecessor-version":[{"id":603580,"href":"https:\/\/www.zunoticia.com\/noticias-de-hidalgo\/wp-json\/wp\/v2\/posts\/603577\/revisions\/603580"}],"wp:featuredmedia":[{"embeddable":true,"href":"https:\/\/www.zunoticia.com\/noticias-de-hidalgo\/wp-json\/wp\/v2\/media\/603578"}],"wp:attachment":[{"href":"https:\/\/www.zunoticia.com\/noticias-de-hidalgo\/wp-json\/wp\/v2\/media?parent=603577"}],"wp:term":[{"taxonomy":"category","embeddable":true,"href":"https:\/\/www.zunoticia.com\/noticias-de-hidalgo\/wp-json\/wp\/v2\/categories?post=603577"},{"taxonomy":"post_tag","embeddable":true,"href":"https:\/\/www.zunoticia.com\/noticias-de-hidalgo\/wp-json\/wp\/v2\/tags?post=603577"}],"curies":[{"name":"wp","href":"https:\/\/api.w.org\/{rel}","templated":true}]}}