{"id":603590,"date":"2025-08-14T17:50:37","date_gmt":"2025-08-14T23:50:37","guid":{"rendered":"https:\/\/www.zunoticia.com\/noticias-de-hidalgo\/?p=603590"},"modified":"2025-08-14T17:50:40","modified_gmt":"2025-08-14T23:50:40","slug":"plasman-mural-con-alfareria-de-chililico-en-pasadizo-aledano-al-mercado-municipal","status":"publish","type":"post","link":"https:\/\/www.zunoticia.com\/noticias-de-hidalgo\/2025\/08\/14\/plasman-mural-con-alfareria-de-chililico-en-pasadizo-aledano-al-mercado-municipal\/","title":{"rendered":"Plasman mural con alfarer\u00eda de Chililico en pasadizo aleda\u00f1o al Mercado municipal"},"content":{"rendered":"<aside class=\"mashsb-container mashsb-main mashsb-stretched\"><div class=\"mashsb-box\"><div class=\"mashsb-count mash-large\" style=\"float:left\"><div class=\"counts mashsbcount\">0<\/div><span class=\"mashsb-sharetext\">SHARES<\/span><\/div><div class=\"mashsb-buttons\"><a class=\"mashicon-facebook mash-large mash-center mashsb-noshadow\" href=\"https:\/\/www.facebook.com\/sharer.php?u=https%3A%2F%2Fwww.zunoticia.com%2Fnoticias-de-hidalgo%2F2025%2F08%2F14%2Fplasman-mural-con-alfareria-de-chililico-en-pasadizo-aledano-al-mercado-municipal%2F\" target=\"_top\" rel=\"nofollow\"><span class=\"icon\"><\/span><span class=\"text\">Share<\/span><\/a><a class=\"mashicon-twitter mash-large mash-center mashsb-noshadow\" href=\"https:\/\/twitter.com\/intent\/tweet?text=&amp;url=https:\/\/www.zunoticia.com\/noticias-de-hidalgo\/2025\/08\/14\/plasman-mural-con-alfareria-de-chililico-en-pasadizo-aledano-al-mercado-municipal\/\" target=\"_top\" rel=\"nofollow\"><span class=\"icon\"><\/span><span class=\"text\">Tweet<\/span><\/a><div class=\"onoffswitch2 mash-large mashsb-noshadow\" style=\"display:none\"><\/div><\/div>\n            <\/div>\n                <div style=\"clear:both\"><\/div><div class=\"mashsb-toggle-container\"><\/div><\/aside>\n            <!-- Share buttons by mashshare.net - Version: 4.0.47-->\n<p><em>Por Salvador Altamirano\/Zunoticia<\/em><\/p>\n\n\n\n<p><strong>Huejutla, Hgo<\/strong>.- Al considerar que la artesan\u00eda que se elabora en la comunidad de Chililico es la m\u00e1s representativa de la regi\u00f3n, j\u00f3venes artistas plasman un mural alusivo en un pasadizo aleda\u00f1o al Mercado municipal.<\/p>\n\n\n\n<p>La pintura en referencia, que exhibe a una mujer artesana moldeando una olla; un candelero en forma de caballito que se coloca en altares de Xantolo; y una t\u00f3pica jarra para agua, se est\u00e1 plasmando en una de las paredes laterales de la estructura del puente de la carretera federal M\u00e9xico &#8211; Tampico.<\/p>\n\n\n\n<p>Indagando al respecto, comerciantes quienes se ubican en la avenida Constituyentes, a donde converge el pasadizo que proviene de la carretera federal, expresaron que desconocen la identidad de quienes est\u00e1n haciendo la pintura, que por sus elementos -dijeron-, consideramos propia y hermosa, ya que refleja la m\u00e1s emblem\u00e1tica artesan\u00eda local.<\/p>\n\n\n\n<p>Agregaron que llegan por las tardes, pero nadie sabe qui\u00e9nes son ni de d\u00f3nde vienen, pero su capacidad art\u00edstica es de elogiarse ya que el mural exhibe a la perfecci\u00f3n productos artesanales con caracteres y colores propios.<\/p>\n\n\n\n<p>Quien asegur\u00f3 responder al nombre de Juana Rodr\u00edguez Hern\u00e1ndez, coment\u00f3 que la alfarer\u00eda de Chililico no nada m\u00e1s es utilitaria, sino tambi\u00e9n art\u00edstica, lo que hace m\u00e1s relevante el mural -dijo-, que seg\u00fan dicen a\u00fan est\u00e1 en elaboraci\u00f3n, pero desde ya por sus vivos colores da realce al sector.<\/p>\n\n\n\n<figure class=\"wp-block-image size-full\"><img fetchpriority=\"high\" decoding=\"async\" width=\"933\" height=\"524\" src=\"https:\/\/www.zunoticia.com\/noticias-de-hidalgo\/wp-content\/uploads\/2025\/08\/Zunoticia-Huejutla-1-144.png\" alt=\"\" class=\"wp-image-603592\" srcset=\"https:\/\/www.zunoticia.com\/noticias-de-hidalgo\/wp-content\/uploads\/2025\/08\/Zunoticia-Huejutla-1-144.png 933w, https:\/\/www.zunoticia.com\/noticias-de-hidalgo\/wp-content\/uploads\/2025\/08\/Zunoticia-Huejutla-1-144-300x168.png 300w, https:\/\/www.zunoticia.com\/noticias-de-hidalgo\/wp-content\/uploads\/2025\/08\/Zunoticia-Huejutla-1-144-768x431.png 768w\" sizes=\"(max-width: 933px) 100vw, 933px\" \/><\/figure>\n","protected":false},"excerpt":{"rendered":"<p>Por Salvador Altamirano\/Zunoticia Huejutla, Hgo.- Al considerar que la artesan\u00eda que se elabora en la comunidad de Chililico es la m\u00e1s representativa de la regi\u00f3n, j\u00f3venes artistas plasman un mural alusivo en un pasadizo aleda\u00f1o al Mercado municipal. La pintura en referencia, que exhibe a una mujer artesana moldeando una olla; un candelero en forma&hellip; <a class=\"more-link\" href=\"https:\/\/www.zunoticia.com\/noticias-de-hidalgo\/2025\/08\/14\/plasman-mural-con-alfareria-de-chililico-en-pasadizo-aledano-al-mercado-municipal\/\">Seguir leyendo <span class=\"screen-reader-text\">Plasman mural con alfarer\u00eda de Chililico en pasadizo aleda\u00f1o al Mercado municipal<\/span><\/a><\/p>\n","protected":false},"author":20,"featured_media":603591,"comment_status":"open","ping_status":"open","sticky":false,"template":"","format":"standard","meta":{"rop_custom_images_group":[],"rop_custom_messages_group":[],"rop_publish_now":"initial","rop_publish_now_accounts":{"facebook_10159540855086992_322828327761733":""},"rop_publish_now_history":[],"rop_publish_now_status":"pending","footnotes":""},"categories":[181],"tags":[121],"class_list":["post-603590","post","type-post","status-publish","format-standard","has-post-thumbnail","hentry","category-huejutla","tag-huejutla","entry"],"_links":{"self":[{"href":"https:\/\/www.zunoticia.com\/noticias-de-hidalgo\/wp-json\/wp\/v2\/posts\/603590","targetHints":{"allow":["GET"]}}],"collection":[{"href":"https:\/\/www.zunoticia.com\/noticias-de-hidalgo\/wp-json\/wp\/v2\/posts"}],"about":[{"href":"https:\/\/www.zunoticia.com\/noticias-de-hidalgo\/wp-json\/wp\/v2\/types\/post"}],"author":[{"embeddable":true,"href":"https:\/\/www.zunoticia.com\/noticias-de-hidalgo\/wp-json\/wp\/v2\/users\/20"}],"replies":[{"embeddable":true,"href":"https:\/\/www.zunoticia.com\/noticias-de-hidalgo\/wp-json\/wp\/v2\/comments?post=603590"}],"version-history":[{"count":1,"href":"https:\/\/www.zunoticia.com\/noticias-de-hidalgo\/wp-json\/wp\/v2\/posts\/603590\/revisions"}],"predecessor-version":[{"id":603593,"href":"https:\/\/www.zunoticia.com\/noticias-de-hidalgo\/wp-json\/wp\/v2\/posts\/603590\/revisions\/603593"}],"wp:featuredmedia":[{"embeddable":true,"href":"https:\/\/www.zunoticia.com\/noticias-de-hidalgo\/wp-json\/wp\/v2\/media\/603591"}],"wp:attachment":[{"href":"https:\/\/www.zunoticia.com\/noticias-de-hidalgo\/wp-json\/wp\/v2\/media?parent=603590"}],"wp:term":[{"taxonomy":"category","embeddable":true,"href":"https:\/\/www.zunoticia.com\/noticias-de-hidalgo\/wp-json\/wp\/v2\/categories?post=603590"},{"taxonomy":"post_tag","embeddable":true,"href":"https:\/\/www.zunoticia.com\/noticias-de-hidalgo\/wp-json\/wp\/v2\/tags?post=603590"}],"curies":[{"name":"wp","href":"https:\/\/api.w.org\/{rel}","templated":true}]}}