{"id":603594,"date":"2025-08-14T17:53:58","date_gmt":"2025-08-14T23:53:58","guid":{"rendered":"https:\/\/www.zunoticia.com\/noticias-de-hidalgo\/?p=603594"},"modified":"2025-08-14T17:54:01","modified_gmt":"2025-08-14T23:54:01","slug":"manifestacion-del-fnls-en-la-fgr-de-huejutla","status":"publish","type":"post","link":"https:\/\/www.zunoticia.com\/noticias-de-hidalgo\/2025\/08\/14\/manifestacion-del-fnls-en-la-fgr-de-huejutla\/","title":{"rendered":"Manifestaci\u00f3n del FNLS en la FGR de Huejutla"},"content":{"rendered":"<aside class=\"mashsb-container mashsb-main mashsb-stretched\"><div class=\"mashsb-box\"><div class=\"mashsb-count mash-large\" style=\"float:left\"><div class=\"counts mashsbcount\">0<\/div><span class=\"mashsb-sharetext\">SHARES<\/span><\/div><div class=\"mashsb-buttons\"><a class=\"mashicon-facebook mash-large mash-center mashsb-noshadow\" href=\"https:\/\/www.facebook.com\/sharer.php?u=https%3A%2F%2Fwww.zunoticia.com%2Fnoticias-de-hidalgo%2F2025%2F08%2F14%2Fmanifestacion-del-fnls-en-la-fgr-de-huejutla%2F\" target=\"_top\" rel=\"nofollow\"><span class=\"icon\"><\/span><span class=\"text\">Share<\/span><\/a><a class=\"mashicon-twitter mash-large mash-center mashsb-noshadow\" href=\"https:\/\/twitter.com\/intent\/tweet?text=&amp;url=https:\/\/www.zunoticia.com\/noticias-de-hidalgo\/2025\/08\/14\/manifestacion-del-fnls-en-la-fgr-de-huejutla\/\" target=\"_top\" rel=\"nofollow\"><span class=\"icon\"><\/span><span class=\"text\">Tweet<\/span><\/a><div class=\"onoffswitch2 mash-large mashsb-noshadow\" style=\"display:none\"><\/div><\/div>\n            <\/div>\n                <div style=\"clear:both\"><\/div><div class=\"mashsb-toggle-container\"><\/div><\/aside>\n            <!-- Share buttons by mashshare.net - Version: 4.0.47-->\n<p><em>Por Enedino Hern\u00e1ndez Alonso\/Zunoticia<\/em><\/p>\n\n\n\n<p><strong>Huejutla, Hgo.-<\/strong> La ma\u00f1ana de este jueves 14 de agosto, miembros del Frente Nacional de Lucha por El Socialismo (FNLS) se manifestaron frente a las oficinas de la Fiscal\u00eda General de la Rep\u00fablica (FGR) en Huejutla de Reyes en el marco de la 19ava. Reuni\u00f3n de la Comisi\u00f3n Especial de B\u00fasqueda (CEB) del caso Edmundo Reyes y Gabriel Alberto Cruz.<\/p>\n\n\n\n<p>A nombre del FNLS, Mat\u00edas Flores Hern\u00e1ndez, detalla que, la reivindicaci\u00f3n popular enarbolada por familiares, organizaciones populares independientes, de derechos humanos y personalidades progresistas se resume en: presentaci\u00f3n con vida de Edmundo y Gabriel, as\u00ed como juicio y castigo a los responsables materiales e intelectuales de su desaparici\u00f3n forzada.<\/p>\n\n\n\n<p>Expone que, la negativa de la CEB de cumplir con lo mandatado por la SCJN objetiva la consigna gubernamental de, borrar toda evidencia que apunta a la responsabilidad de Estado en el cometido de la desaparici\u00f3n forzada e impedir el precedente de enjuiciamiento a mandos del ej\u00e9rcito.<\/p>\n\n\n\n<p>Insiste que la exigencia de presentaci\u00f3n con vida de todos los detenidos desaparecidos en el pa\u00eds y en otras regiones geogr\u00e1ficas del mundo es un acto de humanismo y sensibilidad social.<\/p>\n\n\n\n<p>Concluye que, en el marco de la reuni\u00f3n de la CEB programada para el d\u00eda de hoy 14 de agosto, desde esta regi\u00f3n huasteca, se exige seriedad y cumplimiento cabal con su compromiso en la investigaci\u00f3n, localizaci\u00f3n y presentaci\u00f3n convida de Edmundo y Gabriel.<\/p>\n","protected":false},"excerpt":{"rendered":"<p>Por Enedino Hern\u00e1ndez Alonso\/Zunoticia Huejutla, Hgo.- La ma\u00f1ana de este jueves 14 de agosto, miembros del Frente Nacional de Lucha por El Socialismo (FNLS) se manifestaron frente a las oficinas de la Fiscal\u00eda General de la Rep\u00fablica (FGR) en Huejutla de Reyes en el marco de la 19ava. Reuni\u00f3n de la Comisi\u00f3n Especial de B\u00fasqueda&hellip; <a class=\"more-link\" href=\"https:\/\/www.zunoticia.com\/noticias-de-hidalgo\/2025\/08\/14\/manifestacion-del-fnls-en-la-fgr-de-huejutla\/\">Seguir leyendo <span class=\"screen-reader-text\">Manifestaci\u00f3n del FNLS en la FGR de Huejutla<\/span><\/a><\/p>\n","protected":false},"author":20,"featured_media":603595,"comment_status":"open","ping_status":"open","sticky":false,"template":"","format":"standard","meta":{"rop_custom_images_group":[],"rop_custom_messages_group":[],"rop_publish_now":"initial","rop_publish_now_accounts":{"facebook_10159540855086992_322828327761733":""},"rop_publish_now_history":[],"rop_publish_now_status":"pending","footnotes":""},"categories":[181],"tags":[121],"class_list":["post-603594","post","type-post","status-publish","format-standard","has-post-thumbnail","hentry","category-huejutla","tag-huejutla","entry"],"_links":{"self":[{"href":"https:\/\/www.zunoticia.com\/noticias-de-hidalgo\/wp-json\/wp\/v2\/posts\/603594","targetHints":{"allow":["GET"]}}],"collection":[{"href":"https:\/\/www.zunoticia.com\/noticias-de-hidalgo\/wp-json\/wp\/v2\/posts"}],"about":[{"href":"https:\/\/www.zunoticia.com\/noticias-de-hidalgo\/wp-json\/wp\/v2\/types\/post"}],"author":[{"embeddable":true,"href":"https:\/\/www.zunoticia.com\/noticias-de-hidalgo\/wp-json\/wp\/v2\/users\/20"}],"replies":[{"embeddable":true,"href":"https:\/\/www.zunoticia.com\/noticias-de-hidalgo\/wp-json\/wp\/v2\/comments?post=603594"}],"version-history":[{"count":1,"href":"https:\/\/www.zunoticia.com\/noticias-de-hidalgo\/wp-json\/wp\/v2\/posts\/603594\/revisions"}],"predecessor-version":[{"id":603596,"href":"https:\/\/www.zunoticia.com\/noticias-de-hidalgo\/wp-json\/wp\/v2\/posts\/603594\/revisions\/603596"}],"wp:featuredmedia":[{"embeddable":true,"href":"https:\/\/www.zunoticia.com\/noticias-de-hidalgo\/wp-json\/wp\/v2\/media\/603595"}],"wp:attachment":[{"href":"https:\/\/www.zunoticia.com\/noticias-de-hidalgo\/wp-json\/wp\/v2\/media?parent=603594"}],"wp:term":[{"taxonomy":"category","embeddable":true,"href":"https:\/\/www.zunoticia.com\/noticias-de-hidalgo\/wp-json\/wp\/v2\/categories?post=603594"},{"taxonomy":"post_tag","embeddable":true,"href":"https:\/\/www.zunoticia.com\/noticias-de-hidalgo\/wp-json\/wp\/v2\/tags?post=603594"}],"curies":[{"name":"wp","href":"https:\/\/api.w.org\/{rel}","templated":true}]}}