{"id":603600,"date":"2025-08-14T18:08:45","date_gmt":"2025-08-15T00:08:45","guid":{"rendered":"https:\/\/www.zunoticia.com\/noticias-de-hidalgo\/?p=603600"},"modified":"2025-08-14T18:08:47","modified_gmt":"2025-08-15T00:08:47","slug":"balizamiento-coloca-senaletica-de-no-estacionarse-en-calle-hidalgo-del-centro-de-huejutla","status":"publish","type":"post","link":"https:\/\/www.zunoticia.com\/noticias-de-hidalgo\/2025\/08\/14\/balizamiento-coloca-senaletica-de-no-estacionarse-en-calle-hidalgo-del-centro-de-huejutla\/","title":{"rendered":"Balizamiento coloca se\u00f1al\u00e9tica de \u201cNo estacionarse\u201d en calle Hidalgo del Centro de Huejutla"},"content":{"rendered":"<aside class=\"mashsb-container mashsb-main mashsb-stretched\"><div class=\"mashsb-box\"><div class=\"mashsb-count mash-large\" style=\"float:left\"><div class=\"counts mashsbcount\">0<\/div><span class=\"mashsb-sharetext\">SHARES<\/span><\/div><div class=\"mashsb-buttons\"><a class=\"mashicon-facebook mash-large mash-center mashsb-noshadow\" href=\"https:\/\/www.facebook.com\/sharer.php?u=https%3A%2F%2Fwww.zunoticia.com%2Fnoticias-de-hidalgo%2F2025%2F08%2F14%2Fbalizamiento-coloca-senaletica-de-no-estacionarse-en-calle-hidalgo-del-centro-de-huejutla%2F\" target=\"_top\" rel=\"nofollow\"><span class=\"icon\"><\/span><span class=\"text\">Share<\/span><\/a><a class=\"mashicon-twitter mash-large mash-center mashsb-noshadow\" href=\"https:\/\/twitter.com\/intent\/tweet?text=&amp;url=https:\/\/www.zunoticia.com\/noticias-de-hidalgo\/2025\/08\/14\/balizamiento-coloca-senaletica-de-no-estacionarse-en-calle-hidalgo-del-centro-de-huejutla\/\" target=\"_top\" rel=\"nofollow\"><span class=\"icon\"><\/span><span class=\"text\">Tweet<\/span><\/a><div class=\"onoffswitch2 mash-large mashsb-noshadow\" style=\"display:none\"><\/div><\/div>\n            <\/div>\n                <div style=\"clear:both\"><\/div><div class=\"mashsb-toggle-container\"><\/div><\/aside>\n            <!-- Share buttons by mashshare.net - Version: 4.0.47-->\n<p><em>Por Enedino Hern\u00e1ndez Alonso\/Zunoticia<\/em><\/p>\n\n\n\n<p><strong>Huejutla, Hgo<\/strong>.- Como parte de las acciones enfocadas en tener una mayor fluidez en el tr\u00e1fico vehicular, personal del \u00e1rea de Balizamiento de la Presidencia Municipal de Huejutla, coloc\u00f3 estrat\u00e9gicamente las se\u00f1al\u00e9ticas de \u201cNo estacionarse\u201d por la calle Hidalgo, en la zona Centro de Huejutla.<\/p>\n\n\n\n<p>El director de Balizamiento en Huejutla, Lisandro Abdul Hern\u00e1ndez Lara, dijo que, las acciones de colocaci\u00f3n de las se\u00f1al\u00e9ticas de \u201cNo estacionarse\u201d se realizaron durante la ma\u00f1ana de este jueves 14 de agosto, sobre la calle Hidalgo a un costado del reloj municipal.<\/p>\n\n\n\n<p>Pide a los automovilistas que de manera consciente y responsable respeten las se\u00f1al\u00e9ticas que se han colocado, evitando estacionarse en este lugar, pues con ello, se busca darle mayor fluidez en esta arteria de la zona centro de Huejutla.<\/p>\n\n\n\n<p>Indica que, algunos automovilistas constantemente obstaculizan la v\u00eda p\u00fablica, ya sea porque se bajan para buscar adquirir alg\u00fan producto de las \u00e1reas cercanas o para consumir algunos alimentos por el sector.<\/p>\n\n\n\n<figure class=\"wp-block-gallery has-nested-images columns-default is-cropped wp-block-gallery-1 is-layout-flex wp-block-gallery-is-layout-flex\">\n<figure class=\"wp-block-image size-large\"><img fetchpriority=\"high\" decoding=\"async\" width=\"933\" height=\"524\" data-id=\"603602\" src=\"https:\/\/www.zunoticia.com\/noticias-de-hidalgo\/wp-content\/uploads\/2025\/08\/Zunoticia-Huejutla-2-68.png\" alt=\"\" class=\"wp-image-603602\" srcset=\"https:\/\/www.zunoticia.com\/noticias-de-hidalgo\/wp-content\/uploads\/2025\/08\/Zunoticia-Huejutla-2-68.png 933w, https:\/\/www.zunoticia.com\/noticias-de-hidalgo\/wp-content\/uploads\/2025\/08\/Zunoticia-Huejutla-2-68-300x168.png 300w, https:\/\/www.zunoticia.com\/noticias-de-hidalgo\/wp-content\/uploads\/2025\/08\/Zunoticia-Huejutla-2-68-768x431.png 768w\" sizes=\"(max-width: 933px) 100vw, 933px\" \/><\/figure>\n\n\n\n<figure class=\"wp-block-image size-large\"><img decoding=\"async\" width=\"933\" height=\"524\" data-id=\"603603\" src=\"https:\/\/www.zunoticia.com\/noticias-de-hidalgo\/wp-content\/uploads\/2025\/08\/Zunoticia-Huejutla-1-145.png\" alt=\"\" class=\"wp-image-603603\" srcset=\"https:\/\/www.zunoticia.com\/noticias-de-hidalgo\/wp-content\/uploads\/2025\/08\/Zunoticia-Huejutla-1-145.png 933w, https:\/\/www.zunoticia.com\/noticias-de-hidalgo\/wp-content\/uploads\/2025\/08\/Zunoticia-Huejutla-1-145-300x168.png 300w, https:\/\/www.zunoticia.com\/noticias-de-hidalgo\/wp-content\/uploads\/2025\/08\/Zunoticia-Huejutla-1-145-768x431.png 768w\" sizes=\"(max-width: 933px) 100vw, 933px\" \/><\/figure>\n<\/figure>\n\n\n\n<p>Con la colocaci\u00f3n de la se\u00f1al\u00e9tica, realizada la ma\u00f1ana de este jueves, insiste que se tiene la confianza de que todos los automovilistas act\u00faen conscientemente y se mantenga m\u00e1s despejada de veh\u00edculos la calle Hidalgo.<\/p>\n\n\n\n<p>Concluye invitando a los automovilistas para que sean conscientes y respetuosos de las se\u00f1al\u00e9ticas que han sido colocadas en la calle Hidalgo, porque al final de cuenta, es para el beneficio de la poblaci\u00f3n en general, para que puedan resguardarse de los veh\u00edculos y tener una mejor cultura vial.<\/p>\n","protected":false},"excerpt":{"rendered":"<p>Por Enedino Hern\u00e1ndez Alonso\/Zunoticia Huejutla, Hgo.- Como parte de las acciones enfocadas en tener una mayor fluidez en el tr\u00e1fico vehicular, personal del \u00e1rea de Balizamiento de la Presidencia Municipal de Huejutla, coloc\u00f3 estrat\u00e9gicamente las se\u00f1al\u00e9ticas de \u201cNo estacionarse\u201d por la calle Hidalgo, en la zona Centro de Huejutla. El director de Balizamiento en Huejutla,&hellip; <a class=\"more-link\" href=\"https:\/\/www.zunoticia.com\/noticias-de-hidalgo\/2025\/08\/14\/balizamiento-coloca-senaletica-de-no-estacionarse-en-calle-hidalgo-del-centro-de-huejutla\/\">Seguir leyendo <span class=\"screen-reader-text\">Balizamiento coloca se\u00f1al\u00e9tica de \u201cNo estacionarse\u201d en calle Hidalgo del Centro de Huejutla<\/span><\/a><\/p>\n","protected":false},"author":20,"featured_media":603601,"comment_status":"open","ping_status":"open","sticky":false,"template":"","format":"standard","meta":{"rop_custom_images_group":[],"rop_custom_messages_group":[],"rop_publish_now":"initial","rop_publish_now_accounts":{"facebook_10159540855086992_322828327761733":""},"rop_publish_now_history":[],"rop_publish_now_status":"pending","footnotes":""},"categories":[181],"tags":[121],"class_list":["post-603600","post","type-post","status-publish","format-standard","has-post-thumbnail","hentry","category-huejutla","tag-huejutla","entry"],"_links":{"self":[{"href":"https:\/\/www.zunoticia.com\/noticias-de-hidalgo\/wp-json\/wp\/v2\/posts\/603600","targetHints":{"allow":["GET"]}}],"collection":[{"href":"https:\/\/www.zunoticia.com\/noticias-de-hidalgo\/wp-json\/wp\/v2\/posts"}],"about":[{"href":"https:\/\/www.zunoticia.com\/noticias-de-hidalgo\/wp-json\/wp\/v2\/types\/post"}],"author":[{"embeddable":true,"href":"https:\/\/www.zunoticia.com\/noticias-de-hidalgo\/wp-json\/wp\/v2\/users\/20"}],"replies":[{"embeddable":true,"href":"https:\/\/www.zunoticia.com\/noticias-de-hidalgo\/wp-json\/wp\/v2\/comments?post=603600"}],"version-history":[{"count":1,"href":"https:\/\/www.zunoticia.com\/noticias-de-hidalgo\/wp-json\/wp\/v2\/posts\/603600\/revisions"}],"predecessor-version":[{"id":603604,"href":"https:\/\/www.zunoticia.com\/noticias-de-hidalgo\/wp-json\/wp\/v2\/posts\/603600\/revisions\/603604"}],"wp:featuredmedia":[{"embeddable":true,"href":"https:\/\/www.zunoticia.com\/noticias-de-hidalgo\/wp-json\/wp\/v2\/media\/603601"}],"wp:attachment":[{"href":"https:\/\/www.zunoticia.com\/noticias-de-hidalgo\/wp-json\/wp\/v2\/media?parent=603600"}],"wp:term":[{"taxonomy":"category","embeddable":true,"href":"https:\/\/www.zunoticia.com\/noticias-de-hidalgo\/wp-json\/wp\/v2\/categories?post=603600"},{"taxonomy":"post_tag","embeddable":true,"href":"https:\/\/www.zunoticia.com\/noticias-de-hidalgo\/wp-json\/wp\/v2\/tags?post=603600"}],"curies":[{"name":"wp","href":"https:\/\/api.w.org\/{rel}","templated":true}]}}