{"id":603640,"date":"2025-08-14T19:09:18","date_gmt":"2025-08-15T01:09:18","guid":{"rendered":"https:\/\/www.zunoticia.com\/noticias-de-hidalgo\/?p=603640"},"modified":"2025-08-14T19:09:19","modified_gmt":"2025-08-15T01:09:19","slug":"hidalgo-avanza-en-la-integracion-del-paquete-hacendario-2026","status":"publish","type":"post","link":"https:\/\/www.zunoticia.com\/noticias-de-hidalgo\/2025\/08\/14\/hidalgo-avanza-en-la-integracion-del-paquete-hacendario-2026\/","title":{"rendered":"Hidalgo avanza en la integraci\u00f3n del Paquete Hacendario 2026"},"content":{"rendered":"<aside class=\"mashsb-container mashsb-main mashsb-stretched\"><div class=\"mashsb-box\"><div class=\"mashsb-count mash-large\" style=\"float:left\"><div class=\"counts mashsbcount\">0<\/div><span class=\"mashsb-sharetext\">SHARES<\/span><\/div><div class=\"mashsb-buttons\"><a class=\"mashicon-facebook mash-large mash-center mashsb-noshadow\" href=\"https:\/\/www.facebook.com\/sharer.php?u=https%3A%2F%2Fwww.zunoticia.com%2Fnoticias-de-hidalgo%2F2025%2F08%2F14%2Fhidalgo-avanza-en-la-integracion-del-paquete-hacendario-2026%2F\" target=\"_top\" rel=\"nofollow\"><span class=\"icon\"><\/span><span class=\"text\">Share<\/span><\/a><a class=\"mashicon-twitter mash-large mash-center mashsb-noshadow\" href=\"https:\/\/twitter.com\/intent\/tweet?text=&amp;url=https:\/\/www.zunoticia.com\/noticias-de-hidalgo\/2025\/08\/14\/hidalgo-avanza-en-la-integracion-del-paquete-hacendario-2026\/\" target=\"_top\" rel=\"nofollow\"><span class=\"icon\"><\/span><span class=\"text\">Tweet<\/span><\/a><div class=\"onoffswitch2 mash-large mashsb-noshadow\" style=\"display:none\"><\/div><\/div>\n            <\/div>\n                <div style=\"clear:both\"><\/div><div class=\"mashsb-toggle-container\"><\/div><\/aside>\n            <!-- Share buttons by mashshare.net - Version: 4.0.47-->\n<p><em>Por Redacci\u00f3n\/Zunoticia<\/em><\/p>\n\n\n\n<p><strong>Pachuca de Soto, Hgo<\/strong>.- En coordinaci\u00f3n con las dependencias y organismos estatales, se realiz\u00f3 una reuni\u00f3n de trabajo en seguimiento a la integraci\u00f3n del Paquete Hacendario 2026, encabezada por la secretaria de Hacienda, Esther Ram\u00edrez Vargas, y el Oficial Mayor, Edgar Orlando P\u00e9rez \u00c1ngeles.<\/p>\n\n\n\n<p>En este encuentro, se presentaron las acciones que incorporan nuevas herramientas tecnol\u00f3gicas con el fin de fortalecer el ejercicio transparente y eficiente del gasto de operaci\u00f3n e inversi\u00f3n, lo que se traduce en m\u00e1s obra p\u00fablica, programas sociales y servicios de calidad para la poblaci\u00f3n.<\/p>\n","protected":false},"excerpt":{"rendered":"<p>Por Redacci\u00f3n\/Zunoticia Pachuca de Soto, Hgo.- En coordinaci\u00f3n con las dependencias y organismos estatales, se realiz\u00f3 una reuni\u00f3n de trabajo en seguimiento a la integraci\u00f3n del Paquete Hacendario 2026, encabezada por la secretaria de Hacienda, Esther Ram\u00edrez Vargas, y el Oficial Mayor, Edgar Orlando P\u00e9rez \u00c1ngeles. En este encuentro, se presentaron las acciones que incorporan&hellip; <a class=\"more-link\" href=\"https:\/\/www.zunoticia.com\/noticias-de-hidalgo\/2025\/08\/14\/hidalgo-avanza-en-la-integracion-del-paquete-hacendario-2026\/\">Seguir leyendo <span class=\"screen-reader-text\">Hidalgo avanza en la integraci\u00f3n del Paquete Hacendario 2026<\/span><\/a><\/p>\n","protected":false},"author":20,"featured_media":603641,"comment_status":"open","ping_status":"open","sticky":false,"template":"","format":"standard","meta":{"rop_custom_images_group":[],"rop_custom_messages_group":[],"rop_publish_now":"initial","rop_publish_now_accounts":{"facebook_10159540855086992_322828327761733":""},"rop_publish_now_history":[],"rop_publish_now_status":"pending","footnotes":""},"categories":[208],"tags":[214],"class_list":["post-603640","post","type-post","status-publish","format-standard","has-post-thumbnail","hentry","category-estado","tag-estado","entry"],"_links":{"self":[{"href":"https:\/\/www.zunoticia.com\/noticias-de-hidalgo\/wp-json\/wp\/v2\/posts\/603640","targetHints":{"allow":["GET"]}}],"collection":[{"href":"https:\/\/www.zunoticia.com\/noticias-de-hidalgo\/wp-json\/wp\/v2\/posts"}],"about":[{"href":"https:\/\/www.zunoticia.com\/noticias-de-hidalgo\/wp-json\/wp\/v2\/types\/post"}],"author":[{"embeddable":true,"href":"https:\/\/www.zunoticia.com\/noticias-de-hidalgo\/wp-json\/wp\/v2\/users\/20"}],"replies":[{"embeddable":true,"href":"https:\/\/www.zunoticia.com\/noticias-de-hidalgo\/wp-json\/wp\/v2\/comments?post=603640"}],"version-history":[{"count":1,"href":"https:\/\/www.zunoticia.com\/noticias-de-hidalgo\/wp-json\/wp\/v2\/posts\/603640\/revisions"}],"predecessor-version":[{"id":603642,"href":"https:\/\/www.zunoticia.com\/noticias-de-hidalgo\/wp-json\/wp\/v2\/posts\/603640\/revisions\/603642"}],"wp:featuredmedia":[{"embeddable":true,"href":"https:\/\/www.zunoticia.com\/noticias-de-hidalgo\/wp-json\/wp\/v2\/media\/603641"}],"wp:attachment":[{"href":"https:\/\/www.zunoticia.com\/noticias-de-hidalgo\/wp-json\/wp\/v2\/media?parent=603640"}],"wp:term":[{"taxonomy":"category","embeddable":true,"href":"https:\/\/www.zunoticia.com\/noticias-de-hidalgo\/wp-json\/wp\/v2\/categories?post=603640"},{"taxonomy":"post_tag","embeddable":true,"href":"https:\/\/www.zunoticia.com\/noticias-de-hidalgo\/wp-json\/wp\/v2\/tags?post=603640"}],"curies":[{"name":"wp","href":"https:\/\/api.w.org\/{rel}","templated":true}]}}