{"id":605332,"date":"2025-08-31T11:35:57","date_gmt":"2025-08-31T17:35:57","guid":{"rendered":"https:\/\/www.zunoticia.com\/noticias-de-hidalgo\/?p=605332"},"modified":"2025-08-31T11:36:00","modified_gmt":"2025-08-31T17:36:00","slug":"celebran-la-semana-del-registro-civil-de-latinoamerica-y-el-caribe","status":"publish","type":"post","link":"https:\/\/www.zunoticia.com\/noticias-de-hidalgo\/2025\/08\/31\/celebran-la-semana-del-registro-civil-de-latinoamerica-y-el-caribe\/","title":{"rendered":"Celebran la Semana del Registro Civil de Latinoam\u00e9rica y el Caribe"},"content":{"rendered":"<aside class=\"mashsb-container mashsb-main mashsb-stretched\"><div class=\"mashsb-box\"><div class=\"mashsb-count mash-large\" style=\"float:left\"><div class=\"counts mashsbcount\">0<\/div><span class=\"mashsb-sharetext\">SHARES<\/span><\/div><div class=\"mashsb-buttons\"><a class=\"mashicon-facebook mash-large mash-center mashsb-noshadow\" href=\"https:\/\/www.facebook.com\/sharer.php?u=https%3A%2F%2Fwww.zunoticia.com%2Fnoticias-de-hidalgo%2F2025%2F08%2F31%2Fcelebran-la-semana-del-registro-civil-de-latinoamerica-y-el-caribe%2F\" target=\"_top\" rel=\"nofollow\"><span class=\"icon\"><\/span><span class=\"text\">Share<\/span><\/a><a class=\"mashicon-twitter mash-large mash-center mashsb-noshadow\" href=\"https:\/\/twitter.com\/intent\/tweet?text=&amp;url=https:\/\/www.zunoticia.com\/noticias-de-hidalgo\/2025\/08\/31\/celebran-la-semana-del-registro-civil-de-latinoamerica-y-el-caribe\/\" target=\"_top\" rel=\"nofollow\"><span class=\"icon\"><\/span><span class=\"text\">Tweet<\/span><\/a><div class=\"onoffswitch2 mash-large mashsb-noshadow\" style=\"display:none\"><\/div><\/div>\n            <\/div>\n                <div style=\"clear:both\"><\/div><div class=\"mashsb-toggle-container\"><\/div><\/aside>\n            <!-- Share buttons by mashshare.net - Version: 4.0.47-->\n<p><em>Por Karen Rivera\/Zunoticia<\/em><\/p>\n\n\n\n<p><strong>Huejutla de Reyes, Hgo.-<\/strong> En el marco de la Semana del Registro Civil de Latinoam\u00e9rica y el Caribe, el municipio se suma a esta importante jornada con actividades que se llevar\u00e1n a cabo del 1 al 16 de septiembre.<\/p>\n\n\n\n<p>Esta campa\u00f1a es organizada por la Secretar\u00eda de Gobierno del Estado de Hidalgo, la Direcci\u00f3n General del Registro del Estado Familiar y la Presidencia Municipal, con el objetivo de promover el derecho a la identidad y facilitar el acceso a documentos oficiales, como el acta de nacimiento.<\/p>\n\n\n\n<p>Se hace un llamado a la poblaci\u00f3n que a\u00fan no cuente con este documento o que tenga familiares en esa situaci\u00f3n, para que acuda a la Oficial\u00eda del Registro Civil, ubicada en Plazuela Hidalgo #22, zona Centro.<\/p>\n\n\n\n<figure class=\"wp-block-image size-large\"><img fetchpriority=\"high\" decoding=\"async\" width=\"1024\" height=\"768\" src=\"https:\/\/www.zunoticia.com\/noticias-de-hidalgo\/wp-content\/uploads\/2025\/08\/eZy-Watermark_31-08-2025_11-21-07-8810a.m-1024x768.jpg\" alt=\"\" class=\"wp-image-605334\" srcset=\"https:\/\/www.zunoticia.com\/noticias-de-hidalgo\/wp-content\/uploads\/2025\/08\/eZy-Watermark_31-08-2025_11-21-07-8810a.m-1024x768.jpg 1024w, https:\/\/www.zunoticia.com\/noticias-de-hidalgo\/wp-content\/uploads\/2025\/08\/eZy-Watermark_31-08-2025_11-21-07-8810a.m-300x225.jpg 300w, https:\/\/www.zunoticia.com\/noticias-de-hidalgo\/wp-content\/uploads\/2025\/08\/eZy-Watermark_31-08-2025_11-21-07-8810a.m-768x576.jpg 768w, https:\/\/www.zunoticia.com\/noticias-de-hidalgo\/wp-content\/uploads\/2025\/08\/eZy-Watermark_31-08-2025_11-21-07-8810a.m.jpg 1280w\" sizes=\"(max-width: 1024px) 100vw, 1024px\" \/><\/figure>\n\n\n\n<p>Durante esta jornada ser\u00e1 extendido el horario, de 8:30 de la ma\u00f1ana a 8:00 de la noche, para brindar mayor accesibilidad a los ciudadanos.<\/p>\n\n\n\n<p>La Semana del Registro Civil representa una oportunidad clave para reforzar la inclusi\u00f3n social y garantizar el acceso a servicios b\u00e1sicos a trav\u00e9s del reconocimiento legal de la identidad.<\/p>\n","protected":false},"excerpt":{"rendered":"<p>Por Karen Rivera\/Zunoticia Huejutla de Reyes, Hgo.- En el marco de la Semana del Registro Civil de Latinoam\u00e9rica y el Caribe, el municipio se suma a esta importante jornada con actividades que se llevar\u00e1n a cabo del 1 al 16 de septiembre. Esta campa\u00f1a es organizada por la Secretar\u00eda de Gobierno del Estado de Hidalgo,&hellip; <a class=\"more-link\" href=\"https:\/\/www.zunoticia.com\/noticias-de-hidalgo\/2025\/08\/31\/celebran-la-semana-del-registro-civil-de-latinoamerica-y-el-caribe\/\">Seguir leyendo <span class=\"screen-reader-text\">Celebran la Semana del Registro Civil de Latinoam\u00e9rica y el Caribe<\/span><\/a><\/p>\n","protected":false},"author":12,"featured_media":605333,"comment_status":"open","ping_status":"open","sticky":false,"template":"","format":"standard","meta":{"rop_custom_images_group":[],"rop_custom_messages_group":[],"rop_publish_now":"initial","rop_publish_now_accounts":{"facebook_10159540855086992_322828327761733":""},"rop_publish_now_history":[],"rop_publish_now_status":"pending","footnotes":""},"categories":[181],"tags":[121],"class_list":["post-605332","post","type-post","status-publish","format-standard","has-post-thumbnail","hentry","category-huejutla","tag-huejutla","entry"],"_links":{"self":[{"href":"https:\/\/www.zunoticia.com\/noticias-de-hidalgo\/wp-json\/wp\/v2\/posts\/605332","targetHints":{"allow":["GET"]}}],"collection":[{"href":"https:\/\/www.zunoticia.com\/noticias-de-hidalgo\/wp-json\/wp\/v2\/posts"}],"about":[{"href":"https:\/\/www.zunoticia.com\/noticias-de-hidalgo\/wp-json\/wp\/v2\/types\/post"}],"author":[{"embeddable":true,"href":"https:\/\/www.zunoticia.com\/noticias-de-hidalgo\/wp-json\/wp\/v2\/users\/12"}],"replies":[{"embeddable":true,"href":"https:\/\/www.zunoticia.com\/noticias-de-hidalgo\/wp-json\/wp\/v2\/comments?post=605332"}],"version-history":[{"count":1,"href":"https:\/\/www.zunoticia.com\/noticias-de-hidalgo\/wp-json\/wp\/v2\/posts\/605332\/revisions"}],"predecessor-version":[{"id":605335,"href":"https:\/\/www.zunoticia.com\/noticias-de-hidalgo\/wp-json\/wp\/v2\/posts\/605332\/revisions\/605335"}],"wp:featuredmedia":[{"embeddable":true,"href":"https:\/\/www.zunoticia.com\/noticias-de-hidalgo\/wp-json\/wp\/v2\/media\/605333"}],"wp:attachment":[{"href":"https:\/\/www.zunoticia.com\/noticias-de-hidalgo\/wp-json\/wp\/v2\/media?parent=605332"}],"wp:term":[{"taxonomy":"category","embeddable":true,"href":"https:\/\/www.zunoticia.com\/noticias-de-hidalgo\/wp-json\/wp\/v2\/categories?post=605332"},{"taxonomy":"post_tag","embeddable":true,"href":"https:\/\/www.zunoticia.com\/noticias-de-hidalgo\/wp-json\/wp\/v2\/tags?post=605332"}],"curies":[{"name":"wp","href":"https:\/\/api.w.org\/{rel}","templated":true}]}}