{"id":605387,"date":"2025-08-31T19:31:22","date_gmt":"2025-09-01T01:31:22","guid":{"rendered":"https:\/\/www.zunoticia.com\/noticias-de-hidalgo\/?p=605387"},"modified":"2025-08-31T19:31:25","modified_gmt":"2025-09-01T01:31:25","slug":"inicia-el-mes-patrio-las-calles-se-visten-de-colores-2","status":"publish","type":"post","link":"https:\/\/www.zunoticia.com\/noticias-de-hidalgo\/2025\/08\/31\/inicia-el-mes-patrio-las-calles-se-visten-de-colores-2\/","title":{"rendered":"Inicia el mes patrio, las calles se visten de colores"},"content":{"rendered":"<aside class=\"mashsb-container mashsb-main mashsb-stretched\"><div class=\"mashsb-box\"><div class=\"mashsb-count mash-large\" style=\"float:left\"><div class=\"counts mashsbcount\">0<\/div><span class=\"mashsb-sharetext\">SHARES<\/span><\/div><div class=\"mashsb-buttons\"><a class=\"mashicon-facebook mash-large mash-center mashsb-noshadow\" href=\"https:\/\/www.facebook.com\/sharer.php?u=https%3A%2F%2Fwww.zunoticia.com%2Fnoticias-de-hidalgo%2F2025%2F08%2F31%2Finicia-el-mes-patrio-las-calles-se-visten-de-colores-2%2F\" target=\"_top\" rel=\"nofollow\"><span class=\"icon\"><\/span><span class=\"text\">Share<\/span><\/a><a class=\"mashicon-twitter mash-large mash-center mashsb-noshadow\" href=\"https:\/\/twitter.com\/intent\/tweet?text=&amp;url=https:\/\/www.zunoticia.com\/noticias-de-hidalgo\/2025\/08\/31\/inicia-el-mes-patrio-las-calles-se-visten-de-colores-2\/\" target=\"_top\" rel=\"nofollow\"><span class=\"icon\"><\/span><span class=\"text\">Tweet<\/span><\/a><div class=\"onoffswitch2 mash-large mashsb-noshadow\" style=\"display:none\"><\/div><\/div>\n            <\/div>\n                <div style=\"clear:both\"><\/div><div class=\"mashsb-toggle-container\"><\/div><\/aside>\n            <!-- Share buttons by mashshare.net - Version: 4.0.47-->\n<p><em>Por Gabriela Hern\u00e1ndez\/Zunoticia<\/em><\/p>\n\n\n\n<p><strong>Huejutla, Hgo.-<\/strong> El ayuntamiento municipal dio inicio a las actividades con motivo de las fiestas patrias, por lo que este domingo, personal de las \u00e1reas competentes, instal\u00f3 sobre la carretera federal M\u00e9xico &#8211; Tampico, los primeros adornos sobre esta v\u00eda de comunicaci\u00f3n y parte del centro hist\u00f3rico.<\/p>\n\n\n\n<figure class=\"wp-block-image size-large\"><img fetchpriority=\"high\" decoding=\"async\" width=\"1024\" height=\"792\" src=\"https:\/\/www.zunoticia.com\/noticias-de-hidalgo\/wp-content\/uploads\/2025\/08\/eZy-Watermark_31-08-2025_04-11-39-8170p.m-1024x792.jpg\" alt=\"\" class=\"wp-image-605357\" srcset=\"https:\/\/www.zunoticia.com\/noticias-de-hidalgo\/wp-content\/uploads\/2025\/08\/eZy-Watermark_31-08-2025_04-11-39-8170p.m-1024x792.jpg 1024w, https:\/\/www.zunoticia.com\/noticias-de-hidalgo\/wp-content\/uploads\/2025\/08\/eZy-Watermark_31-08-2025_04-11-39-8170p.m-300x232.jpg 300w, https:\/\/www.zunoticia.com\/noticias-de-hidalgo\/wp-content\/uploads\/2025\/08\/eZy-Watermark_31-08-2025_04-11-39-8170p.m-768x594.jpg 768w, https:\/\/www.zunoticia.com\/noticias-de-hidalgo\/wp-content\/uploads\/2025\/08\/eZy-Watermark_31-08-2025_04-11-39-8170p.m-1536x1188.jpg 1536w, https:\/\/www.zunoticia.com\/noticias-de-hidalgo\/wp-content\/uploads\/2025\/08\/eZy-Watermark_31-08-2025_04-11-39-8170p.m-1568x1213.jpg 1568w, https:\/\/www.zunoticia.com\/noticias-de-hidalgo\/wp-content\/uploads\/2025\/08\/eZy-Watermark_31-08-2025_04-11-39-8170p.m.jpg 1600w\" sizes=\"(max-width: 1024px) 100vw, 1024px\" \/><\/figure>\n\n\n\n<p>Sobre este acceso principal se pueden ver diversos objetos decorativos, como banderas, dise\u00f1os en colores verde, blanco y rojo, sin embargo, a\u00fan faltan m\u00e1s adornos para esta gran celebraci\u00f3n, llevando a cabo las pruebas de los avances que se tienen hasta el momento.<\/p>\n\n\n\n<figure class=\"wp-block-image size-large\"><img decoding=\"async\" width=\"1024\" height=\"630\" src=\"https:\/\/www.zunoticia.com\/noticias-de-hidalgo\/wp-content\/uploads\/2025\/08\/eZy-Watermark_31-08-2025_04-10-48-5040p.m-1024x630.jpg\" alt=\"\" class=\"wp-image-605356\" srcset=\"https:\/\/www.zunoticia.com\/noticias-de-hidalgo\/wp-content\/uploads\/2025\/08\/eZy-Watermark_31-08-2025_04-10-48-5040p.m-1024x630.jpg 1024w, https:\/\/www.zunoticia.com\/noticias-de-hidalgo\/wp-content\/uploads\/2025\/08\/eZy-Watermark_31-08-2025_04-10-48-5040p.m-300x184.jpg 300w, https:\/\/www.zunoticia.com\/noticias-de-hidalgo\/wp-content\/uploads\/2025\/08\/eZy-Watermark_31-08-2025_04-10-48-5040p.m-768x472.jpg 768w, https:\/\/www.zunoticia.com\/noticias-de-hidalgo\/wp-content\/uploads\/2025\/08\/eZy-Watermark_31-08-2025_04-10-48-5040p.m.jpg 1080w\" sizes=\"(max-width: 1024px) 100vw, 1024px\" \/><\/figure>\n\n\n\n<p>Con este acto arrancan las actividades para una de las fiestas m\u00e1s grandes e importantes del pa\u00eds, con la que se celebra el 215 aniversario de la independencia de M\u00e9xico.<\/p>\n\n\n\n<figure class=\"wp-block-image size-large\"><img decoding=\"async\" width=\"1024\" height=\"622\" src=\"https:\/\/www.zunoticia.com\/noticias-de-hidalgo\/wp-content\/uploads\/2025\/08\/eZy-Watermark_31-08-2025_04-11-19-6960p.m-1024x622.jpg\" alt=\"\" class=\"wp-image-605354\" srcset=\"https:\/\/www.zunoticia.com\/noticias-de-hidalgo\/wp-content\/uploads\/2025\/08\/eZy-Watermark_31-08-2025_04-11-19-6960p.m-1024x622.jpg 1024w, https:\/\/www.zunoticia.com\/noticias-de-hidalgo\/wp-content\/uploads\/2025\/08\/eZy-Watermark_31-08-2025_04-11-19-6960p.m-300x182.jpg 300w, https:\/\/www.zunoticia.com\/noticias-de-hidalgo\/wp-content\/uploads\/2025\/08\/eZy-Watermark_31-08-2025_04-11-19-6960p.m-768x466.jpg 768w, https:\/\/www.zunoticia.com\/noticias-de-hidalgo\/wp-content\/uploads\/2025\/08\/eZy-Watermark_31-08-2025_04-11-19-6960p.m.jpg 1080w\" sizes=\"(max-width: 1024px) 100vw, 1024px\" \/><\/figure>\n\n\n\n<p>Septiembre es conocido como el mes patrio, ya que integra las fechas 15 y 16, que festejan y recuerdan el d\u00eda que M\u00e9xico se independiz\u00f3 de Espa\u00f1a, por lo que en el marco de la conmemoraci\u00f3n miles de familias se congregan en las plazas principales de todo el pa\u00eds para festejar el transcendental&nbsp;acontecimiento.<\/p>\n","protected":false},"excerpt":{"rendered":"<p>Por Gabriela Hern\u00e1ndez\/Zunoticia Huejutla, Hgo.- El ayuntamiento municipal dio inicio a las actividades con motivo de las fiestas patrias, por lo que este domingo, personal de las \u00e1reas competentes, instal\u00f3 sobre la carretera federal M\u00e9xico &#8211; Tampico, los primeros adornos sobre esta v\u00eda de comunicaci\u00f3n y parte del centro hist\u00f3rico. Sobre este acceso principal se&hellip; <a class=\"more-link\" href=\"https:\/\/www.zunoticia.com\/noticias-de-hidalgo\/2025\/08\/31\/inicia-el-mes-patrio-las-calles-se-visten-de-colores-2\/\">Seguir leyendo <span class=\"screen-reader-text\">Inicia el mes patrio, las calles se visten de colores<\/span><\/a><\/p>\n","protected":false},"author":12,"featured_media":605355,"comment_status":"open","ping_status":"open","sticky":false,"template":"","format":"standard","meta":{"rop_custom_images_group":[],"rop_custom_messages_group":[],"rop_publish_now":"initial","rop_publish_now_accounts":{"facebook_10159540855086992_322828327761733":""},"rop_publish_now_history":[],"rop_publish_now_status":"pending","footnotes":""},"categories":[181],"tags":[121],"class_list":["post-605387","post","type-post","status-publish","format-standard","has-post-thumbnail","hentry","category-huejutla","tag-huejutla","entry"],"_links":{"self":[{"href":"https:\/\/www.zunoticia.com\/noticias-de-hidalgo\/wp-json\/wp\/v2\/posts\/605387","targetHints":{"allow":["GET"]}}],"collection":[{"href":"https:\/\/www.zunoticia.com\/noticias-de-hidalgo\/wp-json\/wp\/v2\/posts"}],"about":[{"href":"https:\/\/www.zunoticia.com\/noticias-de-hidalgo\/wp-json\/wp\/v2\/types\/post"}],"author":[{"embeddable":true,"href":"https:\/\/www.zunoticia.com\/noticias-de-hidalgo\/wp-json\/wp\/v2\/users\/12"}],"replies":[{"embeddable":true,"href":"https:\/\/www.zunoticia.com\/noticias-de-hidalgo\/wp-json\/wp\/v2\/comments?post=605387"}],"version-history":[{"count":1,"href":"https:\/\/www.zunoticia.com\/noticias-de-hidalgo\/wp-json\/wp\/v2\/posts\/605387\/revisions"}],"predecessor-version":[{"id":605392,"href":"https:\/\/www.zunoticia.com\/noticias-de-hidalgo\/wp-json\/wp\/v2\/posts\/605387\/revisions\/605392"}],"wp:featuredmedia":[{"embeddable":true,"href":"https:\/\/www.zunoticia.com\/noticias-de-hidalgo\/wp-json\/wp\/v2\/media\/605355"}],"wp:attachment":[{"href":"https:\/\/www.zunoticia.com\/noticias-de-hidalgo\/wp-json\/wp\/v2\/media?parent=605387"}],"wp:term":[{"taxonomy":"category","embeddable":true,"href":"https:\/\/www.zunoticia.com\/noticias-de-hidalgo\/wp-json\/wp\/v2\/categories?post=605387"},{"taxonomy":"post_tag","embeddable":true,"href":"https:\/\/www.zunoticia.com\/noticias-de-hidalgo\/wp-json\/wp\/v2\/tags?post=605387"}],"curies":[{"name":"wp","href":"https:\/\/api.w.org\/{rel}","templated":true}]}}