{"id":605403,"date":"2025-08-31T19:52:58","date_gmt":"2025-09-01T01:52:58","guid":{"rendered":"https:\/\/www.zunoticia.com\/noticias-de-hidalgo\/?p=605403"},"modified":"2025-08-31T19:53:00","modified_gmt":"2025-09-01T01:53:00","slug":"repunte-en-venta-de-articulos-escolares-por-regreso-a-clases","status":"publish","type":"post","link":"https:\/\/www.zunoticia.com\/noticias-de-hidalgo\/2025\/08\/31\/repunte-en-venta-de-articulos-escolares-por-regreso-a-clases\/","title":{"rendered":"Repunte en venta de art\u00edculos escolares por regreso a clases"},"content":{"rendered":"<aside class=\"mashsb-container mashsb-main mashsb-stretched\"><div class=\"mashsb-box\"><div class=\"mashsb-count mash-large\" style=\"float:left\"><div class=\"counts mashsbcount\">0<\/div><span class=\"mashsb-sharetext\">SHARES<\/span><\/div><div class=\"mashsb-buttons\"><a class=\"mashicon-facebook mash-large mash-center mashsb-noshadow\" href=\"https:\/\/www.facebook.com\/sharer.php?u=https%3A%2F%2Fwww.zunoticia.com%2Fnoticias-de-hidalgo%2F2025%2F08%2F31%2Frepunte-en-venta-de-articulos-escolares-por-regreso-a-clases%2F\" target=\"_top\" rel=\"nofollow\"><span class=\"icon\"><\/span><span class=\"text\">Share<\/span><\/a><a class=\"mashicon-twitter mash-large mash-center mashsb-noshadow\" href=\"https:\/\/twitter.com\/intent\/tweet?text=&amp;url=https:\/\/www.zunoticia.com\/noticias-de-hidalgo\/2025\/08\/31\/repunte-en-venta-de-articulos-escolares-por-regreso-a-clases\/\" target=\"_top\" rel=\"nofollow\"><span class=\"icon\"><\/span><span class=\"text\">Tweet<\/span><\/a><div class=\"onoffswitch2 mash-large mashsb-noshadow\" style=\"display:none\"><\/div><\/div>\n            <\/div>\n                <div style=\"clear:both\"><\/div><div class=\"mashsb-toggle-container\"><\/div><\/aside>\n            <!-- Share buttons by mashshare.net - Version: 4.0.47-->\n<p><em>Por Gabriela Hern\u00e1ndez\/Zunoticia<\/em><\/p>\n\n\n\n<p><strong>Huejutla, Hgo.-<\/strong> Comerciantes del giro de art\u00edculos escolares dieron a conocer que, en la \u00faltima semana de vacaciones el repunte en la venta de art\u00edculos escolares tuvo un aumento.<\/p>\n\n\n\n<p>En la zona conocida como El Avionazo, de la cabecera municipal, algunos comercios dedicados a la venta de material escolar reportan que sus ventas subieron un 50 % durante este domingo 31 de agosto, previo al regreso a clases.<\/p>\n\n\n\n<figure class=\"wp-block-image size-large\"><img fetchpriority=\"high\" decoding=\"async\" width=\"1024\" height=\"793\" src=\"https:\/\/www.zunoticia.com\/noticias-de-hidalgo\/wp-content\/uploads\/2025\/08\/eZy-Watermark_31-08-2025_04-55-12-7530p.m-1024x793.jpg\" alt=\"\" class=\"wp-image-605404\" srcset=\"https:\/\/www.zunoticia.com\/noticias-de-hidalgo\/wp-content\/uploads\/2025\/08\/eZy-Watermark_31-08-2025_04-55-12-7530p.m-1024x793.jpg 1024w, https:\/\/www.zunoticia.com\/noticias-de-hidalgo\/wp-content\/uploads\/2025\/08\/eZy-Watermark_31-08-2025_04-55-12-7530p.m-300x232.jpg 300w, https:\/\/www.zunoticia.com\/noticias-de-hidalgo\/wp-content\/uploads\/2025\/08\/eZy-Watermark_31-08-2025_04-55-12-7530p.m-768x595.jpg 768w, https:\/\/www.zunoticia.com\/noticias-de-hidalgo\/wp-content\/uploads\/2025\/08\/eZy-Watermark_31-08-2025_04-55-12-7530p.m-1536x1189.jpg 1536w, https:\/\/www.zunoticia.com\/noticias-de-hidalgo\/wp-content\/uploads\/2025\/08\/eZy-Watermark_31-08-2025_04-55-12-7530p.m-1568x1214.jpg 1568w, https:\/\/www.zunoticia.com\/noticias-de-hidalgo\/wp-content\/uploads\/2025\/08\/eZy-Watermark_31-08-2025_04-55-12-7530p.m.jpg 1599w\" sizes=\"(max-width: 1024px) 100vw, 1024px\" \/><\/figure>\n\n\n\n<p>Se espera que en la primer semana de clases las ventas lleguen al 75 %, cuando las familias reciban la lista de \u00fatiles escolares\u201d, expresaron.<\/p>\n\n\n\n<figure class=\"wp-block-image size-large\"><img decoding=\"async\" width=\"1024\" height=\"768\" src=\"https:\/\/www.zunoticia.com\/noticias-de-hidalgo\/wp-content\/uploads\/2025\/08\/eZy-Watermark_31-08-2025_04-55-42-7400p.m-1024x768.jpg\" alt=\"\" class=\"wp-image-605406\" srcset=\"https:\/\/www.zunoticia.com\/noticias-de-hidalgo\/wp-content\/uploads\/2025\/08\/eZy-Watermark_31-08-2025_04-55-42-7400p.m-1024x768.jpg 1024w, https:\/\/www.zunoticia.com\/noticias-de-hidalgo\/wp-content\/uploads\/2025\/08\/eZy-Watermark_31-08-2025_04-55-42-7400p.m-300x225.jpg 300w, https:\/\/www.zunoticia.com\/noticias-de-hidalgo\/wp-content\/uploads\/2025\/08\/eZy-Watermark_31-08-2025_04-55-42-7400p.m-768x576.jpg 768w, https:\/\/www.zunoticia.com\/noticias-de-hidalgo\/wp-content\/uploads\/2025\/08\/eZy-Watermark_31-08-2025_04-55-42-7400p.m-1536x1152.jpg 1536w, https:\/\/www.zunoticia.com\/noticias-de-hidalgo\/wp-content\/uploads\/2025\/08\/eZy-Watermark_31-08-2025_04-55-42-7400p.m-1568x1176.jpg 1568w, https:\/\/www.zunoticia.com\/noticias-de-hidalgo\/wp-content\/uploads\/2025\/08\/eZy-Watermark_31-08-2025_04-55-42-7400p.m.jpg 1600w\" sizes=\"(max-width: 1024px) 100vw, 1024px\" \/><\/figure>\n\n\n\n<p>Hicieron el llamado al consumo local, por lo que comentaron que, por ahorrar un poco se van a las tiendas chinas a hacer sus compras, pero, son art\u00edculos que no pasan los filtros de calidad.<\/p>\n\n\n\n<figure class=\"wp-block-image size-large\"><img decoding=\"async\" width=\"1024\" height=\"579\" src=\"https:\/\/www.zunoticia.com\/noticias-de-hidalgo\/wp-content\/uploads\/2025\/08\/eZy-Watermark_31-08-2025_04-56-00-8280p.m-1024x579.jpg\" alt=\"\" class=\"wp-image-605407\" srcset=\"https:\/\/www.zunoticia.com\/noticias-de-hidalgo\/wp-content\/uploads\/2025\/08\/eZy-Watermark_31-08-2025_04-56-00-8280p.m-1024x579.jpg 1024w, https:\/\/www.zunoticia.com\/noticias-de-hidalgo\/wp-content\/uploads\/2025\/08\/eZy-Watermark_31-08-2025_04-56-00-8280p.m-300x170.jpg 300w, https:\/\/www.zunoticia.com\/noticias-de-hidalgo\/wp-content\/uploads\/2025\/08\/eZy-Watermark_31-08-2025_04-56-00-8280p.m-768x434.jpg 768w, https:\/\/www.zunoticia.com\/noticias-de-hidalgo\/wp-content\/uploads\/2025\/08\/eZy-Watermark_31-08-2025_04-56-00-8280p.m-1536x868.jpg 1536w, https:\/\/www.zunoticia.com\/noticias-de-hidalgo\/wp-content\/uploads\/2025\/08\/eZy-Watermark_31-08-2025_04-56-00-8280p.m-1568x886.jpg 1568w, https:\/\/www.zunoticia.com\/noticias-de-hidalgo\/wp-content\/uploads\/2025\/08\/eZy-Watermark_31-08-2025_04-56-00-8280p.m.jpg 1600w\" sizes=\"(max-width: 1024px) 100vw, 1024px\" \/><\/figure>\n\n\n\n<p>Los comerciantes recomiendan a los padres de familia realizar sus compras con calma, para poder comparar precios y calidad de los art\u00edculos.<\/p>\n\n\n\n<figure class=\"wp-block-image size-large\"><img loading=\"lazy\" decoding=\"async\" width=\"1024\" height=\"768\" src=\"https:\/\/www.zunoticia.com\/noticias-de-hidalgo\/wp-content\/uploads\/2025\/08\/eZy-Watermark_31-08-2025_04-57-05-3580p.m-1024x768.jpg\" alt=\"\" class=\"wp-image-605408\" srcset=\"https:\/\/www.zunoticia.com\/noticias-de-hidalgo\/wp-content\/uploads\/2025\/08\/eZy-Watermark_31-08-2025_04-57-05-3580p.m-1024x768.jpg 1024w, https:\/\/www.zunoticia.com\/noticias-de-hidalgo\/wp-content\/uploads\/2025\/08\/eZy-Watermark_31-08-2025_04-57-05-3580p.m-300x225.jpg 300w, https:\/\/www.zunoticia.com\/noticias-de-hidalgo\/wp-content\/uploads\/2025\/08\/eZy-Watermark_31-08-2025_04-57-05-3580p.m-768x576.jpg 768w, https:\/\/www.zunoticia.com\/noticias-de-hidalgo\/wp-content\/uploads\/2025\/08\/eZy-Watermark_31-08-2025_04-57-05-3580p.m-1536x1152.jpg 1536w, https:\/\/www.zunoticia.com\/noticias-de-hidalgo\/wp-content\/uploads\/2025\/08\/eZy-Watermark_31-08-2025_04-57-05-3580p.m-1568x1176.jpg 1568w, https:\/\/www.zunoticia.com\/noticias-de-hidalgo\/wp-content\/uploads\/2025\/08\/eZy-Watermark_31-08-2025_04-57-05-3580p.m.jpg 1600w\" sizes=\"(max-width: 1024px) 100vw, 1024px\" \/><\/figure>\n\n\n\n<p>Con la llegada del inicio del ciclo escolar de cada a\u00f1o, la venta de materiales did\u00e1cticos y papeler\u00eda en general tiene un repunte importante, din\u00e1mica que se mantiene por lo menos en las primeras dos semanas despu\u00e9s del regreso&nbsp;a&nbsp;clases.<\/p>\n\n\n\n<figure class=\"wp-block-image size-large\"><img loading=\"lazy\" decoding=\"async\" width=\"1024\" height=\"831\" src=\"https:\/\/www.zunoticia.com\/noticias-de-hidalgo\/wp-content\/uploads\/2025\/08\/eZy-Watermark_31-08-2025_04-54-21-2390p.m-1024x831.jpg\" alt=\"\" class=\"wp-image-605409\" srcset=\"https:\/\/www.zunoticia.com\/noticias-de-hidalgo\/wp-content\/uploads\/2025\/08\/eZy-Watermark_31-08-2025_04-54-21-2390p.m-1024x831.jpg 1024w, https:\/\/www.zunoticia.com\/noticias-de-hidalgo\/wp-content\/uploads\/2025\/08\/eZy-Watermark_31-08-2025_04-54-21-2390p.m-300x243.jpg 300w, https:\/\/www.zunoticia.com\/noticias-de-hidalgo\/wp-content\/uploads\/2025\/08\/eZy-Watermark_31-08-2025_04-54-21-2390p.m-768x623.jpg 768w, https:\/\/www.zunoticia.com\/noticias-de-hidalgo\/wp-content\/uploads\/2025\/08\/eZy-Watermark_31-08-2025_04-54-21-2390p.m.jpg 1398w\" sizes=\"(max-width: 1024px) 100vw, 1024px\" \/><\/figure>\n","protected":false},"excerpt":{"rendered":"<p>Por Gabriela Hern\u00e1ndez\/Zunoticia Huejutla, Hgo.- Comerciantes del giro de art\u00edculos escolares dieron a conocer que, en la \u00faltima semana de vacaciones el repunte en la venta de art\u00edculos escolares tuvo un aumento. En la zona conocida como El Avionazo, de la cabecera municipal, algunos comercios dedicados a la venta de material escolar reportan que sus&hellip; <a class=\"more-link\" href=\"https:\/\/www.zunoticia.com\/noticias-de-hidalgo\/2025\/08\/31\/repunte-en-venta-de-articulos-escolares-por-regreso-a-clases\/\">Seguir leyendo <span class=\"screen-reader-text\">Repunte en venta de art\u00edculos escolares por regreso a clases<\/span><\/a><\/p>\n","protected":false},"author":12,"featured_media":605405,"comment_status":"open","ping_status":"open","sticky":false,"template":"","format":"standard","meta":{"rop_custom_images_group":[],"rop_custom_messages_group":[],"rop_publish_now":"initial","rop_publish_now_accounts":{"facebook_10159540855086992_322828327761733":""},"rop_publish_now_history":[],"rop_publish_now_status":"pending","footnotes":""},"categories":[181],"tags":[121],"class_list":["post-605403","post","type-post","status-publish","format-standard","has-post-thumbnail","hentry","category-huejutla","tag-huejutla","entry"],"_links":{"self":[{"href":"https:\/\/www.zunoticia.com\/noticias-de-hidalgo\/wp-json\/wp\/v2\/posts\/605403","targetHints":{"allow":["GET"]}}],"collection":[{"href":"https:\/\/www.zunoticia.com\/noticias-de-hidalgo\/wp-json\/wp\/v2\/posts"}],"about":[{"href":"https:\/\/www.zunoticia.com\/noticias-de-hidalgo\/wp-json\/wp\/v2\/types\/post"}],"author":[{"embeddable":true,"href":"https:\/\/www.zunoticia.com\/noticias-de-hidalgo\/wp-json\/wp\/v2\/users\/12"}],"replies":[{"embeddable":true,"href":"https:\/\/www.zunoticia.com\/noticias-de-hidalgo\/wp-json\/wp\/v2\/comments?post=605403"}],"version-history":[{"count":1,"href":"https:\/\/www.zunoticia.com\/noticias-de-hidalgo\/wp-json\/wp\/v2\/posts\/605403\/revisions"}],"predecessor-version":[{"id":605411,"href":"https:\/\/www.zunoticia.com\/noticias-de-hidalgo\/wp-json\/wp\/v2\/posts\/605403\/revisions\/605411"}],"wp:featuredmedia":[{"embeddable":true,"href":"https:\/\/www.zunoticia.com\/noticias-de-hidalgo\/wp-json\/wp\/v2\/media\/605405"}],"wp:attachment":[{"href":"https:\/\/www.zunoticia.com\/noticias-de-hidalgo\/wp-json\/wp\/v2\/media?parent=605403"}],"wp:term":[{"taxonomy":"category","embeddable":true,"href":"https:\/\/www.zunoticia.com\/noticias-de-hidalgo\/wp-json\/wp\/v2\/categories?post=605403"},{"taxonomy":"post_tag","embeddable":true,"href":"https:\/\/www.zunoticia.com\/noticias-de-hidalgo\/wp-json\/wp\/v2\/tags?post=605403"}],"curies":[{"name":"wp","href":"https:\/\/api.w.org\/{rel}","templated":true}]}}