{"id":605412,"date":"2025-08-31T19:58:13","date_gmt":"2025-09-01T01:58:13","guid":{"rendered":"https:\/\/www.zunoticia.com\/noticias-de-hidalgo\/?p=605412"},"modified":"2025-08-31T19:58:16","modified_gmt":"2025-09-01T01:58:16","slug":"fortalecen-programa-de-registros-extemporaneos-en-huejutla","status":"publish","type":"post","link":"https:\/\/www.zunoticia.com\/noticias-de-hidalgo\/2025\/08\/31\/fortalecen-programa-de-registros-extemporaneos-en-huejutla\/","title":{"rendered":"Fortalecen programa de registros extempor\u00e1neos en Huejutla"},"content":{"rendered":"<aside class=\"mashsb-container mashsb-main mashsb-stretched\"><div class=\"mashsb-box\"><div class=\"mashsb-count mash-large\" style=\"float:left\"><div class=\"counts mashsbcount\">0<\/div><span class=\"mashsb-sharetext\">SHARES<\/span><\/div><div class=\"mashsb-buttons\"><a class=\"mashicon-facebook mash-large mash-center mashsb-noshadow\" href=\"https:\/\/www.facebook.com\/sharer.php?u=https%3A%2F%2Fwww.zunoticia.com%2Fnoticias-de-hidalgo%2F2025%2F08%2F31%2Ffortalecen-programa-de-registros-extemporaneos-en-huejutla%2F\" target=\"_top\" rel=\"nofollow\"><span class=\"icon\"><\/span><span class=\"text\">Share<\/span><\/a><a class=\"mashicon-twitter mash-large mash-center mashsb-noshadow\" href=\"https:\/\/twitter.com\/intent\/tweet?text=&amp;url=https:\/\/www.zunoticia.com\/noticias-de-hidalgo\/2025\/08\/31\/fortalecen-programa-de-registros-extemporaneos-en-huejutla\/\" target=\"_top\" rel=\"nofollow\"><span class=\"icon\"><\/span><span class=\"text\">Tweet<\/span><\/a><div class=\"onoffswitch2 mash-large mashsb-noshadow\" style=\"display:none\"><\/div><\/div>\n            <\/div>\n                <div style=\"clear:both\"><\/div><div class=\"mashsb-toggle-container\"><\/div><\/aside>\n            <!-- Share buttons by mashshare.net - Version: 4.0.47-->\n<p><em>Por Redacci\u00f3n<a>\/Zunoticia<\/a><\/em><\/p>\n\n\n\n<p><strong>Huejutla, Hgo.-<\/strong> Este s\u00e1bado, personal del Registro del Estado Familiar, por indicaciones del presidente municipal, Lic. Alfredo San Rom\u00e1n Duval, realiz\u00f3 la entrega de registros de nacimiento extempor\u00e1neos a tres adultos mayores, con lo que se les otorga identidad, certeza jur\u00eddica y se garantizan sus derechos humanos. Como parte del tr\u00e1mite, tambi\u00e9n recibieron su Clave \u00danica de Registro de Poblaci\u00f3n (CURP).<\/p>\n\n\n\n<p>Con estas acciones, el Gobierno Municipal de Huejutla ha entregado ya un total de 502 registros extempor\u00e1neos de nacimiento, consolidando un programa que ha permitido apoyar a personas que carec\u00edan de este documento esencial y que, adem\u00e1s, no genera costo alguno para los beneficiarios.<\/p>\n\n\n\n<p>El Lic. H\u00e9ctor David Castillo Ram\u00edrez, Oficial del Registro del Estado Familiar en Huejutla, destac\u00f3 que, este tr\u00e1mite abre la puerta para que las y los ciudadanos puedan acceder a servicios y programas de los tres niveles de gobierno, lo que representa un beneficio directo para su bienestar y desarrollo.<\/p>\n\n\n\n<p>Asimismo, subray\u00f3 que, este esfuerzo es resultado de la coordinaci\u00f3n entre la Presidencia Municipal, a trav\u00e9s del Registro del Estado Familiar y el Sistema DIF Huejutla, instancia que ha respaldado la atenci\u00f3n integral a las y los beneficiarios de este programa.<\/p>\n\n\n\n<p>Finalmente, hizo un llamado a la poblaci\u00f3n que requiera este servicio a acudir a las oficinas del Registro del Estado Familiar, ubicadas en Plazuela Hidalgo No. 22, Zona Centro de Huejutla, as\u00ed como a los m\u00f3dulos habilitados en Coacuilco y Tehuetl\u00e1n, inaugurados recientemente con el prop\u00f3sito de acercar este tr\u00e1mite a m\u00e1s&nbsp;comunidades.<\/p>\n","protected":false},"excerpt":{"rendered":"<p>Por Redacci\u00f3n\/Zunoticia Huejutla, Hgo.- Este s\u00e1bado, personal del Registro del Estado Familiar, por indicaciones del presidente municipal, Lic. Alfredo San Rom\u00e1n Duval, realiz\u00f3 la entrega de registros de nacimiento extempor\u00e1neos a tres adultos mayores, con lo que se les otorga identidad, certeza jur\u00eddica y se garantizan sus derechos humanos. Como parte del tr\u00e1mite, tambi\u00e9n recibieron&hellip; <a class=\"more-link\" href=\"https:\/\/www.zunoticia.com\/noticias-de-hidalgo\/2025\/08\/31\/fortalecen-programa-de-registros-extemporaneos-en-huejutla\/\">Seguir leyendo <span class=\"screen-reader-text\">Fortalecen programa de registros extempor\u00e1neos en Huejutla<\/span><\/a><\/p>\n","protected":false},"author":12,"featured_media":605367,"comment_status":"open","ping_status":"open","sticky":false,"template":"","format":"standard","meta":{"rop_custom_images_group":[],"rop_custom_messages_group":[],"rop_publish_now":"initial","rop_publish_now_accounts":{"facebook_10159540855086992_322828327761733":""},"rop_publish_now_history":[],"rop_publish_now_status":"pending","footnotes":""},"categories":[181],"tags":[121],"class_list":["post-605412","post","type-post","status-publish","format-standard","has-post-thumbnail","hentry","category-huejutla","tag-huejutla","entry"],"_links":{"self":[{"href":"https:\/\/www.zunoticia.com\/noticias-de-hidalgo\/wp-json\/wp\/v2\/posts\/605412","targetHints":{"allow":["GET"]}}],"collection":[{"href":"https:\/\/www.zunoticia.com\/noticias-de-hidalgo\/wp-json\/wp\/v2\/posts"}],"about":[{"href":"https:\/\/www.zunoticia.com\/noticias-de-hidalgo\/wp-json\/wp\/v2\/types\/post"}],"author":[{"embeddable":true,"href":"https:\/\/www.zunoticia.com\/noticias-de-hidalgo\/wp-json\/wp\/v2\/users\/12"}],"replies":[{"embeddable":true,"href":"https:\/\/www.zunoticia.com\/noticias-de-hidalgo\/wp-json\/wp\/v2\/comments?post=605412"}],"version-history":[{"count":1,"href":"https:\/\/www.zunoticia.com\/noticias-de-hidalgo\/wp-json\/wp\/v2\/posts\/605412\/revisions"}],"predecessor-version":[{"id":605413,"href":"https:\/\/www.zunoticia.com\/noticias-de-hidalgo\/wp-json\/wp\/v2\/posts\/605412\/revisions\/605413"}],"wp:featuredmedia":[{"embeddable":true,"href":"https:\/\/www.zunoticia.com\/noticias-de-hidalgo\/wp-json\/wp\/v2\/media\/605367"}],"wp:attachment":[{"href":"https:\/\/www.zunoticia.com\/noticias-de-hidalgo\/wp-json\/wp\/v2\/media?parent=605412"}],"wp:term":[{"taxonomy":"category","embeddable":true,"href":"https:\/\/www.zunoticia.com\/noticias-de-hidalgo\/wp-json\/wp\/v2\/categories?post=605412"},{"taxonomy":"post_tag","embeddable":true,"href":"https:\/\/www.zunoticia.com\/noticias-de-hidalgo\/wp-json\/wp\/v2\/tags?post=605412"}],"curies":[{"name":"wp","href":"https:\/\/api.w.org\/{rel}","templated":true}]}}