{"id":605415,"date":"2025-08-31T20:05:20","date_gmt":"2025-09-01T02:05:20","guid":{"rendered":"https:\/\/www.zunoticia.com\/noticias-de-hidalgo\/?p=605415"},"modified":"2025-08-31T20:05:23","modified_gmt":"2025-09-01T02:05:23","slug":"dif-huejutla-se-une-a-celebracion-del-gobierno-y-dif-estatal-viviendo-en-plenitud","status":"publish","type":"post","link":"https:\/\/www.zunoticia.com\/noticias-de-hidalgo\/2025\/08\/31\/dif-huejutla-se-une-a-celebracion-del-gobierno-y-dif-estatal-viviendo-en-plenitud\/","title":{"rendered":"DIF Huejutla se une a celebraci\u00f3n del gobierno y DIF Estatal \u201cViviendo en Plenitud\u201d"},"content":{"rendered":"<aside class=\"mashsb-container mashsb-main mashsb-stretched\"><div class=\"mashsb-box\"><div class=\"mashsb-count mash-large\" style=\"float:left\"><div class=\"counts mashsbcount\">0<\/div><span class=\"mashsb-sharetext\">SHARES<\/span><\/div><div class=\"mashsb-buttons\"><a class=\"mashicon-facebook mash-large mash-center mashsb-noshadow\" href=\"https:\/\/www.facebook.com\/sharer.php?u=https%3A%2F%2Fwww.zunoticia.com%2Fnoticias-de-hidalgo%2F2025%2F08%2F31%2Fdif-huejutla-se-une-a-celebracion-del-gobierno-y-dif-estatal-viviendo-en-plenitud%2F\" target=\"_top\" rel=\"nofollow\"><span class=\"icon\"><\/span><span class=\"text\">Share<\/span><\/a><a class=\"mashicon-twitter mash-large mash-center mashsb-noshadow\" href=\"https:\/\/twitter.com\/intent\/tweet?text=&amp;url=https:\/\/www.zunoticia.com\/noticias-de-hidalgo\/2025\/08\/31\/dif-huejutla-se-une-a-celebracion-del-gobierno-y-dif-estatal-viviendo-en-plenitud\/\" target=\"_top\" rel=\"nofollow\"><span class=\"icon\"><\/span><span class=\"text\">Tweet<\/span><\/a><div class=\"onoffswitch2 mash-large mashsb-noshadow\" style=\"display:none\"><\/div><\/div>\n            <\/div>\n                <div style=\"clear:both\"><\/div><div class=\"mashsb-toggle-container\"><\/div><\/aside>\n            <!-- Share buttons by mashshare.net - Version: 4.0.47-->\n<ul class=\"wp-block-list\">\n<li>Con el apoyo del alcalde Municipal, Lic. Alfredo San Rom\u00e1n Duval, y la Presidenta del DIF, Dra. Kristel Rodr\u00edguez Flores, los adultos se trasladaron a Pachuca para vivir un festejo inolvidable.<\/li>\n<\/ul>\n\n\n\n<p><em>Por Redacci\u00f3n\/Zunoticia<\/em><\/p>\n\n\n\n<p><strong>Huejutla de Reyes, Hgo.-<\/strong> En el marco del Mes de las y los Adultos Mayores, la Dra. Kristel Rodr\u00edguez Flores, Presidenta del Sistema DIF Huejutla, y adultos mayores del Centro de Atenci\u00f3n del Adulto Mayor, se trasladaron a la ciudad de Pachuca de Soto, para participar en la celebraci\u00f3n &#8220;Viviendo en Plenitud\u201d, organizada por el Gobernador, Lic. Julio Menchaca Salazar, y la presidenta del Patronato del Sistema DIF Hidalgo, Lic. Edda Vite Ramos.<\/p>\n\n\n<div class=\"wp-block-image\">\n<figure class=\"aligncenter size-large\"><img fetchpriority=\"high\" decoding=\"async\" width=\"1024\" height=\"1024\" src=\"https:\/\/www.zunoticia.com\/noticias-de-hidalgo\/wp-content\/uploads\/2025\/08\/eZy-Watermark_31-08-2025_05-57-31-8570p.m-1024x1024.jpg\" alt=\"\" class=\"wp-image-605400\" srcset=\"https:\/\/www.zunoticia.com\/noticias-de-hidalgo\/wp-content\/uploads\/2025\/08\/eZy-Watermark_31-08-2025_05-57-31-8570p.m-1024x1024.jpg 1024w, https:\/\/www.zunoticia.com\/noticias-de-hidalgo\/wp-content\/uploads\/2025\/08\/eZy-Watermark_31-08-2025_05-57-31-8570p.m-300x300.jpg 300w, https:\/\/www.zunoticia.com\/noticias-de-hidalgo\/wp-content\/uploads\/2025\/08\/eZy-Watermark_31-08-2025_05-57-31-8570p.m-150x150.jpg 150w, https:\/\/www.zunoticia.com\/noticias-de-hidalgo\/wp-content\/uploads\/2025\/08\/eZy-Watermark_31-08-2025_05-57-31-8570p.m-768x768.jpg 768w, https:\/\/www.zunoticia.com\/noticias-de-hidalgo\/wp-content\/uploads\/2025\/08\/eZy-Watermark_31-08-2025_05-57-31-8570p.m.jpg 1440w\" sizes=\"(max-width: 1024px) 100vw, 1024px\" \/><\/figure>\n<\/div>\n\n\n<p>La reuni\u00f3n se llev\u00f3 a cabo en el recinto Ferial, con la presencia de autoridades como el Maestro Ricardo Alvizo Contreras, Titular del DIF Estatal; el Dr. C\u00e9sar Guti\u00e9rrez, Director del Hospital Ni\u00f1o DIF y la Magistrada Rebecca Aladro Echeverr\u00eda. En este espacio, los adultos huejutlenses disfrutaron de 49 m\u00f3dulos interactivos, concursos, sorpresas, juegos, asesor\u00eda de programas sociales y actividades para fortalecer su salud f\u00edsica, cognitiva, emocional y social.<\/p>\n\n\n\n<figure class=\"wp-block-image size-large\"><img decoding=\"async\" width=\"1024\" height=\"576\" src=\"https:\/\/www.zunoticia.com\/noticias-de-hidalgo\/wp-content\/uploads\/2025\/08\/eZy-Watermark_31-08-2025_05-57-50-0810p.m-1024x576.jpg\" alt=\"\" class=\"wp-image-605398\" srcset=\"https:\/\/www.zunoticia.com\/noticias-de-hidalgo\/wp-content\/uploads\/2025\/08\/eZy-Watermark_31-08-2025_05-57-50-0810p.m-1024x576.jpg 1024w, https:\/\/www.zunoticia.com\/noticias-de-hidalgo\/wp-content\/uploads\/2025\/08\/eZy-Watermark_31-08-2025_05-57-50-0810p.m-300x169.jpg 300w, https:\/\/www.zunoticia.com\/noticias-de-hidalgo\/wp-content\/uploads\/2025\/08\/eZy-Watermark_31-08-2025_05-57-50-0810p.m-768x432.jpg 768w, https:\/\/www.zunoticia.com\/noticias-de-hidalgo\/wp-content\/uploads\/2025\/08\/eZy-Watermark_31-08-2025_05-57-50-0810p.m-1536x864.jpg 1536w, https:\/\/www.zunoticia.com\/noticias-de-hidalgo\/wp-content\/uploads\/2025\/08\/eZy-Watermark_31-08-2025_05-57-50-0810p.m-1568x882.jpg 1568w, https:\/\/www.zunoticia.com\/noticias-de-hidalgo\/wp-content\/uploads\/2025\/08\/eZy-Watermark_31-08-2025_05-57-50-0810p.m.jpg 1600w\" sizes=\"(max-width: 1024px) 100vw, 1024px\" \/><\/figure>\n\n\n\n<p>La Dra. Kristel Rodr\u00edguez agradeci\u00f3 la invitaci\u00f3n a las autoridades estatales, a quienes reconoci\u00f3 el cari\u00f1o con el que el DIF Hidalgo abraza a las y los adultos mayores para brindar bienestar y justicia social.<\/p>\n\n\n\n<figure class=\"wp-block-image size-large\"><img decoding=\"async\" width=\"1024\" height=\"576\" src=\"https:\/\/www.zunoticia.com\/noticias-de-hidalgo\/wp-content\/uploads\/2025\/08\/eZy-Watermark_31-08-2025_05-58-24-4760p.m-1024x576.jpg\" alt=\"\" class=\"wp-image-605401\" srcset=\"https:\/\/www.zunoticia.com\/noticias-de-hidalgo\/wp-content\/uploads\/2025\/08\/eZy-Watermark_31-08-2025_05-58-24-4760p.m-1024x576.jpg 1024w, https:\/\/www.zunoticia.com\/noticias-de-hidalgo\/wp-content\/uploads\/2025\/08\/eZy-Watermark_31-08-2025_05-58-24-4760p.m-300x169.jpg 300w, https:\/\/www.zunoticia.com\/noticias-de-hidalgo\/wp-content\/uploads\/2025\/08\/eZy-Watermark_31-08-2025_05-58-24-4760p.m-768x432.jpg 768w, https:\/\/www.zunoticia.com\/noticias-de-hidalgo\/wp-content\/uploads\/2025\/08\/eZy-Watermark_31-08-2025_05-58-24-4760p.m-1536x864.jpg 1536w, https:\/\/www.zunoticia.com\/noticias-de-hidalgo\/wp-content\/uploads\/2025\/08\/eZy-Watermark_31-08-2025_05-58-24-4760p.m-1568x882.jpg 1568w, https:\/\/www.zunoticia.com\/noticias-de-hidalgo\/wp-content\/uploads\/2025\/08\/eZy-Watermark_31-08-2025_05-58-24-4760p.m.jpg 1600w\" sizes=\"(max-width: 1024px) 100vw, 1024px\" \/><\/figure>\n\n\n\n<p>Para finalizar este inolvidable d\u00eda, las y los adultos mayores disfrutaron del concierto de la \u00danica Internacional Sonora Santanera, donde demostraron su entusiasmo coreando las canciones, acompa\u00f1ados de sus&nbsp;mejores&nbsp;pasos.<\/p>\n","protected":false},"excerpt":{"rendered":"<p>Por Redacci\u00f3n\/Zunoticia Huejutla de Reyes, Hgo.- En el marco del Mes de las y los Adultos Mayores, la Dra. Kristel Rodr\u00edguez Flores, Presidenta del Sistema DIF Huejutla, y adultos mayores del Centro de Atenci\u00f3n del Adulto Mayor, se trasladaron a la ciudad de Pachuca de Soto, para participar en la celebraci\u00f3n &#8220;Viviendo en Plenitud\u201d, organizada&hellip; <a class=\"more-link\" href=\"https:\/\/www.zunoticia.com\/noticias-de-hidalgo\/2025\/08\/31\/dif-huejutla-se-une-a-celebracion-del-gobierno-y-dif-estatal-viviendo-en-plenitud\/\">Seguir leyendo <span class=\"screen-reader-text\">DIF Huejutla se une a celebraci\u00f3n del gobierno y DIF Estatal \u201cViviendo en Plenitud\u201d<\/span><\/a><\/p>\n","protected":false},"author":12,"featured_media":605399,"comment_status":"open","ping_status":"open","sticky":false,"template":"","format":"standard","meta":{"rop_custom_images_group":[],"rop_custom_messages_group":[],"rop_publish_now":"initial","rop_publish_now_accounts":{"facebook_10159540855086992_322828327761733":""},"rop_publish_now_history":[],"rop_publish_now_status":"pending","footnotes":""},"categories":[181],"tags":[121],"class_list":["post-605415","post","type-post","status-publish","format-standard","has-post-thumbnail","hentry","category-huejutla","tag-huejutla","entry"],"_links":{"self":[{"href":"https:\/\/www.zunoticia.com\/noticias-de-hidalgo\/wp-json\/wp\/v2\/posts\/605415","targetHints":{"allow":["GET"]}}],"collection":[{"href":"https:\/\/www.zunoticia.com\/noticias-de-hidalgo\/wp-json\/wp\/v2\/posts"}],"about":[{"href":"https:\/\/www.zunoticia.com\/noticias-de-hidalgo\/wp-json\/wp\/v2\/types\/post"}],"author":[{"embeddable":true,"href":"https:\/\/www.zunoticia.com\/noticias-de-hidalgo\/wp-json\/wp\/v2\/users\/12"}],"replies":[{"embeddable":true,"href":"https:\/\/www.zunoticia.com\/noticias-de-hidalgo\/wp-json\/wp\/v2\/comments?post=605415"}],"version-history":[{"count":1,"href":"https:\/\/www.zunoticia.com\/noticias-de-hidalgo\/wp-json\/wp\/v2\/posts\/605415\/revisions"}],"predecessor-version":[{"id":605416,"href":"https:\/\/www.zunoticia.com\/noticias-de-hidalgo\/wp-json\/wp\/v2\/posts\/605415\/revisions\/605416"}],"wp:featuredmedia":[{"embeddable":true,"href":"https:\/\/www.zunoticia.com\/noticias-de-hidalgo\/wp-json\/wp\/v2\/media\/605399"}],"wp:attachment":[{"href":"https:\/\/www.zunoticia.com\/noticias-de-hidalgo\/wp-json\/wp\/v2\/media?parent=605415"}],"wp:term":[{"taxonomy":"category","embeddable":true,"href":"https:\/\/www.zunoticia.com\/noticias-de-hidalgo\/wp-json\/wp\/v2\/categories?post=605415"},{"taxonomy":"post_tag","embeddable":true,"href":"https:\/\/www.zunoticia.com\/noticias-de-hidalgo\/wp-json\/wp\/v2\/tags?post=605415"}],"curies":[{"name":"wp","href":"https:\/\/api.w.org\/{rel}","templated":true}]}}