{"id":605428,"date":"2025-09-01T12:28:17","date_gmt":"2025-09-01T18:28:17","guid":{"rendered":"https:\/\/www.zunoticia.com\/noticias-de-hidalgo\/?p=605428"},"modified":"2025-09-01T12:28:18","modified_gmt":"2025-09-01T18:28:18","slug":"motociclista-choco-y-dejo-danos-materiales","status":"publish","type":"post","link":"https:\/\/www.zunoticia.com\/noticias-de-hidalgo\/2025\/09\/01\/motociclista-choco-y-dejo-danos-materiales\/","title":{"rendered":"Motociclista choc\u00f3 y dej\u00f3 da\u00f1os materiales"},"content":{"rendered":"<aside class=\"mashsb-container mashsb-main mashsb-stretched\"><div class=\"mashsb-box\"><div class=\"mashsb-count mash-large\" style=\"float:left\"><div class=\"counts mashsbcount\">0<\/div><span class=\"mashsb-sharetext\">SHARES<\/span><\/div><div class=\"mashsb-buttons\"><a class=\"mashicon-facebook mash-large mash-center mashsb-noshadow\" href=\"https:\/\/www.facebook.com\/sharer.php?u=https%3A%2F%2Fwww.zunoticia.com%2Fnoticias-de-hidalgo%2F2025%2F09%2F01%2Fmotociclista-choco-y-dejo-danos-materiales%2F\" target=\"_top\" rel=\"nofollow\"><span class=\"icon\"><\/span><span class=\"text\">Share<\/span><\/a><a class=\"mashicon-twitter mash-large mash-center mashsb-noshadow\" href=\"https:\/\/twitter.com\/intent\/tweet?text=&amp;url=https:\/\/www.zunoticia.com\/noticias-de-hidalgo\/2025\/09\/01\/motociclista-choco-y-dejo-danos-materiales\/\" target=\"_top\" rel=\"nofollow\"><span class=\"icon\"><\/span><span class=\"text\">Tweet<\/span><\/a><div class=\"onoffswitch2 mash-large mashsb-noshadow\" style=\"display:none\"><\/div><\/div>\n            <\/div>\n                <div style=\"clear:both\"><\/div><div class=\"mashsb-toggle-container\"><\/div><\/aside>\n            <!-- Share buttons by mashshare.net - Version: 4.0.47-->\n<p><em>Por Roberto Ram\u00edrez\/Zunoticia<\/em> <\/p>\n\n\n\n<p><strong>Huejutla, Hgo. &#8211; <\/strong>Una motocicleta se impact\u00f3 con un veh\u00edculo motriz dejando da\u00f1os materiales en hechos ocurridos durante la noche del domingo sobre el bulevar Adolfo L\u00f3pez Mateos en frente del INE de esta ciudad, el motociclista se dio a la fuga tras el accidente. <\/p>\n\n\n\n<p>En el percance se vio involucrada una motocicleta que impact\u00f3  otro veh\u00edculo motriz, dejando da\u00f1os en esa unidad, el accidente sobrevino presuntamente por el exceso de velocidad y cuyo conductor manejaba bajo los influjos del alcohol lo que ocasion\u00f3 el percance. <\/p>\n\n\n\n<figure class=\"wp-block-image size-large\"><img fetchpriority=\"high\" decoding=\"async\" width=\"1024\" height=\"594\" src=\"https:\/\/www.zunoticia.com\/noticias-de-hidalgo\/wp-content\/uploads\/2025\/09\/1000334925-1-1024x594.jpg\" alt=\"\" class=\"wp-image-605431\" srcset=\"https:\/\/www.zunoticia.com\/noticias-de-hidalgo\/wp-content\/uploads\/2025\/09\/1000334925-1-1024x594.jpg 1024w, https:\/\/www.zunoticia.com\/noticias-de-hidalgo\/wp-content\/uploads\/2025\/09\/1000334925-1-300x174.jpg 300w, https:\/\/www.zunoticia.com\/noticias-de-hidalgo\/wp-content\/uploads\/2025\/09\/1000334925-1-768x445.jpg 768w, https:\/\/www.zunoticia.com\/noticias-de-hidalgo\/wp-content\/uploads\/2025\/09\/1000334925-1.jpg 1280w\" sizes=\"(max-width: 1024px) 100vw, 1024px\" \/><\/figure>\n\n\n\n<p>El conductor de la unidad de dos ruedas a pesar de haber da\u00f1ado su moto la levant\u00f3 y se fue del lugar para evitar sanciones de las autoridades policiacas. <\/p>\n\n\n\n<p>Al lugar de los hechos llegaron polic\u00edas de la Secretar\u00eda de Seguridad P\u00fablica Estatal para tomar conocimiento de los hechos y deslindar responsabilidades.<\/p>\n","protected":false},"excerpt":{"rendered":"<p>Por Roberto Ram\u00edrez\/Zunoticia Huejutla, Hgo. &#8211; Una motocicleta se impact\u00f3 con un veh\u00edculo motriz dejando da\u00f1os materiales en hechos ocurridos durante la noche del domingo sobre el bulevar Adolfo L\u00f3pez Mateos en frente del INE de esta ciudad, el motociclista se dio a la fuga tras el accidente. En el percance se vio involucrada una&hellip; <a class=\"more-link\" href=\"https:\/\/www.zunoticia.com\/noticias-de-hidalgo\/2025\/09\/01\/motociclista-choco-y-dejo-danos-materiales\/\">Seguir leyendo <span class=\"screen-reader-text\">Motociclista choc\u00f3 y dej\u00f3 da\u00f1os materiales<\/span><\/a><\/p>\n","protected":false},"author":22,"featured_media":605432,"comment_status":"open","ping_status":"open","sticky":false,"template":"","format":"standard","meta":{"rop_custom_images_group":[],"rop_custom_messages_group":[],"rop_publish_now":"initial","rop_publish_now_accounts":{"facebook_10159540855086992_322828327761733":""},"rop_publish_now_history":[],"rop_publish_now_status":"pending","footnotes":""},"categories":[178],"tags":[121],"class_list":["post-605428","post","type-post","status-publish","format-standard","has-post-thumbnail","hentry","category-policiaca","tag-huejutla","entry"],"_links":{"self":[{"href":"https:\/\/www.zunoticia.com\/noticias-de-hidalgo\/wp-json\/wp\/v2\/posts\/605428","targetHints":{"allow":["GET"]}}],"collection":[{"href":"https:\/\/www.zunoticia.com\/noticias-de-hidalgo\/wp-json\/wp\/v2\/posts"}],"about":[{"href":"https:\/\/www.zunoticia.com\/noticias-de-hidalgo\/wp-json\/wp\/v2\/types\/post"}],"author":[{"embeddable":true,"href":"https:\/\/www.zunoticia.com\/noticias-de-hidalgo\/wp-json\/wp\/v2\/users\/22"}],"replies":[{"embeddable":true,"href":"https:\/\/www.zunoticia.com\/noticias-de-hidalgo\/wp-json\/wp\/v2\/comments?post=605428"}],"version-history":[{"count":1,"href":"https:\/\/www.zunoticia.com\/noticias-de-hidalgo\/wp-json\/wp\/v2\/posts\/605428\/revisions"}],"predecessor-version":[{"id":605433,"href":"https:\/\/www.zunoticia.com\/noticias-de-hidalgo\/wp-json\/wp\/v2\/posts\/605428\/revisions\/605433"}],"wp:featuredmedia":[{"embeddable":true,"href":"https:\/\/www.zunoticia.com\/noticias-de-hidalgo\/wp-json\/wp\/v2\/media\/605432"}],"wp:attachment":[{"href":"https:\/\/www.zunoticia.com\/noticias-de-hidalgo\/wp-json\/wp\/v2\/media?parent=605428"}],"wp:term":[{"taxonomy":"category","embeddable":true,"href":"https:\/\/www.zunoticia.com\/noticias-de-hidalgo\/wp-json\/wp\/v2\/categories?post=605428"},{"taxonomy":"post_tag","embeddable":true,"href":"https:\/\/www.zunoticia.com\/noticias-de-hidalgo\/wp-json\/wp\/v2\/tags?post=605428"}],"curies":[{"name":"wp","href":"https:\/\/api.w.org\/{rel}","templated":true}]}}