{"id":605437,"date":"2025-09-01T15:32:45","date_gmt":"2025-09-01T21:32:45","guid":{"rendered":"https:\/\/www.zunoticia.com\/noticias-de-hidalgo\/?p=605437"},"modified":"2025-09-01T15:32:48","modified_gmt":"2025-09-01T21:32:48","slug":"camioneta-sufrio-salida-de-camino-tras-falla-mecanica","status":"publish","type":"post","link":"https:\/\/www.zunoticia.com\/noticias-de-hidalgo\/2025\/09\/01\/camioneta-sufrio-salida-de-camino-tras-falla-mecanica\/","title":{"rendered":"Camioneta sufri\u00f3 salida de camino tras falla mec\u00e1nica"},"content":{"rendered":"<aside class=\"mashsb-container mashsb-main mashsb-stretched\"><div class=\"mashsb-box\"><div class=\"mashsb-count mash-large\" style=\"float:left\"><div class=\"counts mashsbcount\">0<\/div><span class=\"mashsb-sharetext\">SHARES<\/span><\/div><div class=\"mashsb-buttons\"><a class=\"mashicon-facebook mash-large mash-center mashsb-noshadow\" href=\"https:\/\/www.facebook.com\/sharer.php?u=https%3A%2F%2Fwww.zunoticia.com%2Fnoticias-de-hidalgo%2F2025%2F09%2F01%2Fcamioneta-sufrio-salida-de-camino-tras-falla-mecanica%2F\" target=\"_top\" rel=\"nofollow\"><span class=\"icon\"><\/span><span class=\"text\">Share<\/span><\/a><a class=\"mashicon-twitter mash-large mash-center mashsb-noshadow\" href=\"https:\/\/twitter.com\/intent\/tweet?text=&amp;url=https:\/\/www.zunoticia.com\/noticias-de-hidalgo\/2025\/09\/01\/camioneta-sufrio-salida-de-camino-tras-falla-mecanica\/\" target=\"_top\" rel=\"nofollow\"><span class=\"icon\"><\/span><span class=\"text\">Tweet<\/span><\/a><div class=\"onoffswitch2 mash-large mashsb-noshadow\" style=\"display:none\"><\/div><\/div>\n            <\/div>\n                <div style=\"clear:both\"><\/div><div class=\"mashsb-toggle-container\"><\/div><\/aside>\n            <!-- Share buttons by mashshare.net - Version: 4.0.47-->\n<p><em>Por Roberto Ram\u00edrez\/Zunoticia<\/em><\/p>\n\n\n\n<p><strong>Jaltoc\u00e1n, Hgo. &#8211;<\/strong> Presuntamente ante una falla mec\u00e1nica que present\u00f3 una camioneta sufri\u00f3 un accidente sobre el Barrio El Rosario de la cabecera municipal de Jaltoc\u00e1n, dejando da\u00f1os materiales y una persona lesionada, autoridades policiacas se movilizaron a ese sector para auxiliar a la gente.<\/p>\n\n\n\n<p>El accidente se registr\u00f3 la ma\u00f1ana de este lunes sobre la carretera Jaltoc\u00e1n-Coacuilco, donde una camioneta Toyota blanca presuntamente en una subida sufri\u00f3 una falla mec\u00e1nica y se fue de reversa hasta terminar fuera de la cinta asf\u00e1ltica.<\/p>\n\n\n\n<p>Habitantes de esa zona poblacional fueron quienes primeramente auxiliaron al conductor que sufri\u00f3 lesiones leves siendo llevado al centro de salud, al lugar llegaron elementos de la Secretar\u00eda de Seguridad P\u00fablica Municipal y Protecci\u00f3n Civil Municipal para tomar conocimiento de los hechos y ordenar el remolque del veh\u00edculo accidentado.<\/p>\n","protected":false},"excerpt":{"rendered":"<p>Por Roberto Ram\u00edrez\/Zunoticia Jaltoc\u00e1n, Hgo. &#8211; Presuntamente ante una falla mec\u00e1nica que present\u00f3 una camioneta sufri\u00f3 un accidente sobre el Barrio El Rosario de la cabecera municipal de Jaltoc\u00e1n, dejando da\u00f1os materiales y una persona lesionada, autoridades policiacas se movilizaron a ese sector para auxiliar a la gente. El accidente se registr\u00f3 la ma\u00f1ana de&hellip; <a class=\"more-link\" href=\"https:\/\/www.zunoticia.com\/noticias-de-hidalgo\/2025\/09\/01\/camioneta-sufrio-salida-de-camino-tras-falla-mecanica\/\">Seguir leyendo <span class=\"screen-reader-text\">Camioneta sufri\u00f3 salida de camino tras falla mec\u00e1nica<\/span><\/a><\/p>\n","protected":false},"author":22,"featured_media":605438,"comment_status":"open","ping_status":"open","sticky":false,"template":"","format":"standard","meta":{"rop_custom_images_group":[],"rop_custom_messages_group":[],"rop_publish_now":"initial","rop_publish_now_accounts":{"facebook_10159540855086992_322828327761733":""},"rop_publish_now_history":[],"rop_publish_now_status":"pending","footnotes":""},"categories":[178],"tags":[131],"class_list":["post-605437","post","type-post","status-publish","format-standard","has-post-thumbnail","hentry","category-policiaca","tag-jaltocan","entry"],"_links":{"self":[{"href":"https:\/\/www.zunoticia.com\/noticias-de-hidalgo\/wp-json\/wp\/v2\/posts\/605437","targetHints":{"allow":["GET"]}}],"collection":[{"href":"https:\/\/www.zunoticia.com\/noticias-de-hidalgo\/wp-json\/wp\/v2\/posts"}],"about":[{"href":"https:\/\/www.zunoticia.com\/noticias-de-hidalgo\/wp-json\/wp\/v2\/types\/post"}],"author":[{"embeddable":true,"href":"https:\/\/www.zunoticia.com\/noticias-de-hidalgo\/wp-json\/wp\/v2\/users\/22"}],"replies":[{"embeddable":true,"href":"https:\/\/www.zunoticia.com\/noticias-de-hidalgo\/wp-json\/wp\/v2\/comments?post=605437"}],"version-history":[{"count":1,"href":"https:\/\/www.zunoticia.com\/noticias-de-hidalgo\/wp-json\/wp\/v2\/posts\/605437\/revisions"}],"predecessor-version":[{"id":605439,"href":"https:\/\/www.zunoticia.com\/noticias-de-hidalgo\/wp-json\/wp\/v2\/posts\/605437\/revisions\/605439"}],"wp:featuredmedia":[{"embeddable":true,"href":"https:\/\/www.zunoticia.com\/noticias-de-hidalgo\/wp-json\/wp\/v2\/media\/605438"}],"wp:attachment":[{"href":"https:\/\/www.zunoticia.com\/noticias-de-hidalgo\/wp-json\/wp\/v2\/media?parent=605437"}],"wp:term":[{"taxonomy":"category","embeddable":true,"href":"https:\/\/www.zunoticia.com\/noticias-de-hidalgo\/wp-json\/wp\/v2\/categories?post=605437"},{"taxonomy":"post_tag","embeddable":true,"href":"https:\/\/www.zunoticia.com\/noticias-de-hidalgo\/wp-json\/wp\/v2\/tags?post=605437"}],"curies":[{"name":"wp","href":"https:\/\/api.w.org\/{rel}","templated":true}]}}