{"id":605461,"date":"2025-09-01T16:05:34","date_gmt":"2025-09-01T22:05:34","guid":{"rendered":"https:\/\/www.zunoticia.com\/noticias-de-hidalgo\/?p=605461"},"modified":"2025-09-01T16:05:36","modified_gmt":"2025-09-01T22:05:36","slug":"trailer-impacto-por-alcance-un-automovil","status":"publish","type":"post","link":"https:\/\/www.zunoticia.com\/noticias-de-hidalgo\/2025\/09\/01\/trailer-impacto-por-alcance-un-automovil\/","title":{"rendered":"Tr\u00e1iler impact\u00f3 por alcance un autom\u00f3vil"},"content":{"rendered":"<aside class=\"mashsb-container mashsb-main mashsb-stretched\"><div class=\"mashsb-box\"><div class=\"mashsb-count mash-large\" style=\"float:left\"><div class=\"counts mashsbcount\">0<\/div><span class=\"mashsb-sharetext\">SHARES<\/span><\/div><div class=\"mashsb-buttons\"><a class=\"mashicon-facebook mash-large mash-center mashsb-noshadow\" href=\"https:\/\/www.facebook.com\/sharer.php?u=https%3A%2F%2Fwww.zunoticia.com%2Fnoticias-de-hidalgo%2F2025%2F09%2F01%2Ftrailer-impacto-por-alcance-un-automovil%2F\" target=\"_top\" rel=\"nofollow\"><span class=\"icon\"><\/span><span class=\"text\">Share<\/span><\/a><a class=\"mashicon-twitter mash-large mash-center mashsb-noshadow\" href=\"https:\/\/twitter.com\/intent\/tweet?text=&amp;url=https:\/\/www.zunoticia.com\/noticias-de-hidalgo\/2025\/09\/01\/trailer-impacto-por-alcance-un-automovil\/\" target=\"_top\" rel=\"nofollow\"><span class=\"icon\"><\/span><span class=\"text\">Tweet<\/span><\/a><div class=\"onoffswitch2 mash-large mashsb-noshadow\" style=\"display:none\"><\/div><\/div>\n            <\/div>\n                <div style=\"clear:both\"><\/div><div class=\"mashsb-toggle-container\"><\/div><\/aside>\n            <!-- Share buttons by mashshare.net - Version: 4.0.47-->\n<p><em>Por Roberto Ram\u00edrez\/Zunoticia<\/em><\/p>\n\n\n\n<p><strong>Huejutla, Hgo. &#8211;<\/strong> Un tr\u00e1iler choc\u00f3 por alcance a un autom\u00f3vil sobre el bulevar central de esta ciudad, lo anterior ante la falta de precauci\u00f3n de uno de los conductores, accidente que solo dej\u00f3 da\u00f1os materiales, el tr\u00e1fico se vio interrumpido en un carril.<\/p>\n\n\n\n<p>El accidente ocurri\u00f3 a la altura de la cl\u00ednica del IMSS Bienestar, donde presuntamente el conductor del tr\u00e1iler no alcanz\u00f3 a frenar e impacto en la parte trasera de un autom\u00f3vil Nissan Sentra color gris y sobrevino el accidente.<\/p>\n\n\n\n<figure class=\"wp-block-image size-large\"><img fetchpriority=\"high\" decoding=\"async\" width=\"1024\" height=\"600\" src=\"https:\/\/www.zunoticia.com\/noticias-de-hidalgo\/wp-content\/uploads\/2025\/09\/WhatsApp-Image-2025-09-01-at-4.00.07-PM-1-1024x600.jpeg\" alt=\"\" class=\"wp-image-605464\" srcset=\"https:\/\/www.zunoticia.com\/noticias-de-hidalgo\/wp-content\/uploads\/2025\/09\/WhatsApp-Image-2025-09-01-at-4.00.07-PM-1-1024x600.jpeg 1024w, https:\/\/www.zunoticia.com\/noticias-de-hidalgo\/wp-content\/uploads\/2025\/09\/WhatsApp-Image-2025-09-01-at-4.00.07-PM-1-300x176.jpeg 300w, https:\/\/www.zunoticia.com\/noticias-de-hidalgo\/wp-content\/uploads\/2025\/09\/WhatsApp-Image-2025-09-01-at-4.00.07-PM-1-768x450.jpeg 768w, https:\/\/www.zunoticia.com\/noticias-de-hidalgo\/wp-content\/uploads\/2025\/09\/WhatsApp-Image-2025-09-01-at-4.00.07-PM-1.jpeg 1280w\" sizes=\"(max-width: 1024px) 100vw, 1024px\" \/><\/figure>\n\n\n\n<p>Al lugar de los hechos llegaron oficiales de tr\u00e1nsito de la Secretar\u00eda de Seguridad P\u00fablica Municipal para tomar conocimiento de los hechos y deslindar responsabilidades, ambos conductores llegaron a un acuerdo para el resarcir el pago de los da\u00f1os.<\/p>\n","protected":false},"excerpt":{"rendered":"<p>Por Roberto Ram\u00edrez\/Zunoticia Huejutla, Hgo. &#8211; Un tr\u00e1iler choc\u00f3 por alcance a un autom\u00f3vil sobre el bulevar central de esta ciudad, lo anterior ante la falta de precauci\u00f3n de uno de los conductores, accidente que solo dej\u00f3 da\u00f1os materiales, el tr\u00e1fico se vio interrumpido en un carril. El accidente ocurri\u00f3 a la altura de la&hellip; <a class=\"more-link\" href=\"https:\/\/www.zunoticia.com\/noticias-de-hidalgo\/2025\/09\/01\/trailer-impacto-por-alcance-un-automovil\/\">Seguir leyendo <span class=\"screen-reader-text\">Tr\u00e1iler impact\u00f3 por alcance un autom\u00f3vil<\/span><\/a><\/p>\n","protected":false},"author":22,"featured_media":605463,"comment_status":"open","ping_status":"open","sticky":false,"template":"","format":"standard","meta":{"rop_custom_images_group":[],"rop_custom_messages_group":[],"rop_publish_now":"initial","rop_publish_now_accounts":{"facebook_10159540855086992_322828327761733":""},"rop_publish_now_history":[],"rop_publish_now_status":"pending","footnotes":""},"categories":[178],"tags":[121],"class_list":["post-605461","post","type-post","status-publish","format-standard","has-post-thumbnail","hentry","category-policiaca","tag-huejutla","entry"],"_links":{"self":[{"href":"https:\/\/www.zunoticia.com\/noticias-de-hidalgo\/wp-json\/wp\/v2\/posts\/605461","targetHints":{"allow":["GET"]}}],"collection":[{"href":"https:\/\/www.zunoticia.com\/noticias-de-hidalgo\/wp-json\/wp\/v2\/posts"}],"about":[{"href":"https:\/\/www.zunoticia.com\/noticias-de-hidalgo\/wp-json\/wp\/v2\/types\/post"}],"author":[{"embeddable":true,"href":"https:\/\/www.zunoticia.com\/noticias-de-hidalgo\/wp-json\/wp\/v2\/users\/22"}],"replies":[{"embeddable":true,"href":"https:\/\/www.zunoticia.com\/noticias-de-hidalgo\/wp-json\/wp\/v2\/comments?post=605461"}],"version-history":[{"count":1,"href":"https:\/\/www.zunoticia.com\/noticias-de-hidalgo\/wp-json\/wp\/v2\/posts\/605461\/revisions"}],"predecessor-version":[{"id":605465,"href":"https:\/\/www.zunoticia.com\/noticias-de-hidalgo\/wp-json\/wp\/v2\/posts\/605461\/revisions\/605465"}],"wp:featuredmedia":[{"embeddable":true,"href":"https:\/\/www.zunoticia.com\/noticias-de-hidalgo\/wp-json\/wp\/v2\/media\/605463"}],"wp:attachment":[{"href":"https:\/\/www.zunoticia.com\/noticias-de-hidalgo\/wp-json\/wp\/v2\/media?parent=605461"}],"wp:term":[{"taxonomy":"category","embeddable":true,"href":"https:\/\/www.zunoticia.com\/noticias-de-hidalgo\/wp-json\/wp\/v2\/categories?post=605461"},{"taxonomy":"post_tag","embeddable":true,"href":"https:\/\/www.zunoticia.com\/noticias-de-hidalgo\/wp-json\/wp\/v2\/tags?post=605461"}],"curies":[{"name":"wp","href":"https:\/\/api.w.org\/{rel}","templated":true}]}}