{"id":605469,"date":"2025-09-01T17:28:55","date_gmt":"2025-09-01T23:28:55","guid":{"rendered":"https:\/\/www.zunoticia.com\/noticias-de-hidalgo\/?p=605469"},"modified":"2025-09-01T17:28:58","modified_gmt":"2025-09-01T23:28:58","slug":"san-roman-refrendo-su-compromiso-con-la-educacion","status":"publish","type":"post","link":"https:\/\/www.zunoticia.com\/noticias-de-hidalgo\/2025\/09\/01\/san-roman-refrendo-su-compromiso-con-la-educacion\/","title":{"rendered":"San Rom\u00e1n refrend\u00f3 su compromiso con la educaci\u00f3n"},"content":{"rendered":"<aside class=\"mashsb-container mashsb-main mashsb-stretched\"><div class=\"mashsb-box\"><div class=\"mashsb-count mash-large\" style=\"float:left\"><div class=\"counts mashsbcount\">0<\/div><span class=\"mashsb-sharetext\">SHARES<\/span><\/div><div class=\"mashsb-buttons\"><a class=\"mashicon-facebook mash-large mash-center mashsb-noshadow\" href=\"https:\/\/www.facebook.com\/sharer.php?u=https%3A%2F%2Fwww.zunoticia.com%2Fnoticias-de-hidalgo%2F2025%2F09%2F01%2Fsan-roman-refrendo-su-compromiso-con-la-educacion%2F\" target=\"_top\" rel=\"nofollow\"><span class=\"icon\"><\/span><span class=\"text\">Share<\/span><\/a><a class=\"mashicon-twitter mash-large mash-center mashsb-noshadow\" href=\"https:\/\/twitter.com\/intent\/tweet?text=&amp;url=https:\/\/www.zunoticia.com\/noticias-de-hidalgo\/2025\/09\/01\/san-roman-refrendo-su-compromiso-con-la-educacion\/\" target=\"_top\" rel=\"nofollow\"><span class=\"icon\"><\/span><span class=\"text\">Tweet<\/span><\/a><div class=\"onoffswitch2 mash-large mashsb-noshadow\" style=\"display:none\"><\/div><\/div>\n            <\/div>\n                <div style=\"clear:both\"><\/div><div class=\"mashsb-toggle-container\"><\/div><\/aside>\n            <!-- Share buttons by mashshare.net - Version: 4.0.47-->\n<p><em>Por Karen Rivera\/Zunoticia<\/em><\/p>\n\n\n\n<p><strong>Huejutla, Hgo. &#8211;<\/strong> Durante el inicio al ciclo escolar 2025\u20132026, el presidente municipal, Alfredo San Rom\u00e1n, acompa\u00f1\u00f3 a estudiantes, docentes y familias en las ceremonias de apertura en las comunidades de Los Horcones y Candelaria.<\/p>\n\n\n\n<p>El alcalde visit\u00f3 la escuela Primaria y Telesecundaria de ambas localidades, donde destac\u00f3 la educaci\u00f3n como un pilar fundamental para el desarrollo del municipio.<\/p>\n\n\n\n<figure class=\"wp-block-image size-large\"><img fetchpriority=\"high\" decoding=\"async\" width=\"1024\" height=\"576\" src=\"https:\/\/www.zunoticia.com\/noticias-de-hidalgo\/wp-content\/uploads\/2025\/09\/WhatsApp-Image-2025-09-01-at-4.06.42-PM-2-1024x576.jpeg\" alt=\"\" class=\"wp-image-605471\" srcset=\"https:\/\/www.zunoticia.com\/noticias-de-hidalgo\/wp-content\/uploads\/2025\/09\/WhatsApp-Image-2025-09-01-at-4.06.42-PM-2-1024x576.jpeg 1024w, https:\/\/www.zunoticia.com\/noticias-de-hidalgo\/wp-content\/uploads\/2025\/09\/WhatsApp-Image-2025-09-01-at-4.06.42-PM-2-300x169.jpeg 300w, https:\/\/www.zunoticia.com\/noticias-de-hidalgo\/wp-content\/uploads\/2025\/09\/WhatsApp-Image-2025-09-01-at-4.06.42-PM-2-768x432.jpeg 768w, https:\/\/www.zunoticia.com\/noticias-de-hidalgo\/wp-content\/uploads\/2025\/09\/WhatsApp-Image-2025-09-01-at-4.06.42-PM-2.jpeg 1280w\" sizes=\"(max-width: 1024px) 100vw, 1024px\" \/><\/figure>\n\n\n\n<p>Durante su intervenci\u00f3n, refrend\u00f3 el compromiso de su administraci\u00f3n con la mejora de la infraestructura educativa, as\u00ed como con la entrega de apoyos a los planteles y el fortalecimiento del tejido social.<\/p>\n\n\n\n<p>\u201cCreemos firmemente que invertir en educaci\u00f3n es apostar por el futuro de Huejutla. Nuestro objetivo es garantizar espacios dignos y brindar oportunidades reales a ni\u00f1as, ni\u00f1os y j\u00f3venes\u201d, se\u00f1al\u00f3 San Rom\u00e1n.<\/p>\n\n\n\n<figure class=\"wp-block-image size-large\"><img decoding=\"async\" width=\"1024\" height=\"576\" src=\"https:\/\/www.zunoticia.com\/noticias-de-hidalgo\/wp-content\/uploads\/2025\/09\/WhatsApp-Image-2025-09-01-at-4.06.42-PM-1-1024x576.jpeg\" alt=\"\" class=\"wp-image-605472\" srcset=\"https:\/\/www.zunoticia.com\/noticias-de-hidalgo\/wp-content\/uploads\/2025\/09\/WhatsApp-Image-2025-09-01-at-4.06.42-PM-1-1024x576.jpeg 1024w, https:\/\/www.zunoticia.com\/noticias-de-hidalgo\/wp-content\/uploads\/2025\/09\/WhatsApp-Image-2025-09-01-at-4.06.42-PM-1-300x169.jpeg 300w, https:\/\/www.zunoticia.com\/noticias-de-hidalgo\/wp-content\/uploads\/2025\/09\/WhatsApp-Image-2025-09-01-at-4.06.42-PM-1-768x432.jpeg 768w, https:\/\/www.zunoticia.com\/noticias-de-hidalgo\/wp-content\/uploads\/2025\/09\/WhatsApp-Image-2025-09-01-at-4.06.42-PM-1-1536x864.jpeg 1536w, https:\/\/www.zunoticia.com\/noticias-de-hidalgo\/wp-content\/uploads\/2025\/09\/WhatsApp-Image-2025-09-01-at-4.06.42-PM-1-1568x882.jpeg 1568w, https:\/\/www.zunoticia.com\/noticias-de-hidalgo\/wp-content\/uploads\/2025\/09\/WhatsApp-Image-2025-09-01-at-4.06.42-PM-1.jpeg 1600w\" sizes=\"(max-width: 1024px) 100vw, 1024px\" \/><\/figure>\n\n\n\n<p>Estas acciones, subray\u00f3, forman parte de una estrategia municipal orientada a construir un Huejutla m\u00e1s justo, inclusivo y con mayores oportunidades para toda la comunidad estudiantil.<\/p>\n\n\n\n<p>Con este respaldo institucional, el Gobierno Municipal reafirma su apuesta por la educaci\u00f3n como motor de bienestar y progreso en la regi\u00f3n.<\/p>\n\n\n\n<p>Foto: El presidente municipal, Jos\u00e9 Alfredo San Rom\u00e1n Duval, refrend\u00f3 su compromiso con la educaci\u00f3n de los ni\u00f1os y j\u00f3venes huejutlenses.<\/p>\n","protected":false},"excerpt":{"rendered":"<p>Por Karen Rivera\/Zunoticia Huejutla, Hgo. &#8211; Durante el inicio al ciclo escolar 2025\u20132026, el presidente municipal, Alfredo San Rom\u00e1n, acompa\u00f1\u00f3 a estudiantes, docentes y familias en las ceremonias de apertura en las comunidades de Los Horcones y Candelaria. El alcalde visit\u00f3 la escuela Primaria y Telesecundaria de ambas localidades, donde destac\u00f3 la educaci\u00f3n como un&hellip; <a class=\"more-link\" href=\"https:\/\/www.zunoticia.com\/noticias-de-hidalgo\/2025\/09\/01\/san-roman-refrendo-su-compromiso-con-la-educacion\/\">Seguir leyendo <span class=\"screen-reader-text\">San Rom\u00e1n refrend\u00f3 su compromiso con la educaci\u00f3n<\/span><\/a><\/p>\n","protected":false},"author":22,"featured_media":605470,"comment_status":"open","ping_status":"open","sticky":false,"template":"","format":"standard","meta":{"rop_custom_images_group":[],"rop_custom_messages_group":[],"rop_publish_now":"initial","rop_publish_now_accounts":{"facebook_10159540855086992_322828327761733":""},"rop_publish_now_history":[],"rop_publish_now_status":"pending","footnotes":""},"categories":[181],"tags":[121],"class_list":["post-605469","post","type-post","status-publish","format-standard","has-post-thumbnail","hentry","category-huejutla","tag-huejutla","entry"],"_links":{"self":[{"href":"https:\/\/www.zunoticia.com\/noticias-de-hidalgo\/wp-json\/wp\/v2\/posts\/605469","targetHints":{"allow":["GET"]}}],"collection":[{"href":"https:\/\/www.zunoticia.com\/noticias-de-hidalgo\/wp-json\/wp\/v2\/posts"}],"about":[{"href":"https:\/\/www.zunoticia.com\/noticias-de-hidalgo\/wp-json\/wp\/v2\/types\/post"}],"author":[{"embeddable":true,"href":"https:\/\/www.zunoticia.com\/noticias-de-hidalgo\/wp-json\/wp\/v2\/users\/22"}],"replies":[{"embeddable":true,"href":"https:\/\/www.zunoticia.com\/noticias-de-hidalgo\/wp-json\/wp\/v2\/comments?post=605469"}],"version-history":[{"count":1,"href":"https:\/\/www.zunoticia.com\/noticias-de-hidalgo\/wp-json\/wp\/v2\/posts\/605469\/revisions"}],"predecessor-version":[{"id":605473,"href":"https:\/\/www.zunoticia.com\/noticias-de-hidalgo\/wp-json\/wp\/v2\/posts\/605469\/revisions\/605473"}],"wp:featuredmedia":[{"embeddable":true,"href":"https:\/\/www.zunoticia.com\/noticias-de-hidalgo\/wp-json\/wp\/v2\/media\/605470"}],"wp:attachment":[{"href":"https:\/\/www.zunoticia.com\/noticias-de-hidalgo\/wp-json\/wp\/v2\/media?parent=605469"}],"wp:term":[{"taxonomy":"category","embeddable":true,"href":"https:\/\/www.zunoticia.com\/noticias-de-hidalgo\/wp-json\/wp\/v2\/categories?post=605469"},{"taxonomy":"post_tag","embeddable":true,"href":"https:\/\/www.zunoticia.com\/noticias-de-hidalgo\/wp-json\/wp\/v2\/tags?post=605469"}],"curies":[{"name":"wp","href":"https:\/\/api.w.org\/{rel}","templated":true}]}}