{"id":605474,"date":"2025-09-01T17:33:20","date_gmt":"2025-09-01T23:33:20","guid":{"rendered":"https:\/\/www.zunoticia.com\/noticias-de-hidalgo\/?p=605474"},"modified":"2025-09-01T17:33:22","modified_gmt":"2025-09-01T23:33:22","slug":"uph-sento-bases-con-cfe","status":"publish","type":"post","link":"https:\/\/www.zunoticia.com\/noticias-de-hidalgo\/2025\/09\/01\/uph-sento-bases-con-cfe\/","title":{"rendered":"UPH sent\u00f3 bases con CFE"},"content":{"rendered":"<aside class=\"mashsb-container mashsb-main mashsb-stretched\"><div class=\"mashsb-box\"><div class=\"mashsb-count mash-large\" style=\"float:left\"><div class=\"counts mashsbcount\">0<\/div><span class=\"mashsb-sharetext\">SHARES<\/span><\/div><div class=\"mashsb-buttons\"><a class=\"mashicon-facebook mash-large mash-center mashsb-noshadow\" href=\"https:\/\/www.facebook.com\/sharer.php?u=https%3A%2F%2Fwww.zunoticia.com%2Fnoticias-de-hidalgo%2F2025%2F09%2F01%2Fuph-sento-bases-con-cfe%2F\" target=\"_top\" rel=\"nofollow\"><span class=\"icon\"><\/span><span class=\"text\">Share<\/span><\/a><a class=\"mashicon-twitter mash-large mash-center mashsb-noshadow\" href=\"https:\/\/twitter.com\/intent\/tweet?text=&amp;url=https:\/\/www.zunoticia.com\/noticias-de-hidalgo\/2025\/09\/01\/uph-sento-bases-con-cfe\/\" target=\"_top\" rel=\"nofollow\"><span class=\"icon\"><\/span><span class=\"text\">Tweet<\/span><\/a><div class=\"onoffswitch2 mash-large mashsb-noshadow\" style=\"display:none\"><\/div><\/div>\n            <\/div>\n                <div style=\"clear:both\"><\/div><div class=\"mashsb-toggle-container\"><\/div><\/aside>\n            <!-- Share buttons by mashshare.net - Version: 4.0.47-->\n<p><em>Por Karen Rivera\/Zunoticia<\/em><\/p>\n\n\n\n<p><strong>Huejutla, Hgo. &#8211;<\/strong> Tras los problemas de suspensi\u00f3n de servicio el\u00e9ctrico en las instalaciones de la Universidad Polit\u00e9cnica de Huejutla, el rector, Jos\u00e9 Eugenio Segura Marroqu\u00edn, manifest\u00f3 que sentaron las bases con la Comisi\u00f3n Federal de Electricidad para mejorar el sistema.<\/p>\n\n\n\n<p>El funcionario educativo mencion\u00f3 que la semana pasada en redes sociales hicieron p\u00fablico el problema con la luz ante las constantes fallas en ese sector, hecho que inmediatamente atendi\u00f3 la agencia de electricidad para restablecer el servicio y trabajar de manera coordinada con la instituci\u00f3n educativa.<\/p>\n\n\n\n<p>&#8220;La semana pasada tuvimos que publicar en redes un tema sobre la luz, al otro d\u00eda nos est\u00e1bamos sentando con las autoridades de la agencia de la CFE y establecimos las bases de c\u00f3mo coordinarnos para no tener este problema&#8221;, cit\u00f3 Segura Marroqu\u00edn.<\/p>\n\n\n\n<p>Coment\u00f3 que, a pesar de no ser temporada de calor fuerte, el clima sigue lacerando y por ende con los apagones constantes afecta la comunidad estudiantil.<\/p>\n\n\n\n<p>Agreg\u00f3 que esperan ya no continuar con este tipo de problemas y dar pronta soluci\u00f3n a este hecho.<\/p>\n","protected":false},"excerpt":{"rendered":"<p>Por Karen Rivera\/Zunoticia Huejutla, Hgo. &#8211; Tras los problemas de suspensi\u00f3n de servicio el\u00e9ctrico en las instalaciones de la Universidad Polit\u00e9cnica de Huejutla, el rector, Jos\u00e9 Eugenio Segura Marroqu\u00edn, manifest\u00f3 que sentaron las bases con la Comisi\u00f3n Federal de Electricidad para mejorar el sistema. El funcionario educativo mencion\u00f3 que la semana pasada en redes sociales&hellip; <a class=\"more-link\" href=\"https:\/\/www.zunoticia.com\/noticias-de-hidalgo\/2025\/09\/01\/uph-sento-bases-con-cfe\/\">Seguir leyendo <span class=\"screen-reader-text\">UPH sent\u00f3 bases con CFE<\/span><\/a><\/p>\n","protected":false},"author":22,"featured_media":605475,"comment_status":"open","ping_status":"open","sticky":false,"template":"","format":"standard","meta":{"rop_custom_images_group":[],"rop_custom_messages_group":[],"rop_publish_now":"initial","rop_publish_now_accounts":{"facebook_10159540855086992_322828327761733":""},"rop_publish_now_history":[],"rop_publish_now_status":"pending","footnotes":""},"categories":[181],"tags":[121],"class_list":["post-605474","post","type-post","status-publish","format-standard","has-post-thumbnail","hentry","category-huejutla","tag-huejutla","entry"],"_links":{"self":[{"href":"https:\/\/www.zunoticia.com\/noticias-de-hidalgo\/wp-json\/wp\/v2\/posts\/605474","targetHints":{"allow":["GET"]}}],"collection":[{"href":"https:\/\/www.zunoticia.com\/noticias-de-hidalgo\/wp-json\/wp\/v2\/posts"}],"about":[{"href":"https:\/\/www.zunoticia.com\/noticias-de-hidalgo\/wp-json\/wp\/v2\/types\/post"}],"author":[{"embeddable":true,"href":"https:\/\/www.zunoticia.com\/noticias-de-hidalgo\/wp-json\/wp\/v2\/users\/22"}],"replies":[{"embeddable":true,"href":"https:\/\/www.zunoticia.com\/noticias-de-hidalgo\/wp-json\/wp\/v2\/comments?post=605474"}],"version-history":[{"count":1,"href":"https:\/\/www.zunoticia.com\/noticias-de-hidalgo\/wp-json\/wp\/v2\/posts\/605474\/revisions"}],"predecessor-version":[{"id":605476,"href":"https:\/\/www.zunoticia.com\/noticias-de-hidalgo\/wp-json\/wp\/v2\/posts\/605474\/revisions\/605476"}],"wp:featuredmedia":[{"embeddable":true,"href":"https:\/\/www.zunoticia.com\/noticias-de-hidalgo\/wp-json\/wp\/v2\/media\/605475"}],"wp:attachment":[{"href":"https:\/\/www.zunoticia.com\/noticias-de-hidalgo\/wp-json\/wp\/v2\/media?parent=605474"}],"wp:term":[{"taxonomy":"category","embeddable":true,"href":"https:\/\/www.zunoticia.com\/noticias-de-hidalgo\/wp-json\/wp\/v2\/categories?post=605474"},{"taxonomy":"post_tag","embeddable":true,"href":"https:\/\/www.zunoticia.com\/noticias-de-hidalgo\/wp-json\/wp\/v2\/tags?post=605474"}],"curies":[{"name":"wp","href":"https:\/\/api.w.org\/{rel}","templated":true}]}}