{"id":605490,"date":"2025-09-01T17:59:24","date_gmt":"2025-09-01T23:59:24","guid":{"rendered":"https:\/\/www.zunoticia.com\/noticias-de-hidalgo\/?p=605490"},"modified":"2025-09-01T17:59:25","modified_gmt":"2025-09-01T23:59:25","slug":"kristel-rodriguez-asistio-al-inicio-de-ciclo-escolar-en-el-cecyte-huejutla","status":"publish","type":"post","link":"https:\/\/www.zunoticia.com\/noticias-de-hidalgo\/2025\/09\/01\/kristel-rodriguez-asistio-al-inicio-de-ciclo-escolar-en-el-cecyte-huejutla\/","title":{"rendered":"Kristel Rodr\u00edguez asisti\u00f3 al inicio de ciclo escolar en el CECyTE Huejutla"},"content":{"rendered":"<aside class=\"mashsb-container mashsb-main mashsb-stretched\"><div class=\"mashsb-box\"><div class=\"mashsb-count mash-large\" style=\"float:left\"><div class=\"counts mashsbcount\">0<\/div><span class=\"mashsb-sharetext\">SHARES<\/span><\/div><div class=\"mashsb-buttons\"><a class=\"mashicon-facebook mash-large mash-center mashsb-noshadow\" href=\"https:\/\/www.facebook.com\/sharer.php?u=https%3A%2F%2Fwww.zunoticia.com%2Fnoticias-de-hidalgo%2F2025%2F09%2F01%2Fkristel-rodriguez-asistio-al-inicio-de-ciclo-escolar-en-el-cecyte-huejutla%2F\" target=\"_top\" rel=\"nofollow\"><span class=\"icon\"><\/span><span class=\"text\">Share<\/span><\/a><a class=\"mashicon-twitter mash-large mash-center mashsb-noshadow\" href=\"https:\/\/twitter.com\/intent\/tweet?text=&amp;url=https:\/\/www.zunoticia.com\/noticias-de-hidalgo\/2025\/09\/01\/kristel-rodriguez-asistio-al-inicio-de-ciclo-escolar-en-el-cecyte-huejutla\/\" target=\"_top\" rel=\"nofollow\"><span class=\"icon\"><\/span><span class=\"text\">Tweet<\/span><\/a><div class=\"onoffswitch2 mash-large mashsb-noshadow\" style=\"display:none\"><\/div><\/div>\n            <\/div>\n                <div style=\"clear:both\"><\/div><div class=\"mashsb-toggle-container\"><\/div><\/aside>\n            <!-- Share buttons by mashshare.net - Version: 4.0.47-->\n<p><em>Por Gabriela Hern\u00e1ndez\/Zunoticia<\/em><\/p>\n\n\n\n<p><strong>Huejutla, Hgo. &#8211; <\/strong>La ma\u00f1ana de este lunes 01 de septiembre la Dra. Kristel Rodr\u00edguez Flores, Presidenta del Sistema DIF Huejutla y la Directora, C.P. Karla Elizabeth Sosa Hern\u00e1ndez, atendieron la invitaci\u00f3n de la Maestra Mayra Orta Hern\u00e1ndez, Directora del Cecyte Huejutla Hidalgo, al acto de bienvenida a la comunidad estudiantil para el ciclo escolar 2025 &#8211; 2026, reafirmando el compromiso con el desarrollo integral de la ni\u00f1ez y la adolescencia.<\/p>\n\n\n\n<figure class=\"wp-block-gallery has-nested-images columns-default is-cropped wp-block-gallery-1 is-layout-flex wp-block-gallery-is-layout-flex\">\n<figure class=\"wp-block-image size-large\"><img fetchpriority=\"high\" decoding=\"async\" width=\"1024\" height=\"682\" data-id=\"605492\" src=\"https:\/\/www.zunoticia.com\/noticias-de-hidalgo\/wp-content\/uploads\/2025\/09\/WhatsApp-Image-2025-09-01-at-5.33.06-PM-2-1024x682.jpeg\" alt=\"\" class=\"wp-image-605492\" srcset=\"https:\/\/www.zunoticia.com\/noticias-de-hidalgo\/wp-content\/uploads\/2025\/09\/WhatsApp-Image-2025-09-01-at-5.33.06-PM-2-1024x682.jpeg 1024w, https:\/\/www.zunoticia.com\/noticias-de-hidalgo\/wp-content\/uploads\/2025\/09\/WhatsApp-Image-2025-09-01-at-5.33.06-PM-2-300x200.jpeg 300w, https:\/\/www.zunoticia.com\/noticias-de-hidalgo\/wp-content\/uploads\/2025\/09\/WhatsApp-Image-2025-09-01-at-5.33.06-PM-2-768x512.jpeg 768w, https:\/\/www.zunoticia.com\/noticias-de-hidalgo\/wp-content\/uploads\/2025\/09\/WhatsApp-Image-2025-09-01-at-5.33.06-PM-2.jpeg 1066w\" sizes=\"(max-width: 1024px) 100vw, 1024px\" \/><\/figure>\n\n\n\n<figure class=\"wp-block-image size-large\"><img decoding=\"async\" width=\"1024\" height=\"682\" data-id=\"605493\" src=\"https:\/\/www.zunoticia.com\/noticias-de-hidalgo\/wp-content\/uploads\/2025\/09\/WhatsApp-Image-2025-09-01-at-5.33.06-PM-1-1024x682.jpeg\" alt=\"\" class=\"wp-image-605493\" srcset=\"https:\/\/www.zunoticia.com\/noticias-de-hidalgo\/wp-content\/uploads\/2025\/09\/WhatsApp-Image-2025-09-01-at-5.33.06-PM-1-1024x682.jpeg 1024w, https:\/\/www.zunoticia.com\/noticias-de-hidalgo\/wp-content\/uploads\/2025\/09\/WhatsApp-Image-2025-09-01-at-5.33.06-PM-1-300x200.jpeg 300w, https:\/\/www.zunoticia.com\/noticias-de-hidalgo\/wp-content\/uploads\/2025\/09\/WhatsApp-Image-2025-09-01-at-5.33.06-PM-1-768x512.jpeg 768w, https:\/\/www.zunoticia.com\/noticias-de-hidalgo\/wp-content\/uploads\/2025\/09\/WhatsApp-Image-2025-09-01-at-5.33.06-PM-1.jpeg 1066w\" sizes=\"(max-width: 1024px) 100vw, 1024px\" \/><\/figure>\n<\/figure>\n\n\n\n<p>El DIF Municipal, reconoce el esfuerzo de los padres de familia, alumnos y docentes de los diferentes niveles de educaci\u00f3n, deseando un regreso a clases lleno de aprendizajes, esperanza y nuevas oportunidades para un mejor futuro.<\/p>\n\n\n\n<figure class=\"wp-block-image size-large\"><img decoding=\"async\" width=\"1024\" height=\"683\" src=\"https:\/\/www.zunoticia.com\/noticias-de-hidalgo\/wp-content\/uploads\/2025\/09\/WhatsApp-Image-2025-09-01-at-5.33.07-PM-1024x683.jpeg\" alt=\"\" class=\"wp-image-605494\" srcset=\"https:\/\/www.zunoticia.com\/noticias-de-hidalgo\/wp-content\/uploads\/2025\/09\/WhatsApp-Image-2025-09-01-at-5.33.07-PM-1024x683.jpeg 1024w, https:\/\/www.zunoticia.com\/noticias-de-hidalgo\/wp-content\/uploads\/2025\/09\/WhatsApp-Image-2025-09-01-at-5.33.07-PM-300x200.jpeg 300w, https:\/\/www.zunoticia.com\/noticias-de-hidalgo\/wp-content\/uploads\/2025\/09\/WhatsApp-Image-2025-09-01-at-5.33.07-PM-768x512.jpeg 768w, https:\/\/www.zunoticia.com\/noticias-de-hidalgo\/wp-content\/uploads\/2025\/09\/WhatsApp-Image-2025-09-01-at-5.33.07-PM.jpeg 1065w\" sizes=\"(max-width: 1024px) 100vw, 1024px\" \/><\/figure>\n\n\n\n<p>Con estas acciones concretas, el Gobierno Municipal reafirma su apuesta por la educaci\u00f3n como motor de bienestar y progreso, promoviendo un Huejutla m\u00e1s justo, inclusivo y con mayores oportunidades para la comunidad estudiantil.<\/p>\n","protected":false},"excerpt":{"rendered":"<p>Por Gabriela Hern\u00e1ndez\/Zunoticia Huejutla, Hgo. &#8211; La ma\u00f1ana de este lunes 01 de septiembre la Dra. Kristel Rodr\u00edguez Flores, Presidenta del Sistema DIF Huejutla y la Directora, C.P. Karla Elizabeth Sosa Hern\u00e1ndez, atendieron la invitaci\u00f3n de la Maestra Mayra Orta Hern\u00e1ndez, Directora del Cecyte Huejutla Hidalgo, al acto de bienvenida a la comunidad estudiantil para&hellip; <a class=\"more-link\" href=\"https:\/\/www.zunoticia.com\/noticias-de-hidalgo\/2025\/09\/01\/kristel-rodriguez-asistio-al-inicio-de-ciclo-escolar-en-el-cecyte-huejutla\/\">Seguir leyendo <span class=\"screen-reader-text\">Kristel Rodr\u00edguez asisti\u00f3 al inicio de ciclo escolar en el CECyTE Huejutla<\/span><\/a><\/p>\n","protected":false},"author":22,"featured_media":605491,"comment_status":"open","ping_status":"open","sticky":false,"template":"","format":"standard","meta":{"rop_custom_images_group":[],"rop_custom_messages_group":[],"rop_publish_now":"initial","rop_publish_now_accounts":{"facebook_10159540855086992_322828327761733":""},"rop_publish_now_history":[],"rop_publish_now_status":"pending","footnotes":""},"categories":[181],"tags":[121],"class_list":["post-605490","post","type-post","status-publish","format-standard","has-post-thumbnail","hentry","category-huejutla","tag-huejutla","entry"],"_links":{"self":[{"href":"https:\/\/www.zunoticia.com\/noticias-de-hidalgo\/wp-json\/wp\/v2\/posts\/605490","targetHints":{"allow":["GET"]}}],"collection":[{"href":"https:\/\/www.zunoticia.com\/noticias-de-hidalgo\/wp-json\/wp\/v2\/posts"}],"about":[{"href":"https:\/\/www.zunoticia.com\/noticias-de-hidalgo\/wp-json\/wp\/v2\/types\/post"}],"author":[{"embeddable":true,"href":"https:\/\/www.zunoticia.com\/noticias-de-hidalgo\/wp-json\/wp\/v2\/users\/22"}],"replies":[{"embeddable":true,"href":"https:\/\/www.zunoticia.com\/noticias-de-hidalgo\/wp-json\/wp\/v2\/comments?post=605490"}],"version-history":[{"count":1,"href":"https:\/\/www.zunoticia.com\/noticias-de-hidalgo\/wp-json\/wp\/v2\/posts\/605490\/revisions"}],"predecessor-version":[{"id":605495,"href":"https:\/\/www.zunoticia.com\/noticias-de-hidalgo\/wp-json\/wp\/v2\/posts\/605490\/revisions\/605495"}],"wp:featuredmedia":[{"embeddable":true,"href":"https:\/\/www.zunoticia.com\/noticias-de-hidalgo\/wp-json\/wp\/v2\/media\/605491"}],"wp:attachment":[{"href":"https:\/\/www.zunoticia.com\/noticias-de-hidalgo\/wp-json\/wp\/v2\/media?parent=605490"}],"wp:term":[{"taxonomy":"category","embeddable":true,"href":"https:\/\/www.zunoticia.com\/noticias-de-hidalgo\/wp-json\/wp\/v2\/categories?post=605490"},{"taxonomy":"post_tag","embeddable":true,"href":"https:\/\/www.zunoticia.com\/noticias-de-hidalgo\/wp-json\/wp\/v2\/tags?post=605490"}],"curies":[{"name":"wp","href":"https:\/\/api.w.org\/{rel}","templated":true}]}}