{"id":605496,"date":"2025-09-01T18:01:52","date_gmt":"2025-09-02T00:01:52","guid":{"rendered":"https:\/\/www.zunoticia.com\/noticias-de-hidalgo\/?p=605496"},"modified":"2025-09-01T18:01:53","modified_gmt":"2025-09-02T00:01:53","slug":"la-direccion-general-del-registro-del-estado-familiar-de-hidalgo-participara-en-la-semana-del-registro-civil-de-latinoamerica-y-el-caribe","status":"publish","type":"post","link":"https:\/\/www.zunoticia.com\/noticias-de-hidalgo\/2025\/09\/01\/la-direccion-general-del-registro-del-estado-familiar-de-hidalgo-participara-en-la-semana-del-registro-civil-de-latinoamerica-y-el-caribe\/","title":{"rendered":"La Direcci\u00f3n General del Registro del Estado Familiar de Hidalgo participar\u00e1 en la Semana del Registro Civil de Latinoam\u00e9rica y el Caribe"},"content":{"rendered":"<aside class=\"mashsb-container mashsb-main mashsb-stretched\"><div class=\"mashsb-box\"><div class=\"mashsb-count mash-large\" style=\"float:left\"><div class=\"counts mashsbcount\">0<\/div><span class=\"mashsb-sharetext\">SHARES<\/span><\/div><div class=\"mashsb-buttons\"><a class=\"mashicon-facebook mash-large mash-center mashsb-noshadow\" href=\"https:\/\/www.facebook.com\/sharer.php?u=https%3A%2F%2Fwww.zunoticia.com%2Fnoticias-de-hidalgo%2F2025%2F09%2F01%2Fla-direccion-general-del-registro-del-estado-familiar-de-hidalgo-participara-en-la-semana-del-registro-civil-de-latinoamerica-y-el-caribe%2F\" target=\"_top\" rel=\"nofollow\"><span class=\"icon\"><\/span><span class=\"text\">Share<\/span><\/a><a class=\"mashicon-twitter mash-large mash-center mashsb-noshadow\" href=\"https:\/\/twitter.com\/intent\/tweet?text=&amp;url=https:\/\/www.zunoticia.com\/noticias-de-hidalgo\/2025\/09\/01\/la-direccion-general-del-registro-del-estado-familiar-de-hidalgo-participara-en-la-semana-del-registro-civil-de-latinoamerica-y-el-caribe\/\" target=\"_top\" rel=\"nofollow\"><span class=\"icon\"><\/span><span class=\"text\">Tweet<\/span><\/a><div class=\"onoffswitch2 mash-large mashsb-noshadow\" style=\"display:none\"><\/div><\/div>\n            <\/div>\n                <div style=\"clear:both\"><\/div><div class=\"mashsb-toggle-container\"><\/div><\/aside>\n            <!-- Share buttons by mashshare.net - Version: 4.0.47-->\n<p>&nbsp;<em>Por Redacci\u00f3n\/Zunoticia<\/em><\/p>\n\n\n\n<p><strong>Pachuca de Soto, Hgo. &#8211;<\/strong> La Direcci\u00f3n General del Registro del Estado Familiar de Hidalgo se suma a la Semana del Registro Civil de Latinoam\u00e9rica y el Caribe, organizada por el Consejo Latinoamericano y del Caribe de Registro Civil, Identidad y Estad\u00edsticas Vitales (CLARCIEV), que se llevar\u00e1 a cabo del 01 al 16 de septiembre de 2025.<\/p>\n\n\n\n<p>Durante este periodo, se llevar\u00e1 a cabo la inscripci\u00f3n de nacimientos, tanto de ni\u00f1os y ni\u00f1as como de personas adultas que a\u00fan no han sido registradas, fomentando la importancia de contar con documentos oficiales que garanticen certeza y fortalezcan el derecho a la identidad.<\/p>\n\n\n\n<p>De esta manera se pretende intensificar los servicios de registro civil en terreno, con especial atenci\u00f3n a zonas rurales, apartadas o de dif\u00edcil acceso, donde se concentran los mayores \u00edndices de subregistro de nacimientos, visitando los municipios de Atotonilco el Grande, Huasca, Acatl\u00e1n, Acaxochitl\u00e1n, Cuautepec de Hinojosa, Epazoyucan, Zempoala, Tlanalapa, Actopan, Francisco I. Madero, El Arenal, Huichapan, Alfajayucan, Chapantongo, Tizayuca, Huehuetla, Almoloya, Tezontepec de Aldama, Tlaxcoapan, Tetepango, Tepehuac\u00e1n de Guerrero, Huazalingo y Tlanchinol.<\/p>\n\n\n\n<p>El objetivo central de la campa\u00f1a de este a\u00f1o es sensibilizar sobre la importancia de inscribir los nacimientos lo antes posible, como mecanismo de prevenci\u00f3n del tr\u00e1fico de menores, la exclusi\u00f3n social y la invisibilidad jur\u00eddica bajo el lema: \u201cLatinoam\u00e9rica y el Caribe, una regi\u00f3n sin invisibles: \u00a1identidad para todos y todas!\u201d<\/p>\n\n\n\n<p>Con esta participaci\u00f3n, Hidalgo refrenda su compromiso de garantizar el derecho a la identidad desde el nacimiento, promover la inclusi\u00f3n y contribuir a que ninguna persona sea excluida.<\/p>\n","protected":false},"excerpt":{"rendered":"<p>&nbsp;Por Redacci\u00f3n\/Zunoticia Pachuca de Soto, Hgo. &#8211; La Direcci\u00f3n General del Registro del Estado Familiar de Hidalgo se suma a la Semana del Registro Civil de Latinoam\u00e9rica y el Caribe, organizada por el Consejo Latinoamericano y del Caribe de Registro Civil, Identidad y Estad\u00edsticas Vitales (CLARCIEV), que se llevar\u00e1 a cabo del 01 al 16&hellip; <a class=\"more-link\" href=\"https:\/\/www.zunoticia.com\/noticias-de-hidalgo\/2025\/09\/01\/la-direccion-general-del-registro-del-estado-familiar-de-hidalgo-participara-en-la-semana-del-registro-civil-de-latinoamerica-y-el-caribe\/\">Seguir leyendo <span class=\"screen-reader-text\">La Direcci\u00f3n General del Registro del Estado Familiar de Hidalgo participar\u00e1 en la Semana del Registro Civil de Latinoam\u00e9rica y el Caribe<\/span><\/a><\/p>\n","protected":false},"author":22,"featured_media":605497,"comment_status":"open","ping_status":"open","sticky":false,"template":"","format":"standard","meta":{"rop_custom_images_group":[],"rop_custom_messages_group":[],"rop_publish_now":"initial","rop_publish_now_accounts":{"facebook_10159540855086992_322828327761733":""},"rop_publish_now_history":[],"rop_publish_now_status":"pending","footnotes":""},"categories":[208],"tags":[214],"class_list":["post-605496","post","type-post","status-publish","format-standard","has-post-thumbnail","hentry","category-estado","tag-estado","entry"],"_links":{"self":[{"href":"https:\/\/www.zunoticia.com\/noticias-de-hidalgo\/wp-json\/wp\/v2\/posts\/605496","targetHints":{"allow":["GET"]}}],"collection":[{"href":"https:\/\/www.zunoticia.com\/noticias-de-hidalgo\/wp-json\/wp\/v2\/posts"}],"about":[{"href":"https:\/\/www.zunoticia.com\/noticias-de-hidalgo\/wp-json\/wp\/v2\/types\/post"}],"author":[{"embeddable":true,"href":"https:\/\/www.zunoticia.com\/noticias-de-hidalgo\/wp-json\/wp\/v2\/users\/22"}],"replies":[{"embeddable":true,"href":"https:\/\/www.zunoticia.com\/noticias-de-hidalgo\/wp-json\/wp\/v2\/comments?post=605496"}],"version-history":[{"count":1,"href":"https:\/\/www.zunoticia.com\/noticias-de-hidalgo\/wp-json\/wp\/v2\/posts\/605496\/revisions"}],"predecessor-version":[{"id":605498,"href":"https:\/\/www.zunoticia.com\/noticias-de-hidalgo\/wp-json\/wp\/v2\/posts\/605496\/revisions\/605498"}],"wp:featuredmedia":[{"embeddable":true,"href":"https:\/\/www.zunoticia.com\/noticias-de-hidalgo\/wp-json\/wp\/v2\/media\/605497"}],"wp:attachment":[{"href":"https:\/\/www.zunoticia.com\/noticias-de-hidalgo\/wp-json\/wp\/v2\/media?parent=605496"}],"wp:term":[{"taxonomy":"category","embeddable":true,"href":"https:\/\/www.zunoticia.com\/noticias-de-hidalgo\/wp-json\/wp\/v2\/categories?post=605496"},{"taxonomy":"post_tag","embeddable":true,"href":"https:\/\/www.zunoticia.com\/noticias-de-hidalgo\/wp-json\/wp\/v2\/tags?post=605496"}],"curies":[{"name":"wp","href":"https:\/\/api.w.org\/{rel}","templated":true}]}}