{"id":605510,"date":"2025-09-01T21:29:05","date_gmt":"2025-09-02T03:29:05","guid":{"rendered":"https:\/\/www.zunoticia.com\/noticias-de-hidalgo\/?p=605510"},"modified":"2025-09-01T21:29:08","modified_gmt":"2025-09-02T03:29:08","slug":"alcalde-llega-a-la-comunidad-mas-lejana-para-inaugurar-ciclo-escolar","status":"publish","type":"post","link":"https:\/\/www.zunoticia.com\/noticias-de-hidalgo\/2025\/09\/01\/alcalde-llega-a-la-comunidad-mas-lejana-para-inaugurar-ciclo-escolar\/","title":{"rendered":"Alcalde llega a la comunidad m\u00e1s lejana para inaugurar ciclo escolar"},"content":{"rendered":"<aside class=\"mashsb-container mashsb-main mashsb-stretched\"><div class=\"mashsb-box\"><div class=\"mashsb-count mash-large\" style=\"float:left\"><div class=\"counts mashsbcount\">0<\/div><span class=\"mashsb-sharetext\">SHARES<\/span><\/div><div class=\"mashsb-buttons\"><a class=\"mashicon-facebook mash-large mash-center mashsb-noshadow\" href=\"https:\/\/www.facebook.com\/sharer.php?u=https%3A%2F%2Fwww.zunoticia.com%2Fnoticias-de-hidalgo%2F2025%2F09%2F01%2Falcalde-llega-a-la-comunidad-mas-lejana-para-inaugurar-ciclo-escolar%2F\" target=\"_top\" rel=\"nofollow\"><span class=\"icon\"><\/span><span class=\"text\">Share<\/span><\/a><a class=\"mashicon-twitter mash-large mash-center mashsb-noshadow\" href=\"https:\/\/twitter.com\/intent\/tweet?text=&amp;url=https:\/\/www.zunoticia.com\/noticias-de-hidalgo\/2025\/09\/01\/alcalde-llega-a-la-comunidad-mas-lejana-para-inaugurar-ciclo-escolar\/\" target=\"_top\" rel=\"nofollow\"><span class=\"icon\"><\/span><span class=\"text\">Tweet<\/span><\/a><div class=\"onoffswitch2 mash-large mashsb-noshadow\" style=\"display:none\"><\/div><\/div>\n            <\/div>\n                <div style=\"clear:both\"><\/div><div class=\"mashsb-toggle-container\"><\/div><\/aside>\n            <!-- Share buttons by mashshare.net - Version: 4.0.47-->\n<p><em>Por Redacci\u00f3n\/Zunoticia<\/em><\/p>\n\n\n\n<p><strong>Tlanchinol, Hgo.-<\/strong> Con el firme compromiso de llevar hasta la comunidad m\u00e1s retirada del municipio la atenci\u00f3n y el acercamiento de la administraci\u00f3n municipal, el alcalde, Gabino Hern\u00e1ndez Vite, acompa\u00f1ado de su equipo de trabajo, acudi\u00f3 hasta la comunidad de Tepeyac, realizando un recorrido a pie, para inaugurar el ciclo escolar 2025-2026.<\/p>\n\n\n\n<p>El motivo de la visita fue participar en los honores c\u00edvicos para celebrar el inicio del ciclo escolar 2025-2026 en la Escuela Primaria General Adolfo L\u00f3pez Mateos de dicha comunidad.<\/p>\n\n\n\n<p>En el evento, se destac\u00f3 la importancia de la educaci\u00f3n como pilar fundamental para el desarrollo de la comunidad. El presidente municipal reafirm\u00f3 su compromiso con la educaci\u00f3n y el bienestar de los estudiantes, docentes y padres de familia.<\/p>\n\n\n<div class=\"wp-block-image\">\n<figure class=\"aligncenter size-large\"><img fetchpriority=\"high\" decoding=\"async\" width=\"768\" height=\"1024\" src=\"https:\/\/www.zunoticia.com\/noticias-de-hidalgo\/wp-content\/uploads\/2025\/09\/eZy-Watermark_01-09-2025_09-18-12-4610p.m-768x1024.jpg\" alt=\"\" class=\"wp-image-605512\" srcset=\"https:\/\/www.zunoticia.com\/noticias-de-hidalgo\/wp-content\/uploads\/2025\/09\/eZy-Watermark_01-09-2025_09-18-12-4610p.m-768x1024.jpg 768w, https:\/\/www.zunoticia.com\/noticias-de-hidalgo\/wp-content\/uploads\/2025\/09\/eZy-Watermark_01-09-2025_09-18-12-4610p.m-225x300.jpg 225w, https:\/\/www.zunoticia.com\/noticias-de-hidalgo\/wp-content\/uploads\/2025\/09\/eZy-Watermark_01-09-2025_09-18-12-4610p.m.jpg 960w\" sizes=\"(max-width: 768px) 100vw, 768px\" \/><\/figure>\n<\/div>\n\n\n<p>El inicio del ciclo escolar fue recibido con entusiasmo por la comunidad educativa, que espera con ansias los logros y avances que se alcanzar\u00e1n durante este per\u00edodo.<\/p>\n\n\n\n<p>En este acto tan importante estuvieron presentes el Delegado Auxiliar de la Comunidad de Tepeyac, C. Juan Hern\u00e1ndez Gonz\u00e1lez; la Educadora Comunitaria de acompa\u00f1amiento del Sistema CONAFE, Lic. Estela Cruz Fern\u00e1ndez; Mtra: Yesenia Zavala Tuxpe\u00f1o, Directora de la Escuela Primaria \u201cAdolfo L\u00f3pez Mateos\u201d; Educadora Lic. Flor Idalia Bautista Bautista, Directora del Jard\u00edn de Ni\u00f1os Frida Khalo; Mtra. Rosa Yadira Medina Medina, Supervisora Escolar de la zona 159; Profesor Marciano Nicolas Hern\u00e1ndez Hern\u00e1ndez, Representante de Jefa de Sector; la Mtra. Eriath Escalante Escalante, Apoyo Tecnico de la Supervisi\u00f3n Escolar Zona 159; Mtra. Luz Emelia Monterrubio, Asesor T\u00e9cnico de Jefatura de Sector.<\/p>\n\n\n<div class=\"wp-block-image\">\n<figure class=\"aligncenter size-large\"><img decoding=\"async\" width=\"768\" height=\"1024\" src=\"https:\/\/www.zunoticia.com\/noticias-de-hidalgo\/wp-content\/uploads\/2025\/09\/eZy-Watermark_01-09-2025_09-17-51-4440p.m-768x1024.jpg\" alt=\"\" class=\"wp-image-605513\" srcset=\"https:\/\/www.zunoticia.com\/noticias-de-hidalgo\/wp-content\/uploads\/2025\/09\/eZy-Watermark_01-09-2025_09-17-51-4440p.m-768x1024.jpg 768w, https:\/\/www.zunoticia.com\/noticias-de-hidalgo\/wp-content\/uploads\/2025\/09\/eZy-Watermark_01-09-2025_09-17-51-4440p.m-225x300.jpg 225w, https:\/\/www.zunoticia.com\/noticias-de-hidalgo\/wp-content\/uploads\/2025\/09\/eZy-Watermark_01-09-2025_09-17-51-4440p.m.jpg 960w\" sizes=\"(max-width: 768px) 100vw, 768px\" \/><\/figure>\n<\/div>\n\n\n<p>Por parte del Gobierno Municipal asisti\u00f3 el Ing. Frank Velasco Ortega, Secretario de Desarrollo Municipal; Lic. Marcelina Hern\u00e1ndez Hern\u00e1ndez, S\u00edndico Municipal; C. Sergio Leonardo Austria, Regidor Municipal y la C. Eusebia Rivera Garc\u00eda, Regidora&nbsp;Municipal.<\/p>\n","protected":false},"excerpt":{"rendered":"<p>Por Redacci\u00f3n\/Zunoticia Tlanchinol, Hgo.- Con el firme compromiso de llevar hasta la comunidad m\u00e1s retirada del municipio la atenci\u00f3n y el acercamiento de la administraci\u00f3n municipal, el alcalde, Gabino Hern\u00e1ndez Vite, acompa\u00f1ado de su equipo de trabajo, acudi\u00f3 hasta la comunidad de Tepeyac, realizando un recorrido a pie, para inaugurar el ciclo escolar 2025-2026. El&hellip; <a class=\"more-link\" href=\"https:\/\/www.zunoticia.com\/noticias-de-hidalgo\/2025\/09\/01\/alcalde-llega-a-la-comunidad-mas-lejana-para-inaugurar-ciclo-escolar\/\">Seguir leyendo <span class=\"screen-reader-text\">Alcalde llega a la comunidad m\u00e1s lejana para inaugurar ciclo escolar<\/span><\/a><\/p>\n","protected":false},"author":12,"featured_media":605511,"comment_status":"open","ping_status":"open","sticky":false,"template":"","format":"standard","meta":{"rop_custom_images_group":[],"rop_custom_messages_group":[],"rop_publish_now":"initial","rop_publish_now_accounts":{"facebook_10159540855086992_322828327761733":""},"rop_publish_now_history":[],"rop_publish_now_status":"pending","footnotes":""},"categories":[219,201],"tags":[127],"class_list":["post-605510","post","type-post","status-publish","format-standard","has-post-thumbnail","hentry","category-sierra","category-tlanchinol","tag-tlanchinol","entry"],"_links":{"self":[{"href":"https:\/\/www.zunoticia.com\/noticias-de-hidalgo\/wp-json\/wp\/v2\/posts\/605510","targetHints":{"allow":["GET"]}}],"collection":[{"href":"https:\/\/www.zunoticia.com\/noticias-de-hidalgo\/wp-json\/wp\/v2\/posts"}],"about":[{"href":"https:\/\/www.zunoticia.com\/noticias-de-hidalgo\/wp-json\/wp\/v2\/types\/post"}],"author":[{"embeddable":true,"href":"https:\/\/www.zunoticia.com\/noticias-de-hidalgo\/wp-json\/wp\/v2\/users\/12"}],"replies":[{"embeddable":true,"href":"https:\/\/www.zunoticia.com\/noticias-de-hidalgo\/wp-json\/wp\/v2\/comments?post=605510"}],"version-history":[{"count":1,"href":"https:\/\/www.zunoticia.com\/noticias-de-hidalgo\/wp-json\/wp\/v2\/posts\/605510\/revisions"}],"predecessor-version":[{"id":605514,"href":"https:\/\/www.zunoticia.com\/noticias-de-hidalgo\/wp-json\/wp\/v2\/posts\/605510\/revisions\/605514"}],"wp:featuredmedia":[{"embeddable":true,"href":"https:\/\/www.zunoticia.com\/noticias-de-hidalgo\/wp-json\/wp\/v2\/media\/605511"}],"wp:attachment":[{"href":"https:\/\/www.zunoticia.com\/noticias-de-hidalgo\/wp-json\/wp\/v2\/media?parent=605510"}],"wp:term":[{"taxonomy":"category","embeddable":true,"href":"https:\/\/www.zunoticia.com\/noticias-de-hidalgo\/wp-json\/wp\/v2\/categories?post=605510"},{"taxonomy":"post_tag","embeddable":true,"href":"https:\/\/www.zunoticia.com\/noticias-de-hidalgo\/wp-json\/wp\/v2\/tags?post=605510"}],"curies":[{"name":"wp","href":"https:\/\/api.w.org\/{rel}","templated":true}]}}