{"id":605654,"date":"2025-09-03T11:37:47","date_gmt":"2025-09-03T17:37:47","guid":{"rendered":"https:\/\/www.zunoticia.com\/noticias-de-hidalgo\/?p=605654"},"modified":"2025-09-03T11:37:49","modified_gmt":"2025-09-03T17:37:49","slug":"choque-de-motocicleta-con-camioneta-dejo-danos-materiales","status":"publish","type":"post","link":"https:\/\/www.zunoticia.com\/noticias-de-hidalgo\/2025\/09\/03\/choque-de-motocicleta-con-camioneta-dejo-danos-materiales\/","title":{"rendered":"Choque de motocicleta con camioneta dej\u00f3 da\u00f1os materiales"},"content":{"rendered":"<aside class=\"mashsb-container mashsb-main mashsb-stretched\"><div class=\"mashsb-box\"><div class=\"mashsb-count mash-large\" style=\"float:left\"><div class=\"counts mashsbcount\">0<\/div><span class=\"mashsb-sharetext\">SHARES<\/span><\/div><div class=\"mashsb-buttons\"><a class=\"mashicon-facebook mash-large mash-center mashsb-noshadow\" href=\"https:\/\/www.facebook.com\/sharer.php?u=https%3A%2F%2Fwww.zunoticia.com%2Fnoticias-de-hidalgo%2F2025%2F09%2F03%2Fchoque-de-motocicleta-con-camioneta-dejo-danos-materiales%2F\" target=\"_top\" rel=\"nofollow\"><span class=\"icon\"><\/span><span class=\"text\">Share<\/span><\/a><a class=\"mashicon-twitter mash-large mash-center mashsb-noshadow\" href=\"https:\/\/twitter.com\/intent\/tweet?text=&amp;url=https:\/\/www.zunoticia.com\/noticias-de-hidalgo\/2025\/09\/03\/choque-de-motocicleta-con-camioneta-dejo-danos-materiales\/\" target=\"_top\" rel=\"nofollow\"><span class=\"icon\"><\/span><span class=\"text\">Tweet<\/span><\/a><div class=\"onoffswitch2 mash-large mashsb-noshadow\" style=\"display:none\"><\/div><\/div>\n            <\/div>\n                <div style=\"clear:both\"><\/div><div class=\"mashsb-toggle-container\"><\/div><\/aside>\n            <!-- Share buttons by mashshare.net - Version: 4.0.47-->\n<p><em>Por Roberto Ram\u00edrez\/Zunoticia<\/em><\/p>\n\n\n\n<p><strong>Huejutla, Hgo. &#8211; <\/strong>Un accidente entre una motocicleta y una camioneta dej\u00f3 da\u00f1os materiales, el accidente ocurri\u00f3 sobre el bulevar Adolfo L\u00f3pez Mateos de la colonia Aviaci\u00f3n Civil,  polic\u00edas de la Secretar\u00eda de Seguridad P\u00fablica Estatal llegaron al lugar.<\/p>\n\n\n\n<p> Fue la ma\u00f1ana de este mi\u00e9rcoles que se registr\u00f3 el percance luego de que  presuntamente el motociclista iba a exceso de velocidad e intento rebasar por la derecha y se impact\u00f3 con una camioneta Chevrolet, color blanca, que entraba sobre la calle Otto a un lado de la tienda el punto en la colonia Aviaci\u00f3n Civil.<\/p>\n\n\n\n<p> Al lugar llegaron polic\u00edas estatales para tomar conocimiento de los hechos e intervenir en el hecho, en donde no hubo personas lesionadas y los conductores llegaron a un acuerdo para la reparaci\u00f3n de los da\u00f1os.<\/p>\n","protected":false},"excerpt":{"rendered":"<p>Por Roberto Ram\u00edrez\/Zunoticia Huejutla, Hgo. &#8211; Un accidente entre una motocicleta y una camioneta dej\u00f3 da\u00f1os materiales, el accidente ocurri\u00f3 sobre el bulevar Adolfo L\u00f3pez Mateos de la colonia Aviaci\u00f3n Civil, polic\u00edas de la Secretar\u00eda de Seguridad P\u00fablica Estatal llegaron al lugar. Fue la ma\u00f1ana de este mi\u00e9rcoles que se registr\u00f3 el percance luego de&hellip; <a class=\"more-link\" href=\"https:\/\/www.zunoticia.com\/noticias-de-hidalgo\/2025\/09\/03\/choque-de-motocicleta-con-camioneta-dejo-danos-materiales\/\">Seguir leyendo <span class=\"screen-reader-text\">Choque de motocicleta con camioneta dej\u00f3 da\u00f1os materiales<\/span><\/a><\/p>\n","protected":false},"author":22,"featured_media":605655,"comment_status":"open","ping_status":"open","sticky":false,"template":"","format":"standard","meta":{"rop_custom_images_group":[],"rop_custom_messages_group":[],"rop_publish_now":"initial","rop_publish_now_accounts":{"facebook_10159540855086992_322828327761733":""},"rop_publish_now_history":[],"rop_publish_now_status":"pending","footnotes":""},"categories":[178],"tags":[121],"class_list":["post-605654","post","type-post","status-publish","format-standard","has-post-thumbnail","hentry","category-policiaca","tag-huejutla","entry"],"_links":{"self":[{"href":"https:\/\/www.zunoticia.com\/noticias-de-hidalgo\/wp-json\/wp\/v2\/posts\/605654","targetHints":{"allow":["GET"]}}],"collection":[{"href":"https:\/\/www.zunoticia.com\/noticias-de-hidalgo\/wp-json\/wp\/v2\/posts"}],"about":[{"href":"https:\/\/www.zunoticia.com\/noticias-de-hidalgo\/wp-json\/wp\/v2\/types\/post"}],"author":[{"embeddable":true,"href":"https:\/\/www.zunoticia.com\/noticias-de-hidalgo\/wp-json\/wp\/v2\/users\/22"}],"replies":[{"embeddable":true,"href":"https:\/\/www.zunoticia.com\/noticias-de-hidalgo\/wp-json\/wp\/v2\/comments?post=605654"}],"version-history":[{"count":1,"href":"https:\/\/www.zunoticia.com\/noticias-de-hidalgo\/wp-json\/wp\/v2\/posts\/605654\/revisions"}],"predecessor-version":[{"id":605656,"href":"https:\/\/www.zunoticia.com\/noticias-de-hidalgo\/wp-json\/wp\/v2\/posts\/605654\/revisions\/605656"}],"wp:featuredmedia":[{"embeddable":true,"href":"https:\/\/www.zunoticia.com\/noticias-de-hidalgo\/wp-json\/wp\/v2\/media\/605655"}],"wp:attachment":[{"href":"https:\/\/www.zunoticia.com\/noticias-de-hidalgo\/wp-json\/wp\/v2\/media?parent=605654"}],"wp:term":[{"taxonomy":"category","embeddable":true,"href":"https:\/\/www.zunoticia.com\/noticias-de-hidalgo\/wp-json\/wp\/v2\/categories?post=605654"},{"taxonomy":"post_tag","embeddable":true,"href":"https:\/\/www.zunoticia.com\/noticias-de-hidalgo\/wp-json\/wp\/v2\/tags?post=605654"}],"curies":[{"name":"wp","href":"https:\/\/api.w.org\/{rel}","templated":true}]}}