{"id":606196,"date":"2025-09-08T13:55:37","date_gmt":"2025-09-08T19:55:37","guid":{"rendered":"https:\/\/www.zunoticia.com\/noticias-de-hidalgo\/?p=606196"},"modified":"2025-09-08T13:55:39","modified_gmt":"2025-09-08T19:55:39","slug":"inician-los-preparativos-para-la-participacion-de-edna-en-aguascalientes","status":"publish","type":"post","link":"https:\/\/www.zunoticia.com\/noticias-de-hidalgo\/2025\/09\/08\/inician-los-preparativos-para-la-participacion-de-edna-en-aguascalientes\/","title":{"rendered":"Inician los preparativos para la participaci\u00f3n de Edna en Aguascalientes"},"content":{"rendered":"<aside class=\"mashsb-container mashsb-main mashsb-stretched\"><div class=\"mashsb-box\"><div class=\"mashsb-count mash-large\" style=\"float:left\"><div class=\"counts mashsbcount\">0<\/div><span class=\"mashsb-sharetext\">SHARES<\/span><\/div><div class=\"mashsb-buttons\"><a class=\"mashicon-facebook mash-large mash-center mashsb-noshadow\" href=\"https:\/\/www.facebook.com\/sharer.php?u=https%3A%2F%2Fwww.zunoticia.com%2Fnoticias-de-hidalgo%2F2025%2F09%2F08%2Finician-los-preparativos-para-la-participacion-de-edna-en-aguascalientes%2F\" target=\"_top\" rel=\"nofollow\"><span class=\"icon\"><\/span><span class=\"text\">Share<\/span><\/a><a class=\"mashicon-twitter mash-large mash-center mashsb-noshadow\" href=\"https:\/\/twitter.com\/intent\/tweet?text=&amp;url=https:\/\/www.zunoticia.com\/noticias-de-hidalgo\/2025\/09\/08\/inician-los-preparativos-para-la-participacion-de-edna-en-aguascalientes\/\" target=\"_top\" rel=\"nofollow\"><span class=\"icon\"><\/span><span class=\"text\">Tweet<\/span><\/a><div class=\"onoffswitch2 mash-large mashsb-noshadow\" style=\"display:none\"><\/div><\/div>\n            <\/div>\n                <div style=\"clear:both\"><\/div><div class=\"mashsb-toggle-container\"><\/div><\/aside>\n            <!-- Share buttons by mashshare.net - Version: 4.0.47-->\n<p><em>Por Karen Rivera\/Zunoticia<\/em><\/p>\n\n\n\n<p><strong>Huejutla de Reyes, Hgo. &#8211; <\/strong>La representante de La Flor Especial M\u00e1s Bella, Ver\u00f3nica Yazm\u00edn Lerma Fern\u00e1ndez, inform\u00f3 que iniciaron la preparaci\u00f3n de Edna Cecilia Dom\u00ednguez San Juan, rumbo al certamen de Aguascalientes.<\/p>\n\n\n\n<p>La final nacional se llevar\u00e1 a cabo en el d\u00eda 29 de Noviembre del a\u00f1o en curso en la ciudad de Aguascalientes.La digna representante es una joven Huautlense, qui\u00e9n pondr\u00e1 en alto el nombre del Estado de Hidalgo.<\/p>\n\n\n\n<p>Edna Cecilia cuenta con el apoyo de su familia y el respaldo del SMDIF de Huautla.Mencion\u00f3 &#8220;Pude ser testigo de la gran empat\u00eda, trabajo en equipo y apoyo que le brindaron en todo momento, ahora ella representa los 84 municipios de este extraordinario Estado y confiamos en que esta experiencia seguir\u00e1 sumando y aportando felicidad al alma, prop\u00f3sito  y belleza integral tanto para ella como para quienes le rodeamos&#8221;.<\/p>\n\n\n\n<p>Cit\u00f3 &#8220;Agradezco al Presidente Jos\u00e9 Alfredo San Rom\u00e1n Duval el haber sido emp\u00e1tico y brindar su gran apoyo tanto con nuestra reina saliente B\u00e1rbara Charlisse Rodr\u00edguez Garc\u00eda, como ahora confiamos en que seguir\u00e1 invitando y tomando en cuenta a Edna en actividades sociales, culturales y tur\u00edsticas del municipio&#8221;. <\/p>\n\n\n\n<p>Del mismo modo agradeci\u00f3 a la presidenta honoraria del SMDIF, Kristel Rodr\u00edguez Flores, por autorizar y facilitar los espacios para este certamen.<\/p>\n","protected":false},"excerpt":{"rendered":"<p>Por Karen Rivera\/Zunoticia Huejutla de Reyes, Hgo. &#8211; La representante de La Flor Especial M\u00e1s Bella, Ver\u00f3nica Yazm\u00edn Lerma Fern\u00e1ndez, inform\u00f3 que iniciaron la preparaci\u00f3n de Edna Cecilia Dom\u00ednguez San Juan, rumbo al certamen de Aguascalientes. La final nacional se llevar\u00e1 a cabo en el d\u00eda 29 de Noviembre del a\u00f1o en curso en la&hellip; <a class=\"more-link\" href=\"https:\/\/www.zunoticia.com\/noticias-de-hidalgo\/2025\/09\/08\/inician-los-preparativos-para-la-participacion-de-edna-en-aguascalientes\/\">Seguir leyendo <span class=\"screen-reader-text\">Inician los preparativos para la participaci\u00f3n de Edna en Aguascalientes<\/span><\/a><\/p>\n","protected":false},"author":22,"featured_media":606197,"comment_status":"open","ping_status":"open","sticky":false,"template":"","format":"standard","meta":{"rop_custom_images_group":[],"rop_custom_messages_group":[],"rop_publish_now":"initial","rop_publish_now_accounts":{"facebook_10159540855086992_322828327761733":""},"rop_publish_now_history":[],"rop_publish_now_status":"pending","footnotes":""},"categories":[181],"tags":[121],"class_list":["post-606196","post","type-post","status-publish","format-standard","has-post-thumbnail","hentry","category-huejutla","tag-huejutla","entry"],"_links":{"self":[{"href":"https:\/\/www.zunoticia.com\/noticias-de-hidalgo\/wp-json\/wp\/v2\/posts\/606196","targetHints":{"allow":["GET"]}}],"collection":[{"href":"https:\/\/www.zunoticia.com\/noticias-de-hidalgo\/wp-json\/wp\/v2\/posts"}],"about":[{"href":"https:\/\/www.zunoticia.com\/noticias-de-hidalgo\/wp-json\/wp\/v2\/types\/post"}],"author":[{"embeddable":true,"href":"https:\/\/www.zunoticia.com\/noticias-de-hidalgo\/wp-json\/wp\/v2\/users\/22"}],"replies":[{"embeddable":true,"href":"https:\/\/www.zunoticia.com\/noticias-de-hidalgo\/wp-json\/wp\/v2\/comments?post=606196"}],"version-history":[{"count":1,"href":"https:\/\/www.zunoticia.com\/noticias-de-hidalgo\/wp-json\/wp\/v2\/posts\/606196\/revisions"}],"predecessor-version":[{"id":606198,"href":"https:\/\/www.zunoticia.com\/noticias-de-hidalgo\/wp-json\/wp\/v2\/posts\/606196\/revisions\/606198"}],"wp:featuredmedia":[{"embeddable":true,"href":"https:\/\/www.zunoticia.com\/noticias-de-hidalgo\/wp-json\/wp\/v2\/media\/606197"}],"wp:attachment":[{"href":"https:\/\/www.zunoticia.com\/noticias-de-hidalgo\/wp-json\/wp\/v2\/media?parent=606196"}],"wp:term":[{"taxonomy":"category","embeddable":true,"href":"https:\/\/www.zunoticia.com\/noticias-de-hidalgo\/wp-json\/wp\/v2\/categories?post=606196"},{"taxonomy":"post_tag","embeddable":true,"href":"https:\/\/www.zunoticia.com\/noticias-de-hidalgo\/wp-json\/wp\/v2\/tags?post=606196"}],"curies":[{"name":"wp","href":"https:\/\/api.w.org\/{rel}","templated":true}]}}