{"id":606264,"date":"2025-09-08T18:35:02","date_gmt":"2025-09-09T00:35:02","guid":{"rendered":"https:\/\/www.zunoticia.com\/noticias-de-hidalgo\/?p=606264"},"modified":"2025-09-08T18:35:03","modified_gmt":"2025-09-09T00:35:03","slug":"preparan-exposicion-de-mentes-creativas-del-campamento-emprendedor-holistic","status":"publish","type":"post","link":"https:\/\/www.zunoticia.com\/noticias-de-hidalgo\/2025\/09\/08\/preparan-exposicion-de-mentes-creativas-del-campamento-emprendedor-holistic\/","title":{"rendered":"Preparan Exposici\u00f3n de mentes creativas del Campamento Emprendedor Holistic"},"content":{"rendered":"<aside class=\"mashsb-container mashsb-main mashsb-stretched\"><div class=\"mashsb-box\"><div class=\"mashsb-count mash-large\" style=\"float:left\"><div class=\"counts mashsbcount\">0<\/div><span class=\"mashsb-sharetext\">SHARES<\/span><\/div><div class=\"mashsb-buttons\"><a class=\"mashicon-facebook mash-large mash-center mashsb-noshadow\" href=\"https:\/\/www.facebook.com\/sharer.php?u=https%3A%2F%2Fwww.zunoticia.com%2Fnoticias-de-hidalgo%2F2025%2F09%2F08%2Fpreparan-exposicion-de-mentes-creativas-del-campamento-emprendedor-holistic%2F\" target=\"_top\" rel=\"nofollow\"><span class=\"icon\"><\/span><span class=\"text\">Share<\/span><\/a><a class=\"mashicon-twitter mash-large mash-center mashsb-noshadow\" href=\"https:\/\/twitter.com\/intent\/tweet?text=&amp;url=https:\/\/www.zunoticia.com\/noticias-de-hidalgo\/2025\/09\/08\/preparan-exposicion-de-mentes-creativas-del-campamento-emprendedor-holistic\/\" target=\"_top\" rel=\"nofollow\"><span class=\"icon\"><\/span><span class=\"text\">Tweet<\/span><\/a><div class=\"onoffswitch2 mash-large mashsb-noshadow\" style=\"display:none\"><\/div><\/div>\n            <\/div>\n                <div style=\"clear:both\"><\/div><div class=\"mashsb-toggle-container\"><\/div><\/aside>\n            <!-- Share buttons by mashshare.net - Version: 4.0.47-->\n<p><em>Por Enedino Hern\u00e1ndez Alonso\/Zunoticia<\/em><\/p>\n\n\n\n<p><strong>Huejutla, Hgo. &#8211;<\/strong> Con toda anticipaci\u00f3n se llevan a cabo los preparativos correspondientes para realizar en las instalaciones del Parque Ecol\u00f3gico Municipal de Huejutla de Reyes una Exposici\u00f3n de diversos productos elaborados por las 14 mentes creativas integrantes del Campamento Emprendedor Holistic.<\/p>\n\n\n\n<p>La directora del Campamento Emprendedor Holistic, Ver\u00f3nica Yazm\u00edn Lerma; se\u00f1ala que ser\u00e1 el primer s\u00e1bado del mes de octubre cuando se llevar\u00e1 a cabo la exposici\u00f3n, para lo cual con toda oportunidad las 14 mentes creativas elaboran sus diversos productos y dem\u00e1s trabajos art\u00edsticos con su primera idea de negocio.<\/p>\n\n\n\n<p>Abunda que en la exposici\u00f3n se tendr\u00e1n productos ecol\u00f3gicos, pues para hacer arte solo se necesita creatividad y en eso se trabaja con las mentas creativas, que se enfocan en hacer conciencia ambiental mediante un arte ecol\u00f3gico.<\/p>\n\n\n\n<p>Asimismo, hace extensiva la invitaci\u00f3n a la poblaci\u00f3n en general para que se programen para el primer s\u00e1bado del mes de octubre y acudan a esta Exposici\u00f3n de las mentes creativas integrantes del Campamento Emprendedor Holistic.<\/p>\n\n\n\n<p>Confirma que las 14 mentes creativas trabajan adicionalmente, pues en su mayor\u00eda ya iniciaron con sus actividades escolares, tienen sus tareas, pero tambi\u00e9n se dan un tiempo para fortalecer la creatividad que es un importante punto emocional en los ni\u00f1os y el arte que sensibiliza a la comunidad en general.<\/p>\n","protected":false},"excerpt":{"rendered":"<p>Por Enedino Hern\u00e1ndez Alonso\/Zunoticia Huejutla, Hgo. &#8211; Con toda anticipaci\u00f3n se llevan a cabo los preparativos correspondientes para realizar en las instalaciones del Parque Ecol\u00f3gico Municipal de Huejutla de Reyes una Exposici\u00f3n de diversos productos elaborados por las 14 mentes creativas integrantes del Campamento Emprendedor Holistic. La directora del Campamento Emprendedor Holistic, Ver\u00f3nica Yazm\u00edn Lerma;&hellip; <a class=\"more-link\" href=\"https:\/\/www.zunoticia.com\/noticias-de-hidalgo\/2025\/09\/08\/preparan-exposicion-de-mentes-creativas-del-campamento-emprendedor-holistic\/\">Seguir leyendo <span class=\"screen-reader-text\">Preparan Exposici\u00f3n de mentes creativas del Campamento Emprendedor Holistic<\/span><\/a><\/p>\n","protected":false},"author":22,"featured_media":606265,"comment_status":"open","ping_status":"open","sticky":false,"template":"","format":"standard","meta":{"rop_custom_images_group":[],"rop_custom_messages_group":[],"rop_publish_now":"initial","rop_publish_now_accounts":{"facebook_10159540855086992_322828327761733":""},"rop_publish_now_history":[],"rop_publish_now_status":"pending","footnotes":""},"categories":[181],"tags":[121],"class_list":["post-606264","post","type-post","status-publish","format-standard","has-post-thumbnail","hentry","category-huejutla","tag-huejutla","entry"],"_links":{"self":[{"href":"https:\/\/www.zunoticia.com\/noticias-de-hidalgo\/wp-json\/wp\/v2\/posts\/606264","targetHints":{"allow":["GET"]}}],"collection":[{"href":"https:\/\/www.zunoticia.com\/noticias-de-hidalgo\/wp-json\/wp\/v2\/posts"}],"about":[{"href":"https:\/\/www.zunoticia.com\/noticias-de-hidalgo\/wp-json\/wp\/v2\/types\/post"}],"author":[{"embeddable":true,"href":"https:\/\/www.zunoticia.com\/noticias-de-hidalgo\/wp-json\/wp\/v2\/users\/22"}],"replies":[{"embeddable":true,"href":"https:\/\/www.zunoticia.com\/noticias-de-hidalgo\/wp-json\/wp\/v2\/comments?post=606264"}],"version-history":[{"count":1,"href":"https:\/\/www.zunoticia.com\/noticias-de-hidalgo\/wp-json\/wp\/v2\/posts\/606264\/revisions"}],"predecessor-version":[{"id":606266,"href":"https:\/\/www.zunoticia.com\/noticias-de-hidalgo\/wp-json\/wp\/v2\/posts\/606264\/revisions\/606266"}],"wp:featuredmedia":[{"embeddable":true,"href":"https:\/\/www.zunoticia.com\/noticias-de-hidalgo\/wp-json\/wp\/v2\/media\/606265"}],"wp:attachment":[{"href":"https:\/\/www.zunoticia.com\/noticias-de-hidalgo\/wp-json\/wp\/v2\/media?parent=606264"}],"wp:term":[{"taxonomy":"category","embeddable":true,"href":"https:\/\/www.zunoticia.com\/noticias-de-hidalgo\/wp-json\/wp\/v2\/categories?post=606264"},{"taxonomy":"post_tag","embeddable":true,"href":"https:\/\/www.zunoticia.com\/noticias-de-hidalgo\/wp-json\/wp\/v2\/tags?post=606264"}],"curies":[{"name":"wp","href":"https:\/\/api.w.org\/{rel}","templated":true}]}}