{"id":606273,"date":"2025-09-08T18:49:32","date_gmt":"2025-09-09T00:49:32","guid":{"rendered":"https:\/\/www.zunoticia.com\/noticias-de-hidalgo\/?p=606273"},"modified":"2025-09-08T18:49:34","modified_gmt":"2025-09-09T00:49:34","slug":"instalan-puesto-de-vacunacion-antirrabica-canina-y-felina-en-la-jurisdiccion-sanitaria","status":"publish","type":"post","link":"https:\/\/www.zunoticia.com\/noticias-de-hidalgo\/2025\/09\/08\/instalan-puesto-de-vacunacion-antirrabica-canina-y-felina-en-la-jurisdiccion-sanitaria\/","title":{"rendered":"Instalan Puesto de Vacunaci\u00f3n Antirr\u00e1bica Canina y Felina en la Jurisdicci\u00f3n Sanitaria"},"content":{"rendered":"<aside class=\"mashsb-container mashsb-main mashsb-stretched\"><div class=\"mashsb-box\"><div class=\"mashsb-count mash-large\" style=\"float:left\"><div class=\"counts mashsbcount\">0<\/div><span class=\"mashsb-sharetext\">SHARES<\/span><\/div><div class=\"mashsb-buttons\"><a class=\"mashicon-facebook mash-large mash-center mashsb-noshadow\" href=\"https:\/\/www.facebook.com\/sharer.php?u=https%3A%2F%2Fwww.zunoticia.com%2Fnoticias-de-hidalgo%2F2025%2F09%2F08%2Finstalan-puesto-de-vacunacion-antirrabica-canina-y-felina-en-la-jurisdiccion-sanitaria%2F\" target=\"_top\" rel=\"nofollow\"><span class=\"icon\"><\/span><span class=\"text\">Share<\/span><\/a><a class=\"mashicon-twitter mash-large mash-center mashsb-noshadow\" href=\"https:\/\/twitter.com\/intent\/tweet?text=&amp;url=https:\/\/www.zunoticia.com\/noticias-de-hidalgo\/2025\/09\/08\/instalan-puesto-de-vacunacion-antirrabica-canina-y-felina-en-la-jurisdiccion-sanitaria\/\" target=\"_top\" rel=\"nofollow\"><span class=\"icon\"><\/span><span class=\"text\">Tweet<\/span><\/a><div class=\"onoffswitch2 mash-large mashsb-noshadow\" style=\"display:none\"><\/div><\/div>\n            <\/div>\n                <div style=\"clear:both\"><\/div><div class=\"mashsb-toggle-container\"><\/div><\/aside>\n            <!-- Share buttons by mashshare.net - Version: 4.0.47-->\n<p><em>Por Enedino Hern\u00e1ndez Alonso\/Zunoticia<\/em><\/p>\n\n\n\n<p><strong>Huejutla, Hgo. &#8211;<\/strong> El jefe de la Jurisdicci\u00f3n Sanitaria 04 Huejutla de Reyes, Jes\u00fas Rodr\u00edguez Ortega; confirma que del martes 9 de septiembre al 15 de octubre frente a la Jurisdicci\u00f3n Sanitaria se instala un Puesto de Vacunaci\u00f3n Antirr\u00e1bica Canina y Felina en d\u00f3nde se atiende de lunes a viernes de 9 a 15 horas tres de la tarde.<\/p>\n\n\n\n<p>Indica que el Puesto de Vacunaci\u00f3n Antirr\u00e1bica canina y felina ser\u00e1 permanente durante el periodo comprendido del martes 9 de septiembre y hasta el 15 de octubre, para lo cual se invita a las familias para que lleven sus mascotas, perros y gatos a vacunarse.<\/p>\n\n\n\n<figure class=\"wp-block-image size-large\"><img fetchpriority=\"high\" decoding=\"async\" width=\"1024\" height=\"768\" src=\"https:\/\/www.zunoticia.com\/noticias-de-hidalgo\/wp-content\/uploads\/2025\/09\/WhatsApp-Image-2025-09-08-at-5.05.43-PM-1024x768.jpeg\" alt=\"\" class=\"wp-image-606275\" srcset=\"https:\/\/www.zunoticia.com\/noticias-de-hidalgo\/wp-content\/uploads\/2025\/09\/WhatsApp-Image-2025-09-08-at-5.05.43-PM-1024x768.jpeg 1024w, https:\/\/www.zunoticia.com\/noticias-de-hidalgo\/wp-content\/uploads\/2025\/09\/WhatsApp-Image-2025-09-08-at-5.05.43-PM-300x225.jpeg 300w, https:\/\/www.zunoticia.com\/noticias-de-hidalgo\/wp-content\/uploads\/2025\/09\/WhatsApp-Image-2025-09-08-at-5.05.43-PM-768x576.jpeg 768w, https:\/\/www.zunoticia.com\/noticias-de-hidalgo\/wp-content\/uploads\/2025\/09\/WhatsApp-Image-2025-09-08-at-5.05.43-PM.jpeg 1440w\" sizes=\"(max-width: 1024px) 100vw, 1024px\" \/><\/figure>\n\n\n\n<p>Adem\u00e1s, dijo que personal de la instituci\u00f3n acudir\u00e1 previa programaci\u00f3n a las colonias y comunidades para fortalecer las acciones de la Vacunaci\u00f3n Antirr\u00e1bica canina y felina, en donde se pretende vacunar a la gran mayor\u00eda de estos animales.<\/p>\n\n\n\n<p>Dijo que en estas acciones tienen como objetivo principal el de prevenir la rabia en estos animales como son los perros y gatos, se busca que los animales est\u00e9n debidamente vacunados para evitar algunas situaciones en caso de agresiones.<\/p>\n\n\n\n<p>Jes\u00fas Rodr\u00edguez, subraya que tan solo en el municipio de Huejutla se cuenta con un promedio de 42 mil dosis para aplicarse en esta Vacunaci\u00f3n Antirr\u00e1bica canina y felina.<\/p>\n\n\n\n<p>Invita a la poblaci\u00f3n en general que tiene mascotas como son perros y gatos para que acudan al Puesto de Vacunaci\u00f3n Antirr\u00e1bica Canina y Felina en la Jurisdicci\u00f3n Sanitaria, pero tambi\u00e9n se buscara la forma de acudir a las colonias y comunidades.<\/p>\n","protected":false},"excerpt":{"rendered":"<p>Por Enedino Hern\u00e1ndez Alonso\/Zunoticia Huejutla, Hgo. &#8211; El jefe de la Jurisdicci\u00f3n Sanitaria 04 Huejutla de Reyes, Jes\u00fas Rodr\u00edguez Ortega; confirma que del martes 9 de septiembre al 15 de octubre frente a la Jurisdicci\u00f3n Sanitaria se instala un Puesto de Vacunaci\u00f3n Antirr\u00e1bica Canina y Felina en d\u00f3nde se atiende de lunes a viernes de&hellip; <a class=\"more-link\" href=\"https:\/\/www.zunoticia.com\/noticias-de-hidalgo\/2025\/09\/08\/instalan-puesto-de-vacunacion-antirrabica-canina-y-felina-en-la-jurisdiccion-sanitaria\/\">Seguir leyendo <span class=\"screen-reader-text\">Instalan Puesto de Vacunaci\u00f3n Antirr\u00e1bica Canina y Felina en la Jurisdicci\u00f3n Sanitaria<\/span><\/a><\/p>\n","protected":false},"author":22,"featured_media":606274,"comment_status":"open","ping_status":"open","sticky":false,"template":"","format":"standard","meta":{"rop_custom_images_group":[],"rop_custom_messages_group":[],"rop_publish_now":"initial","rop_publish_now_accounts":{"facebook_10159540855086992_322828327761733":""},"rop_publish_now_history":[],"rop_publish_now_status":"pending","footnotes":""},"categories":[181],"tags":[121],"class_list":["post-606273","post","type-post","status-publish","format-standard","has-post-thumbnail","hentry","category-huejutla","tag-huejutla","entry"],"_links":{"self":[{"href":"https:\/\/www.zunoticia.com\/noticias-de-hidalgo\/wp-json\/wp\/v2\/posts\/606273","targetHints":{"allow":["GET"]}}],"collection":[{"href":"https:\/\/www.zunoticia.com\/noticias-de-hidalgo\/wp-json\/wp\/v2\/posts"}],"about":[{"href":"https:\/\/www.zunoticia.com\/noticias-de-hidalgo\/wp-json\/wp\/v2\/types\/post"}],"author":[{"embeddable":true,"href":"https:\/\/www.zunoticia.com\/noticias-de-hidalgo\/wp-json\/wp\/v2\/users\/22"}],"replies":[{"embeddable":true,"href":"https:\/\/www.zunoticia.com\/noticias-de-hidalgo\/wp-json\/wp\/v2\/comments?post=606273"}],"version-history":[{"count":1,"href":"https:\/\/www.zunoticia.com\/noticias-de-hidalgo\/wp-json\/wp\/v2\/posts\/606273\/revisions"}],"predecessor-version":[{"id":606276,"href":"https:\/\/www.zunoticia.com\/noticias-de-hidalgo\/wp-json\/wp\/v2\/posts\/606273\/revisions\/606276"}],"wp:featuredmedia":[{"embeddable":true,"href":"https:\/\/www.zunoticia.com\/noticias-de-hidalgo\/wp-json\/wp\/v2\/media\/606274"}],"wp:attachment":[{"href":"https:\/\/www.zunoticia.com\/noticias-de-hidalgo\/wp-json\/wp\/v2\/media?parent=606273"}],"wp:term":[{"taxonomy":"category","embeddable":true,"href":"https:\/\/www.zunoticia.com\/noticias-de-hidalgo\/wp-json\/wp\/v2\/categories?post=606273"},{"taxonomy":"post_tag","embeddable":true,"href":"https:\/\/www.zunoticia.com\/noticias-de-hidalgo\/wp-json\/wp\/v2\/tags?post=606273"}],"curies":[{"name":"wp","href":"https:\/\/api.w.org\/{rel}","templated":true}]}}