{"id":606278,"date":"2025-09-08T20:35:18","date_gmt":"2025-09-09T02:35:18","guid":{"rendered":"https:\/\/www.zunoticia.com\/noticias-de-hidalgo\/?p=606278"},"modified":"2025-09-08T20:35:21","modified_gmt":"2025-09-09T02:35:21","slug":"constantes-fallas-en-el-servicio-electrico","status":"publish","type":"post","link":"https:\/\/www.zunoticia.com\/noticias-de-hidalgo\/2025\/09\/08\/constantes-fallas-en-el-servicio-electrico\/","title":{"rendered":"Constantes fallas en el servicio el\u00e9ctrico"},"content":{"rendered":"<aside class=\"mashsb-container mashsb-main mashsb-stretched\"><div class=\"mashsb-box\"><div class=\"mashsb-count mash-large\" style=\"float:left\"><div class=\"counts mashsbcount\">0<\/div><span class=\"mashsb-sharetext\">SHARES<\/span><\/div><div class=\"mashsb-buttons\"><a class=\"mashicon-facebook mash-large mash-center mashsb-noshadow\" href=\"https:\/\/www.facebook.com\/sharer.php?u=https%3A%2F%2Fwww.zunoticia.com%2Fnoticias-de-hidalgo%2F2025%2F09%2F08%2Fconstantes-fallas-en-el-servicio-electrico%2F\" target=\"_top\" rel=\"nofollow\"><span class=\"icon\"><\/span><span class=\"text\">Share<\/span><\/a><a class=\"mashicon-twitter mash-large mash-center mashsb-noshadow\" href=\"https:\/\/twitter.com\/intent\/tweet?text=&amp;url=https:\/\/www.zunoticia.com\/noticias-de-hidalgo\/2025\/09\/08\/constantes-fallas-en-el-servicio-electrico\/\" target=\"_top\" rel=\"nofollow\"><span class=\"icon\"><\/span><span class=\"text\">Tweet<\/span><\/a><div class=\"onoffswitch2 mash-large mashsb-noshadow\" style=\"display:none\"><\/div><\/div>\n            <\/div>\n                <div style=\"clear:both\"><\/div><div class=\"mashsb-toggle-container\"><\/div><\/aside>\n            <!-- Share buttons by mashshare.net - Version: 4.0.47-->\n<p><em>Por Gabriela Hern\u00e1ndez\/Zunoticia<\/em><\/p>\n\n\n\n<p><strong>Jaltoc\u00e1n, Hgo.- <\/strong>Durante la madrugada del domingo se reportaron varios cortos circuitos en la cabecera municipal, lo que provoc\u00f3 un apag\u00f3n en varios barrios de este municipio, adem\u00e1s de que perdur\u00f3 el servicio con baja tensi\u00f3n en las l\u00edneas el\u00e9ctricas.<\/p>\n\n\n\n<p>Adem\u00e1s de los cortes el\u00e9ctricos que provocan fallas constantes, los vecinos han se\u00f1alado deficiencias en la atenci\u00f3n de la CFE al momento de reportar el problema. Alegan que el tiempo de respuesta es prolongado y que, en muchos casos, no reciben soluciones efectivas.<\/p>\n\n\n\n<p>Por otro lado, la CFE ha informado que, debido al aumento de temperaturas, ha implementado medidas de refuerzo en la red el\u00e9ctrica; cabe se\u00f1alar que durante la temporada de calor, la demanda de energ\u00eda aumenta.<\/p>\n\n\n\n<p>En una estrategia preventiva, la CFE ha llevado a cabo la poda \u00e1rboles que representaban riesgo para la infraestructura el\u00e9ctrica, contribuyendo a evitar cortocircuitos o da\u00f1os durante fen\u00f3menos meteorol\u00f3gicos adversos.<\/p>\n\n\n<div class=\"wp-block-image\">\n<figure class=\"aligncenter size-large\"><img fetchpriority=\"high\" decoding=\"async\" width=\"745\" height=\"1024\" src=\"https:\/\/www.zunoticia.com\/noticias-de-hidalgo\/wp-content\/uploads\/2025\/09\/eZy-Watermark_08-09-2025_08-05-07-4170p.m-745x1024.jpg\" alt=\"\" class=\"wp-image-606299\" srcset=\"https:\/\/www.zunoticia.com\/noticias-de-hidalgo\/wp-content\/uploads\/2025\/09\/eZy-Watermark_08-09-2025_08-05-07-4170p.m-745x1024.jpg 745w, https:\/\/www.zunoticia.com\/noticias-de-hidalgo\/wp-content\/uploads\/2025\/09\/eZy-Watermark_08-09-2025_08-05-07-4170p.m-218x300.jpg 218w, https:\/\/www.zunoticia.com\/noticias-de-hidalgo\/wp-content\/uploads\/2025\/09\/eZy-Watermark_08-09-2025_08-05-07-4170p.m-768x1056.jpg 768w, https:\/\/www.zunoticia.com\/noticias-de-hidalgo\/wp-content\/uploads\/2025\/09\/eZy-Watermark_08-09-2025_08-05-07-4170p.m.jpg 931w\" sizes=\"(max-width: 745px) 100vw, 745px\" \/><\/figure>\n<\/div>\n\n\n<p>Los vecinos de este sector poblacional contin\u00faan exigiendo que se implementen mejoras en el servicio local para evitar m\u00e1s afectaciones. La comunidad espera que la coordinaci\u00f3n entre las autoridades municipales y la CFE permita resolver la problem\u00e1tica de manera efectiva en&nbsp;el&nbsp;corto&nbsp;plazo.<\/p>\n","protected":false},"excerpt":{"rendered":"<p>Por Gabriela Hern\u00e1ndez\/Zunoticia Jaltoc\u00e1n, Hgo.- Durante la madrugada del domingo se reportaron varios cortos circuitos en la cabecera municipal, lo que provoc\u00f3 un apag\u00f3n en varios barrios de este municipio, adem\u00e1s de que perdur\u00f3 el servicio con baja tensi\u00f3n en las l\u00edneas el\u00e9ctricas. Adem\u00e1s de los cortes el\u00e9ctricos que provocan fallas constantes, los vecinos han&hellip; <a class=\"more-link\" href=\"https:\/\/www.zunoticia.com\/noticias-de-hidalgo\/2025\/09\/08\/constantes-fallas-en-el-servicio-electrico\/\">Seguir leyendo <span class=\"screen-reader-text\">Constantes fallas en el servicio el\u00e9ctrico<\/span><\/a><\/p>\n","protected":false},"author":12,"featured_media":606298,"comment_status":"open","ping_status":"open","sticky":false,"template":"","format":"standard","meta":{"rop_custom_images_group":[],"rop_custom_messages_group":[],"rop_publish_now":"initial","rop_publish_now_accounts":{"facebook_10159540855086992_322828327761733":""},"rop_publish_now_history":[],"rop_publish_now_status":"pending","footnotes":""},"categories":[179,200],"tags":[131],"class_list":["post-606278","post","type-post","status-publish","format-standard","has-post-thumbnail","hentry","category-huasteca","category-jaltocan","tag-jaltocan","entry"],"_links":{"self":[{"href":"https:\/\/www.zunoticia.com\/noticias-de-hidalgo\/wp-json\/wp\/v2\/posts\/606278","targetHints":{"allow":["GET"]}}],"collection":[{"href":"https:\/\/www.zunoticia.com\/noticias-de-hidalgo\/wp-json\/wp\/v2\/posts"}],"about":[{"href":"https:\/\/www.zunoticia.com\/noticias-de-hidalgo\/wp-json\/wp\/v2\/types\/post"}],"author":[{"embeddable":true,"href":"https:\/\/www.zunoticia.com\/noticias-de-hidalgo\/wp-json\/wp\/v2\/users\/12"}],"replies":[{"embeddable":true,"href":"https:\/\/www.zunoticia.com\/noticias-de-hidalgo\/wp-json\/wp\/v2\/comments?post=606278"}],"version-history":[{"count":1,"href":"https:\/\/www.zunoticia.com\/noticias-de-hidalgo\/wp-json\/wp\/v2\/posts\/606278\/revisions"}],"predecessor-version":[{"id":606300,"href":"https:\/\/www.zunoticia.com\/noticias-de-hidalgo\/wp-json\/wp\/v2\/posts\/606278\/revisions\/606300"}],"wp:featuredmedia":[{"embeddable":true,"href":"https:\/\/www.zunoticia.com\/noticias-de-hidalgo\/wp-json\/wp\/v2\/media\/606298"}],"wp:attachment":[{"href":"https:\/\/www.zunoticia.com\/noticias-de-hidalgo\/wp-json\/wp\/v2\/media?parent=606278"}],"wp:term":[{"taxonomy":"category","embeddable":true,"href":"https:\/\/www.zunoticia.com\/noticias-de-hidalgo\/wp-json\/wp\/v2\/categories?post=606278"},{"taxonomy":"post_tag","embeddable":true,"href":"https:\/\/www.zunoticia.com\/noticias-de-hidalgo\/wp-json\/wp\/v2\/tags?post=606278"}],"curies":[{"name":"wp","href":"https:\/\/api.w.org\/{rel}","templated":true}]}}