{"id":606307,"date":"2025-09-08T20:54:31","date_gmt":"2025-09-09T02:54:31","guid":{"rendered":"https:\/\/www.zunoticia.com\/noticias-de-hidalgo\/?p=606307"},"modified":"2025-09-08T20:54:34","modified_gmt":"2025-09-09T02:54:34","slug":"dif-y-gobierno-municipal-de-huejutla-presentes-en-apertura-de-jornada-nacional-de-salud","status":"publish","type":"post","link":"https:\/\/www.zunoticia.com\/noticias-de-hidalgo\/2025\/09\/08\/dif-y-gobierno-municipal-de-huejutla-presentes-en-apertura-de-jornada-nacional-de-salud\/","title":{"rendered":"DIF y gobierno municipal de Huejutla presentes en apertura de Jornada Nacional de Salud"},"content":{"rendered":"<aside class=\"mashsb-container mashsb-main mashsb-stretched\"><div class=\"mashsb-box\"><div class=\"mashsb-count mash-large\" style=\"float:left\"><div class=\"counts mashsbcount\">0<\/div><span class=\"mashsb-sharetext\">SHARES<\/span><\/div><div class=\"mashsb-buttons\"><a class=\"mashicon-facebook mash-large mash-center mashsb-noshadow\" href=\"https:\/\/www.facebook.com\/sharer.php?u=https%3A%2F%2Fwww.zunoticia.com%2Fnoticias-de-hidalgo%2F2025%2F09%2F08%2Fdif-y-gobierno-municipal-de-huejutla-presentes-en-apertura-de-jornada-nacional-de-salud%2F\" target=\"_top\" rel=\"nofollow\"><span class=\"icon\"><\/span><span class=\"text\">Share<\/span><\/a><a class=\"mashicon-twitter mash-large mash-center mashsb-noshadow\" href=\"https:\/\/twitter.com\/intent\/tweet?text=&amp;url=https:\/\/www.zunoticia.com\/noticias-de-hidalgo\/2025\/09\/08\/dif-y-gobierno-municipal-de-huejutla-presentes-en-apertura-de-jornada-nacional-de-salud\/\" target=\"_top\" rel=\"nofollow\"><span class=\"icon\"><\/span><span class=\"text\">Tweet<\/span><\/a><div class=\"onoffswitch2 mash-large mashsb-noshadow\" style=\"display:none\"><\/div><\/div>\n            <\/div>\n                <div style=\"clear:both\"><\/div><div class=\"mashsb-toggle-container\"><\/div><\/aside>\n            <!-- Share buttons by mashshare.net - Version: 4.0.47-->\n<p><em>Por Redacci\u00f3n\/Zunoticia<\/em><\/p>\n\n\n\n<p><strong>Huejutla de Reyes, Hgo.-<\/strong> Con el objetivo de proteger la salud de las ni\u00f1as y ni\u00f1os huejutlenses, el Gobierno Municipal, que encabeza el Presidente, Lic. Alfredo San Rom\u00e1n Duval y el Sistema DIF Huejutla, a cargo de la Dra. Kristel Rodr\u00edguez Flores, participaron en la apertura de la Jornada Nacional de Salud P\u00fablica, &#8220;Unidos por tu salud, construyendo bienestar&#8221;, que se desarrolla del 6 al 13 de septiembre del presente a\u00f1o.<\/p>\n\n\n\n<figure class=\"wp-block-image size-large\"><img fetchpriority=\"high\" decoding=\"async\" width=\"1024\" height=\"641\" src=\"https:\/\/www.zunoticia.com\/noticias-de-hidalgo\/wp-content\/uploads\/2025\/09\/eZy-Watermark_08-09-2025_08-15-33-0800p.m-1024x641.jpg\" alt=\"\" class=\"wp-image-606284\" srcset=\"https:\/\/www.zunoticia.com\/noticias-de-hidalgo\/wp-content\/uploads\/2025\/09\/eZy-Watermark_08-09-2025_08-15-33-0800p.m-1024x641.jpg 1024w, https:\/\/www.zunoticia.com\/noticias-de-hidalgo\/wp-content\/uploads\/2025\/09\/eZy-Watermark_08-09-2025_08-15-33-0800p.m-300x188.jpg 300w, https:\/\/www.zunoticia.com\/noticias-de-hidalgo\/wp-content\/uploads\/2025\/09\/eZy-Watermark_08-09-2025_08-15-33-0800p.m-768x481.jpg 768w, https:\/\/www.zunoticia.com\/noticias-de-hidalgo\/wp-content\/uploads\/2025\/09\/eZy-Watermark_08-09-2025_08-15-33-0800p.m.jpg 1280w\" sizes=\"(max-width: 1024px) 100vw, 1024px\" \/><\/figure>\n\n\n\n<p>La sede del evento fue el Jard\u00edn de Ni\u00f1os &#8220;Severa Toledo Rend\u00f3n&#8221;, ubicado en la cabecera de la ciudad, donde hicieron acto de presencia el Titular de Salud Municipal, Dr. Francisco Antonio Torres Delgado y la Directora del DIF Municipal, C.P. Karla Elizabeth Sosa Hern\u00e1ndez, quien resalt\u00f3 el compromiso colectivo del DIF, el Gobierno Municipal, el sector Salud y los padres de familia en el sano desarrollo y bienestar de la infancia.<\/p>\n\n\n\n<figure class=\"wp-block-image size-large\"><img decoding=\"async\" width=\"1024\" height=\"694\" src=\"https:\/\/www.zunoticia.com\/noticias-de-hidalgo\/wp-content\/uploads\/2025\/09\/eZy-Watermark_08-09-2025_08-09-11-9900p.m-1024x694.jpg\" alt=\"\" class=\"wp-image-606285\" srcset=\"https:\/\/www.zunoticia.com\/noticias-de-hidalgo\/wp-content\/uploads\/2025\/09\/eZy-Watermark_08-09-2025_08-09-11-9900p.m-1024x694.jpg 1024w, https:\/\/www.zunoticia.com\/noticias-de-hidalgo\/wp-content\/uploads\/2025\/09\/eZy-Watermark_08-09-2025_08-09-11-9900p.m-300x203.jpg 300w, https:\/\/www.zunoticia.com\/noticias-de-hidalgo\/wp-content\/uploads\/2025\/09\/eZy-Watermark_08-09-2025_08-09-11-9900p.m-768x521.jpg 768w, https:\/\/www.zunoticia.com\/noticias-de-hidalgo\/wp-content\/uploads\/2025\/09\/eZy-Watermark_08-09-2025_08-09-11-9900p.m.jpg 1280w\" sizes=\"(max-width: 1024px) 100vw, 1024px\" \/><\/figure>\n\n\n\n<p>Esta actividad nacional tiene como objetivo reforzar y recuperar esquemas de vacunaci\u00f3n b\u00e1sicos y detecciones de salud general para toda la poblaci\u00f3n, priorizando a los grupos m\u00e1s vulnerables, de manera gratuita, con el apoyo del personal IMSS Bienestar, presentando la Cartilla Nacional&nbsp;de&nbsp;salud.<\/p>\n\n\n\n<figure class=\"wp-block-image size-large\"><img decoding=\"async\" width=\"1024\" height=\"730\" src=\"https:\/\/www.zunoticia.com\/noticias-de-hidalgo\/wp-content\/uploads\/2025\/09\/eZy-Watermark_08-09-2025_08-16-11-0420p.m-1024x730.jpg\" alt=\"\" class=\"wp-image-606287\" srcset=\"https:\/\/www.zunoticia.com\/noticias-de-hidalgo\/wp-content\/uploads\/2025\/09\/eZy-Watermark_08-09-2025_08-16-11-0420p.m-1024x730.jpg 1024w, https:\/\/www.zunoticia.com\/noticias-de-hidalgo\/wp-content\/uploads\/2025\/09\/eZy-Watermark_08-09-2025_08-16-11-0420p.m-300x214.jpg 300w, https:\/\/www.zunoticia.com\/noticias-de-hidalgo\/wp-content\/uploads\/2025\/09\/eZy-Watermark_08-09-2025_08-16-11-0420p.m-768x547.jpg 768w, https:\/\/www.zunoticia.com\/noticias-de-hidalgo\/wp-content\/uploads\/2025\/09\/eZy-Watermark_08-09-2025_08-16-11-0420p.m.jpg 1180w\" sizes=\"(max-width: 1024px) 100vw, 1024px\" \/><\/figure>\n\n\n\n<figure class=\"wp-block-image size-large\"><img loading=\"lazy\" decoding=\"async\" width=\"1024\" height=\"682\" src=\"https:\/\/www.zunoticia.com\/noticias-de-hidalgo\/wp-content\/uploads\/2025\/09\/eZy-Watermark_08-09-2025_08-13-00-4520p.m-1024x682.jpg\" alt=\"\" class=\"wp-image-606282\" srcset=\"https:\/\/www.zunoticia.com\/noticias-de-hidalgo\/wp-content\/uploads\/2025\/09\/eZy-Watermark_08-09-2025_08-13-00-4520p.m-1024x682.jpg 1024w, https:\/\/www.zunoticia.com\/noticias-de-hidalgo\/wp-content\/uploads\/2025\/09\/eZy-Watermark_08-09-2025_08-13-00-4520p.m-300x200.jpg 300w, https:\/\/www.zunoticia.com\/noticias-de-hidalgo\/wp-content\/uploads\/2025\/09\/eZy-Watermark_08-09-2025_08-13-00-4520p.m-768x512.jpg 768w, https:\/\/www.zunoticia.com\/noticias-de-hidalgo\/wp-content\/uploads\/2025\/09\/eZy-Watermark_08-09-2025_08-13-00-4520p.m.jpg 1280w\" sizes=\"(max-width: 1024px) 100vw, 1024px\" \/><\/figure>\n\n\n\n<figure class=\"wp-block-image size-large\"><img loading=\"lazy\" decoding=\"async\" width=\"1024\" height=\"682\" src=\"https:\/\/www.zunoticia.com\/noticias-de-hidalgo\/wp-content\/uploads\/2025\/09\/eZy-Watermark_08-09-2025_08-13-49-8490p.m-1024x682.jpg\" alt=\"\" class=\"wp-image-606281\" srcset=\"https:\/\/www.zunoticia.com\/noticias-de-hidalgo\/wp-content\/uploads\/2025\/09\/eZy-Watermark_08-09-2025_08-13-49-8490p.m-1024x682.jpg 1024w, https:\/\/www.zunoticia.com\/noticias-de-hidalgo\/wp-content\/uploads\/2025\/09\/eZy-Watermark_08-09-2025_08-13-49-8490p.m-300x200.jpg 300w, https:\/\/www.zunoticia.com\/noticias-de-hidalgo\/wp-content\/uploads\/2025\/09\/eZy-Watermark_08-09-2025_08-13-49-8490p.m-768x512.jpg 768w, https:\/\/www.zunoticia.com\/noticias-de-hidalgo\/wp-content\/uploads\/2025\/09\/eZy-Watermark_08-09-2025_08-13-49-8490p.m.jpg 1280w\" sizes=\"(max-width: 1024px) 100vw, 1024px\" \/><\/figure>\n\n\n\n<figure class=\"wp-block-image size-large\"><img loading=\"lazy\" decoding=\"async\" width=\"1024\" height=\"682\" src=\"https:\/\/www.zunoticia.com\/noticias-de-hidalgo\/wp-content\/uploads\/2025\/09\/eZy-Watermark_08-09-2025_08-08-55-8290p.m-1024x682.jpg\" alt=\"\" class=\"wp-image-606291\" srcset=\"https:\/\/www.zunoticia.com\/noticias-de-hidalgo\/wp-content\/uploads\/2025\/09\/eZy-Watermark_08-09-2025_08-08-55-8290p.m-1024x682.jpg 1024w, https:\/\/www.zunoticia.com\/noticias-de-hidalgo\/wp-content\/uploads\/2025\/09\/eZy-Watermark_08-09-2025_08-08-55-8290p.m-300x200.jpg 300w, https:\/\/www.zunoticia.com\/noticias-de-hidalgo\/wp-content\/uploads\/2025\/09\/eZy-Watermark_08-09-2025_08-08-55-8290p.m-768x512.jpg 768w, https:\/\/www.zunoticia.com\/noticias-de-hidalgo\/wp-content\/uploads\/2025\/09\/eZy-Watermark_08-09-2025_08-08-55-8290p.m.jpg 1280w\" sizes=\"(max-width: 1024px) 100vw, 1024px\" \/><\/figure>\n\n\n\n<figure class=\"wp-block-image size-large\"><img loading=\"lazy\" decoding=\"async\" width=\"1024\" height=\"682\" src=\"https:\/\/www.zunoticia.com\/noticias-de-hidalgo\/wp-content\/uploads\/2025\/09\/eZy-Watermark_08-09-2025_08-12-35-6090p.m-1024x682.jpg\" alt=\"\" class=\"wp-image-606283\" srcset=\"https:\/\/www.zunoticia.com\/noticias-de-hidalgo\/wp-content\/uploads\/2025\/09\/eZy-Watermark_08-09-2025_08-12-35-6090p.m-1024x682.jpg 1024w, https:\/\/www.zunoticia.com\/noticias-de-hidalgo\/wp-content\/uploads\/2025\/09\/eZy-Watermark_08-09-2025_08-12-35-6090p.m-300x200.jpg 300w, https:\/\/www.zunoticia.com\/noticias-de-hidalgo\/wp-content\/uploads\/2025\/09\/eZy-Watermark_08-09-2025_08-12-35-6090p.m-768x512.jpg 768w, https:\/\/www.zunoticia.com\/noticias-de-hidalgo\/wp-content\/uploads\/2025\/09\/eZy-Watermark_08-09-2025_08-12-35-6090p.m.jpg 1280w\" sizes=\"(max-width: 1024px) 100vw, 1024px\" \/><\/figure>\n\n\n\n<figure class=\"wp-block-image size-large\"><img loading=\"lazy\" decoding=\"async\" width=\"1024\" height=\"727\" src=\"https:\/\/www.zunoticia.com\/noticias-de-hidalgo\/wp-content\/uploads\/2025\/09\/eZy-Watermark_08-09-2025_08-09-54-6520p.m-1024x727.jpg\" alt=\"\" class=\"wp-image-606290\" srcset=\"https:\/\/www.zunoticia.com\/noticias-de-hidalgo\/wp-content\/uploads\/2025\/09\/eZy-Watermark_08-09-2025_08-09-54-6520p.m-1024x727.jpg 1024w, https:\/\/www.zunoticia.com\/noticias-de-hidalgo\/wp-content\/uploads\/2025\/09\/eZy-Watermark_08-09-2025_08-09-54-6520p.m-300x213.jpg 300w, https:\/\/www.zunoticia.com\/noticias-de-hidalgo\/wp-content\/uploads\/2025\/09\/eZy-Watermark_08-09-2025_08-09-54-6520p.m-768x545.jpg 768w, https:\/\/www.zunoticia.com\/noticias-de-hidalgo\/wp-content\/uploads\/2025\/09\/eZy-Watermark_08-09-2025_08-09-54-6520p.m.jpg 1280w\" sizes=\"(max-width: 1024px) 100vw, 1024px\" \/><\/figure>\n\n\n\n<figure class=\"wp-block-image size-large\"><img loading=\"lazy\" decoding=\"async\" width=\"1024\" height=\"682\" src=\"https:\/\/www.zunoticia.com\/noticias-de-hidalgo\/wp-content\/uploads\/2025\/09\/eZy-Watermark_08-09-2025_08-13-17-4190p.m-1024x682.jpg\" alt=\"\" class=\"wp-image-606288\" srcset=\"https:\/\/www.zunoticia.com\/noticias-de-hidalgo\/wp-content\/uploads\/2025\/09\/eZy-Watermark_08-09-2025_08-13-17-4190p.m-1024x682.jpg 1024w, https:\/\/www.zunoticia.com\/noticias-de-hidalgo\/wp-content\/uploads\/2025\/09\/eZy-Watermark_08-09-2025_08-13-17-4190p.m-300x200.jpg 300w, https:\/\/www.zunoticia.com\/noticias-de-hidalgo\/wp-content\/uploads\/2025\/09\/eZy-Watermark_08-09-2025_08-13-17-4190p.m-768x512.jpg 768w, https:\/\/www.zunoticia.com\/noticias-de-hidalgo\/wp-content\/uploads\/2025\/09\/eZy-Watermark_08-09-2025_08-13-17-4190p.m.jpg 1280w\" sizes=\"(max-width: 1024px) 100vw, 1024px\" \/><\/figure>\n\n\n\n<figure class=\"wp-block-image size-large\"><img loading=\"lazy\" decoding=\"async\" width=\"1024\" height=\"682\" src=\"https:\/\/www.zunoticia.com\/noticias-de-hidalgo\/wp-content\/uploads\/2025\/09\/eZy-Watermark_08-09-2025_08-14-14-7410p.m-1024x682.jpg\" alt=\"\" class=\"wp-image-606292\" srcset=\"https:\/\/www.zunoticia.com\/noticias-de-hidalgo\/wp-content\/uploads\/2025\/09\/eZy-Watermark_08-09-2025_08-14-14-7410p.m-1024x682.jpg 1024w, https:\/\/www.zunoticia.com\/noticias-de-hidalgo\/wp-content\/uploads\/2025\/09\/eZy-Watermark_08-09-2025_08-14-14-7410p.m-300x200.jpg 300w, https:\/\/www.zunoticia.com\/noticias-de-hidalgo\/wp-content\/uploads\/2025\/09\/eZy-Watermark_08-09-2025_08-14-14-7410p.m-768x512.jpg 768w, https:\/\/www.zunoticia.com\/noticias-de-hidalgo\/wp-content\/uploads\/2025\/09\/eZy-Watermark_08-09-2025_08-14-14-7410p.m.jpg 1280w\" sizes=\"(max-width: 1024px) 100vw, 1024px\" \/><\/figure>\n","protected":false},"excerpt":{"rendered":"<p>Por Redacci\u00f3n\/Zunoticia Huejutla de Reyes, Hgo.- Con el objetivo de proteger la salud de las ni\u00f1as y ni\u00f1os huejutlenses, el Gobierno Municipal, que encabeza el Presidente, Lic. Alfredo San Rom\u00e1n Duval y el Sistema DIF Huejutla, a cargo de la Dra. Kristel Rodr\u00edguez Flores, participaron en la apertura de la Jornada Nacional de Salud P\u00fablica,&hellip; <a class=\"more-link\" href=\"https:\/\/www.zunoticia.com\/noticias-de-hidalgo\/2025\/09\/08\/dif-y-gobierno-municipal-de-huejutla-presentes-en-apertura-de-jornada-nacional-de-salud\/\">Seguir leyendo <span class=\"screen-reader-text\">DIF y gobierno municipal de Huejutla presentes en apertura de Jornada Nacional de Salud<\/span><\/a><\/p>\n","protected":false},"author":12,"featured_media":606289,"comment_status":"open","ping_status":"open","sticky":false,"template":"","format":"standard","meta":{"rop_custom_images_group":[],"rop_custom_messages_group":[],"rop_publish_now":"initial","rop_publish_now_accounts":{"facebook_10159540855086992_322828327761733":""},"rop_publish_now_history":[],"rop_publish_now_status":"pending","footnotes":""},"categories":[181],"tags":[121],"class_list":["post-606307","post","type-post","status-publish","format-standard","has-post-thumbnail","hentry","category-huejutla","tag-huejutla","entry"],"_links":{"self":[{"href":"https:\/\/www.zunoticia.com\/noticias-de-hidalgo\/wp-json\/wp\/v2\/posts\/606307","targetHints":{"allow":["GET"]}}],"collection":[{"href":"https:\/\/www.zunoticia.com\/noticias-de-hidalgo\/wp-json\/wp\/v2\/posts"}],"about":[{"href":"https:\/\/www.zunoticia.com\/noticias-de-hidalgo\/wp-json\/wp\/v2\/types\/post"}],"author":[{"embeddable":true,"href":"https:\/\/www.zunoticia.com\/noticias-de-hidalgo\/wp-json\/wp\/v2\/users\/12"}],"replies":[{"embeddable":true,"href":"https:\/\/www.zunoticia.com\/noticias-de-hidalgo\/wp-json\/wp\/v2\/comments?post=606307"}],"version-history":[{"count":1,"href":"https:\/\/www.zunoticia.com\/noticias-de-hidalgo\/wp-json\/wp\/v2\/posts\/606307\/revisions"}],"predecessor-version":[{"id":606309,"href":"https:\/\/www.zunoticia.com\/noticias-de-hidalgo\/wp-json\/wp\/v2\/posts\/606307\/revisions\/606309"}],"wp:featuredmedia":[{"embeddable":true,"href":"https:\/\/www.zunoticia.com\/noticias-de-hidalgo\/wp-json\/wp\/v2\/media\/606289"}],"wp:attachment":[{"href":"https:\/\/www.zunoticia.com\/noticias-de-hidalgo\/wp-json\/wp\/v2\/media?parent=606307"}],"wp:term":[{"taxonomy":"category","embeddable":true,"href":"https:\/\/www.zunoticia.com\/noticias-de-hidalgo\/wp-json\/wp\/v2\/categories?post=606307"},{"taxonomy":"post_tag","embeddable":true,"href":"https:\/\/www.zunoticia.com\/noticias-de-hidalgo\/wp-json\/wp\/v2\/tags?post=606307"}],"curies":[{"name":"wp","href":"https:\/\/api.w.org\/{rel}","templated":true}]}}