{"id":606308,"date":"2025-09-08T20:54:59","date_gmt":"2025-09-09T02:54:59","guid":{"rendered":"https:\/\/www.zunoticia.com\/noticias-de-hidalgo\/?p=606308"},"modified":"2025-09-08T20:55:02","modified_gmt":"2025-09-09T02:55:02","slug":"vecinos-de-la-obrera-agradecen-por-el-muro-de-contencion","status":"publish","type":"post","link":"https:\/\/www.zunoticia.com\/noticias-de-hidalgo\/2025\/09\/08\/vecinos-de-la-obrera-agradecen-por-el-muro-de-contencion\/","title":{"rendered":"Vecinos de la Obrera agradecen por el muro de contenci\u00f3n"},"content":{"rendered":"<aside class=\"mashsb-container mashsb-main mashsb-stretched\"><div class=\"mashsb-box\"><div class=\"mashsb-count mash-large\" style=\"float:left\"><div class=\"counts mashsbcount\">0<\/div><span class=\"mashsb-sharetext\">SHARES<\/span><\/div><div class=\"mashsb-buttons\"><a class=\"mashicon-facebook mash-large mash-center mashsb-noshadow\" href=\"https:\/\/www.facebook.com\/sharer.php?u=https%3A%2F%2Fwww.zunoticia.com%2Fnoticias-de-hidalgo%2F2025%2F09%2F08%2Fvecinos-de-la-obrera-agradecen-por-el-muro-de-contencion%2F\" target=\"_top\" rel=\"nofollow\"><span class=\"icon\"><\/span><span class=\"text\">Share<\/span><\/a><a class=\"mashicon-twitter mash-large mash-center mashsb-noshadow\" href=\"https:\/\/twitter.com\/intent\/tweet?text=&amp;url=https:\/\/www.zunoticia.com\/noticias-de-hidalgo\/2025\/09\/08\/vecinos-de-la-obrera-agradecen-por-el-muro-de-contencion\/\" target=\"_top\" rel=\"nofollow\"><span class=\"icon\"><\/span><span class=\"text\">Tweet<\/span><\/a><div class=\"onoffswitch2 mash-large mashsb-noshadow\" style=\"display:none\"><\/div><\/div>\n            <\/div>\n                <div style=\"clear:both\"><\/div><div class=\"mashsb-toggle-container\"><\/div><\/aside>\n            <!-- Share buttons by mashshare.net - Version: 4.0.47-->\n<p><em>Por Karen Rivera\/Zunoticia<\/em><\/p>\n\n\n\n<p><strong>Huejutla de Reyes, Hgo.-<\/strong> Despu\u00e9s de varios a\u00f1os de insistir en la construcci\u00f3n de un muro de contenci\u00f3n sobre la ribera del r\u00edo Tahuiz\u00e1n, para prevenir inundaciones en casas habitaciones, por fin esta obra ser\u00e1 una realidad.<\/p>\n\n\n\n<p>Son 12 las familias que habitan a un costado del afluente, quienes durante el paso del hurac\u00e1n Diana fueron v\u00edctimas de la creciente, los patios de sus hogares se convirtieron en brazos del R\u00edo Tahuiz\u00e1n, llevando una corriente fuerte que les impidi\u00f3 salir de sus domicilios, donde quedaron atrapados.<\/p>\n\n\n\n<p>La profesora jubilada Catalina Lara mencion\u00f3 que, llevan varios a\u00f1os solicitando la barda de contenci\u00f3n, pero, no se les hab\u00eda apoyado, en esta ocasi\u00f3n, el delegado Cuauht\u00e9moc Cifuentes realiz\u00f3 una solicitud al presidente municipal Jos\u00e9 Alfredo San Rom\u00e1n Duval, quien les autoriz\u00f3 dicha obra, con el compromiso de pagar la mano de obra y el ayuntamiento hacerse cargo del material.<\/p>\n\n\n\n<p>La profesora jubilada expres\u00f3 &#8220;esta obra nos va a beneficiar much\u00edsimo, porque cuando han pasado las crecientes, el agua ha subido entre tres o cuatro metros y ha pasado el nivel del puente, como lo ocurrido durante el paso del hurac\u00e1n Diana&#8221;.<\/p>\n\n\n\n<p>Narr\u00f3 la docente que, en aquellos a\u00f1os la creciente no las dej\u00f3 salir, ya que su mam\u00e1 fue una de las personas renuentes que se negaban a dejar su hogar, sin embargo, al tomar la decisi\u00f3n de salirse de su domicilio las torrenciales aguas le impidieron el paso, porque ya hab\u00eda invadido la calle principal, oblig\u00e1ndolas a resguardarse en la casa de un vecino.<\/p>\n\n\n\n<p>&#8220;Nos quedamos atrapados porque pr\u00e1cticamente era corriente de este lado del r\u00edo y sobre la calle principal, despu\u00e9s de Diana, ocurri\u00f3 otra creciente, en esa fecha no estaba, andaba fuera, pero, cuando llam\u00e9 por tel\u00e9fono me dijeron que con la vecina hab\u00eda ingresado el agua, pero, afortunadamente salieron a tiempo, al d\u00eda siguiente encontraron todos sus animalitos muertos y su casa llena de arena&#8221;.<\/p>\n\n\n\n<p>Dijo que, en \u00faltimas fechas, no ha crecido tanto el afluente, pero, al vivir cerca y ser su \u00fanico acceso, se quedan atrapados.<\/p>\n\n\n\n<p>Por otra parte, asegur\u00f3 que, por parte de la delegaci\u00f3n cit\u00f3 a faena a los vecinos, donde algunos donaron piedras de r\u00edo, otros m\u00e1s acarrearon el material en camionetas.<\/p>\n\n\n\n<p>Entre carretillas, diablos, cubetas y las camionetas lograron transportar el material que se ten\u00eda en la delegaci\u00f3n para la construcci\u00f3n de la obra.<\/p>\n\n\n\n<p>Durante la ma\u00f1ana de lunes 8 de septiembre del a\u00f1o en curso, ingres\u00f3 una maquinaria pesada para realizar la fosa y comenzar con el muro de contenci\u00f3n.<\/p>\n\n\n\n<p>Coment\u00f3 que, ya se hab\u00eda metido la maquinaria por parte de la presidencia municipal, sin embargo, por las recientes lluvias se llev\u00f3 parte de la tierra del lugar.<\/p>\n\n\n\n<figure class=\"wp-block-image size-large\"><img fetchpriority=\"high\" decoding=\"async\" width=\"1024\" height=\"576\" src=\"https:\/\/www.zunoticia.com\/noticias-de-hidalgo\/wp-content\/uploads\/2025\/09\/eZy-Watermark_08-09-2025_08-26-47-5730p.m-1024x576.jpg\" alt=\"\" class=\"wp-image-606293\" srcset=\"https:\/\/www.zunoticia.com\/noticias-de-hidalgo\/wp-content\/uploads\/2025\/09\/eZy-Watermark_08-09-2025_08-26-47-5730p.m-1024x576.jpg 1024w, https:\/\/www.zunoticia.com\/noticias-de-hidalgo\/wp-content\/uploads\/2025\/09\/eZy-Watermark_08-09-2025_08-26-47-5730p.m-300x169.jpg 300w, https:\/\/www.zunoticia.com\/noticias-de-hidalgo\/wp-content\/uploads\/2025\/09\/eZy-Watermark_08-09-2025_08-26-47-5730p.m-768x432.jpg 768w, https:\/\/www.zunoticia.com\/noticias-de-hidalgo\/wp-content\/uploads\/2025\/09\/eZy-Watermark_08-09-2025_08-26-47-5730p.m.jpg 1280w\" sizes=\"(max-width: 1024px) 100vw, 1024px\" \/><\/figure>\n\n\n\n<p>&#8220;Si contin\u00faa lloviendo, va a raspar el agua y ya no vamos a tener nuestro acceso de entrada y salida y como vecinos contratamos a un arquitecto para trabajar en la obra, ya que si se hace a trav\u00e9s de faenas no vamos a avanzar&#8221;, coment\u00f3.<\/p>\n\n\n\n<p>Finalmente agradecieron al alcalde por esta obra que beneficiar\u00e1 a las familias de la Colonia Obrera.<\/p>\n","protected":false},"excerpt":{"rendered":"<p>Por Karen Rivera\/Zunoticia Huejutla de Reyes, Hgo.- Despu\u00e9s de varios a\u00f1os de insistir en la construcci\u00f3n de un muro de contenci\u00f3n sobre la ribera del r\u00edo Tahuiz\u00e1n, para prevenir inundaciones en casas habitaciones, por fin esta obra ser\u00e1 una realidad. Son 12 las familias que habitan a un costado del afluente, quienes durante el paso&hellip; <a class=\"more-link\" href=\"https:\/\/www.zunoticia.com\/noticias-de-hidalgo\/2025\/09\/08\/vecinos-de-la-obrera-agradecen-por-el-muro-de-contencion\/\">Seguir leyendo <span class=\"screen-reader-text\">Vecinos de la Obrera agradecen por el muro de contenci\u00f3n<\/span><\/a><\/p>\n","protected":false},"author":12,"featured_media":606294,"comment_status":"open","ping_status":"open","sticky":false,"template":"","format":"standard","meta":{"rop_custom_images_group":[],"rop_custom_messages_group":[],"rop_publish_now":"initial","rop_publish_now_accounts":{"facebook_10159540855086992_322828327761733":""},"rop_publish_now_history":[],"rop_publish_now_status":"pending","footnotes":""},"categories":[181],"tags":[121],"class_list":["post-606308","post","type-post","status-publish","format-standard","has-post-thumbnail","hentry","category-huejutla","tag-huejutla","entry"],"_links":{"self":[{"href":"https:\/\/www.zunoticia.com\/noticias-de-hidalgo\/wp-json\/wp\/v2\/posts\/606308","targetHints":{"allow":["GET"]}}],"collection":[{"href":"https:\/\/www.zunoticia.com\/noticias-de-hidalgo\/wp-json\/wp\/v2\/posts"}],"about":[{"href":"https:\/\/www.zunoticia.com\/noticias-de-hidalgo\/wp-json\/wp\/v2\/types\/post"}],"author":[{"embeddable":true,"href":"https:\/\/www.zunoticia.com\/noticias-de-hidalgo\/wp-json\/wp\/v2\/users\/12"}],"replies":[{"embeddable":true,"href":"https:\/\/www.zunoticia.com\/noticias-de-hidalgo\/wp-json\/wp\/v2\/comments?post=606308"}],"version-history":[{"count":1,"href":"https:\/\/www.zunoticia.com\/noticias-de-hidalgo\/wp-json\/wp\/v2\/posts\/606308\/revisions"}],"predecessor-version":[{"id":606310,"href":"https:\/\/www.zunoticia.com\/noticias-de-hidalgo\/wp-json\/wp\/v2\/posts\/606308\/revisions\/606310"}],"wp:featuredmedia":[{"embeddable":true,"href":"https:\/\/www.zunoticia.com\/noticias-de-hidalgo\/wp-json\/wp\/v2\/media\/606294"}],"wp:attachment":[{"href":"https:\/\/www.zunoticia.com\/noticias-de-hidalgo\/wp-json\/wp\/v2\/media?parent=606308"}],"wp:term":[{"taxonomy":"category","embeddable":true,"href":"https:\/\/www.zunoticia.com\/noticias-de-hidalgo\/wp-json\/wp\/v2\/categories?post=606308"},{"taxonomy":"post_tag","embeddable":true,"href":"https:\/\/www.zunoticia.com\/noticias-de-hidalgo\/wp-json\/wp\/v2\/tags?post=606308"}],"curies":[{"name":"wp","href":"https:\/\/api.w.org\/{rel}","templated":true}]}}