{"id":606472,"date":"2025-09-09T23:13:37","date_gmt":"2025-09-10T05:13:37","guid":{"rendered":"https:\/\/www.zunoticia.com\/noticias-de-hidalgo\/?p=606472"},"modified":"2025-09-09T23:13:39","modified_gmt":"2025-09-10T05:13:39","slug":"espejeando-por-perseo-huasteca-264","status":"publish","type":"post","link":"https:\/\/www.zunoticia.com\/noticias-de-hidalgo\/2025\/09\/09\/espejeando-por-perseo-huasteca-264\/","title":{"rendered":"ESPEJEANDO POR PERSEO Huasteca"},"content":{"rendered":"<aside class=\"mashsb-container mashsb-main mashsb-stretched\"><div class=\"mashsb-box\"><div class=\"mashsb-count mash-large\" style=\"float:left\"><div class=\"counts mashsbcount\">0<\/div><span class=\"mashsb-sharetext\">SHARES<\/span><\/div><div class=\"mashsb-buttons\"><a class=\"mashicon-facebook mash-large mash-center mashsb-noshadow\" href=\"https:\/\/www.facebook.com\/sharer.php?u=https%3A%2F%2Fwww.zunoticia.com%2Fnoticias-de-hidalgo%2F2025%2F09%2F09%2Fespejeando-por-perseo-huasteca-264%2F\" target=\"_top\" rel=\"nofollow\"><span class=\"icon\"><\/span><span class=\"text\">Share<\/span><\/a><a class=\"mashicon-twitter mash-large mash-center mashsb-noshadow\" href=\"https:\/\/twitter.com\/intent\/tweet?text=&amp;url=https:\/\/www.zunoticia.com\/noticias-de-hidalgo\/2025\/09\/09\/espejeando-por-perseo-huasteca-264\/\" target=\"_top\" rel=\"nofollow\"><span class=\"icon\"><\/span><span class=\"text\">Tweet<\/span><\/a><div class=\"onoffswitch2 mash-large mashsb-noshadow\" style=\"display:none\"><\/div><\/div>\n            <\/div>\n                <div style=\"clear:both\"><\/div><div class=\"mashsb-toggle-container\"><\/div><\/aside>\n            <!-- Share buttons by mashshare.net - Version: 4.0.47-->\n<p>\u2022 A PUNTO DE CUMPLIRSE el primer a\u00f1o de ejercicio de gobierno del doctor Carlos C\u00e9sar P\u00e9rez Escamilla, como presidente de SAN FELIPE ORIZATL\u00c1N, vale la pena hacer un an\u00e1lisis retrospectivo, sobre todo, de los \u201cescollos\u201d que tuvo que salvar para lograr su cometido.<\/p>\n\n\n\n<p>\u2022 EL GALENO no es un pol\u00edtico improvisado, junto con su esposa comenzaron a forjar su carrera en los tiempos de Omar Fayad, que por alguna raz\u00f3n no le otorg\u00f3 la candidatura, que a la postre le vali\u00f3 al gobernante ser perseguido con improperios, meg\u00e1fono en mano, en cada gira que hac\u00edan por ese municipio.<\/p>\n\n\n\n<p>\u2022 PARA ESTA OCASI\u00d3N, despu\u00e9s de competir contra Erika Saab, consigue el ahora presidente ser electo como regidor, cargo que abandona tras su repentina huida, se\u00f1alado de incentivar un crimen que materialmente perpetr\u00f3 su hermano.<\/p>\n\n\n\n<p>\u2022 TRAS PR\u00c1CTICAMENTE pasarse tres a\u00f1os escondido, al acercarse las fechas para el siguiente proceso electoral, se presenta en la regi\u00f3n y tras un proceso legal \u201cacelerado\u201d, logra quitarse el primer impedimento legal, para quedar en posici\u00f3n de ser votado.<\/p>\n\n\n\n<p>\u2022 EN EL TRAYECTO, ya en una revisi\u00f3n general del proyecto pol\u00edtico y ya como candidato \u00e9l, del Partido del Trabajo, quiz\u00e1 el mismo asesor que le auxili\u00f3 para estar elegible, le manda a un periodista a convencer a la pieza clave del morenismo que podr\u00eda significar, como fu\u00e9, su triunfo posterior.<\/p>\n\n\n\n<p>\u2022 SOLO LE FALTABA brincar un \u00faltimo obst\u00e1culo para que pudiera conseguir el ansiado anhelo de gobernar, el dict\u00e1men que le imped\u00eda ocupar puestos p\u00fablicos por dos a\u00f1os y medio, es decir, podr\u00eda ocupar la presidencia s\u00f3lo los \u00faltimos 6 meses del actual trienio, castigo impuesto por abandonar el cargo de regidor. Y lo logr\u00f3.<\/p>\n\n\n\n<p>\u2022 EL TRIUNFO, en reconocimiento a los esfuerzos entregados, m\u00e1s que de \u00e9l, es de quien quiera que haya sido su asesor, huasteco, serrano, pachuque\u00f1o, formado en el PAN, PRI, Morena, PT, Abogado, contador, profesor, sin profesi\u00f3n, funcionario, desempleado, pol\u00edtico, joven, viejo, adulto, incluso sin curr\u00edculum vitae, quien quiera que haya sido se convirti\u00f3 en un s\u00faper asesor.<\/p>\n\n\n\n<p>\u2022 SOLO FALTAR\u00cdA un peque\u00f1o empuj\u00f3n para que en lugar de repartir culpas y justificarse por todo, se pusiera a hacer su chamba, para que valiera la pena a quienes se arriesgaron por \u00e9l.<\/p>\n\n\n\n<p>\u2022 HABR\u00c1 que escuchar el informe, que aunque su queja p\u00fablica es de que no hay respaldo por ser de oposici\u00f3n, seguramente el informe ser\u00e1 de obras del gobierno del estado.<\/p>\n","protected":false},"excerpt":{"rendered":"<p>\u2022 A PUNTO DE CUMPLIRSE el primer a\u00f1o de ejercicio de gobierno del doctor Carlos C\u00e9sar P\u00e9rez Escamilla, como presidente de SAN FELIPE ORIZATL\u00c1N, vale la pena hacer un an\u00e1lisis retrospectivo, sobre todo, de los \u201cescollos\u201d que tuvo que salvar para lograr su cometido. \u2022 EL GALENO no es un pol\u00edtico improvisado, junto con su&hellip; <a class=\"more-link\" href=\"https:\/\/www.zunoticia.com\/noticias-de-hidalgo\/2025\/09\/09\/espejeando-por-perseo-huasteca-264\/\">Seguir leyendo <span class=\"screen-reader-text\">ESPEJEANDO POR PERSEO Huasteca<\/span><\/a><\/p>\n","protected":false},"author":12,"featured_media":606473,"comment_status":"open","ping_status":"open","sticky":false,"template":"","format":"standard","meta":{"rop_custom_images_group":[],"rop_custom_messages_group":[],"rop_publish_now":"initial","rop_publish_now_accounts":{"facebook_10159540855086992_322828327761733":""},"rop_publish_now_history":[],"rop_publish_now_status":"pending","footnotes":""},"categories":[176],"tags":[205],"class_list":["post-606472","post","type-post","status-publish","format-standard","has-post-thumbnail","hentry","category-espejeando","tag-espejeando","entry"],"_links":{"self":[{"href":"https:\/\/www.zunoticia.com\/noticias-de-hidalgo\/wp-json\/wp\/v2\/posts\/606472","targetHints":{"allow":["GET"]}}],"collection":[{"href":"https:\/\/www.zunoticia.com\/noticias-de-hidalgo\/wp-json\/wp\/v2\/posts"}],"about":[{"href":"https:\/\/www.zunoticia.com\/noticias-de-hidalgo\/wp-json\/wp\/v2\/types\/post"}],"author":[{"embeddable":true,"href":"https:\/\/www.zunoticia.com\/noticias-de-hidalgo\/wp-json\/wp\/v2\/users\/12"}],"replies":[{"embeddable":true,"href":"https:\/\/www.zunoticia.com\/noticias-de-hidalgo\/wp-json\/wp\/v2\/comments?post=606472"}],"version-history":[{"count":1,"href":"https:\/\/www.zunoticia.com\/noticias-de-hidalgo\/wp-json\/wp\/v2\/posts\/606472\/revisions"}],"predecessor-version":[{"id":606474,"href":"https:\/\/www.zunoticia.com\/noticias-de-hidalgo\/wp-json\/wp\/v2\/posts\/606472\/revisions\/606474"}],"wp:featuredmedia":[{"embeddable":true,"href":"https:\/\/www.zunoticia.com\/noticias-de-hidalgo\/wp-json\/wp\/v2\/media\/606473"}],"wp:attachment":[{"href":"https:\/\/www.zunoticia.com\/noticias-de-hidalgo\/wp-json\/wp\/v2\/media?parent=606472"}],"wp:term":[{"taxonomy":"category","embeddable":true,"href":"https:\/\/www.zunoticia.com\/noticias-de-hidalgo\/wp-json\/wp\/v2\/categories?post=606472"},{"taxonomy":"post_tag","embeddable":true,"href":"https:\/\/www.zunoticia.com\/noticias-de-hidalgo\/wp-json\/wp\/v2\/tags?post=606472"}],"curies":[{"name":"wp","href":"https:\/\/api.w.org\/{rel}","templated":true}]}}