{"id":607083,"date":"2025-09-15T20:42:45","date_gmt":"2025-09-16T02:42:45","guid":{"rendered":"https:\/\/www.zunoticia.com\/noticias-de-hidalgo\/?p=607083"},"modified":"2025-09-15T20:43:18","modified_gmt":"2025-09-16T02:43:18","slug":"todo-listo-para-el-desfile-civico-militar-conmemorativo-del-215-aniversario-de-la-independencia-nacional","status":"publish","type":"post","link":"https:\/\/www.zunoticia.com\/noticias-de-hidalgo\/2025\/09\/15\/todo-listo-para-el-desfile-civico-militar-conmemorativo-del-215-aniversario-de-la-independencia-nacional\/","title":{"rendered":"Todo listo para el Desfile C\u00edvico-Militar Conmemorativo del 215 Aniversario de la Independencia Nacional"},"content":{"rendered":"<aside class=\"mashsb-container mashsb-main mashsb-stretched\"><div class=\"mashsb-box\"><div class=\"mashsb-count mash-large\" style=\"float:left\"><div class=\"counts mashsbcount\">0<\/div><span class=\"mashsb-sharetext\">SHARES<\/span><\/div><div class=\"mashsb-buttons\"><a class=\"mashicon-facebook mash-large mash-center mashsb-noshadow\" href=\"https:\/\/www.facebook.com\/sharer.php?u=https%3A%2F%2Fwww.zunoticia.com%2Fnoticias-de-hidalgo%2F2025%2F09%2F15%2Ftodo-listo-para-el-desfile-civico-militar-conmemorativo-del-215-aniversario-de-la-independencia-nacional%2F\" target=\"_top\" rel=\"nofollow\"><span class=\"icon\"><\/span><span class=\"text\">Share<\/span><\/a><a class=\"mashicon-twitter mash-large mash-center mashsb-noshadow\" href=\"https:\/\/twitter.com\/intent\/tweet?text=&amp;url=https:\/\/www.zunoticia.com\/noticias-de-hidalgo\/2025\/09\/15\/todo-listo-para-el-desfile-civico-militar-conmemorativo-del-215-aniversario-de-la-independencia-nacional\/\" target=\"_top\" rel=\"nofollow\"><span class=\"icon\"><\/span><span class=\"text\">Tweet<\/span><\/a><div class=\"onoffswitch2 mash-large mashsb-noshadow\" style=\"display:none\"><\/div><\/div>\n            <\/div>\n                <div style=\"clear:both\"><\/div><div class=\"mashsb-toggle-container\"><\/div><\/aside>\n            <!-- Share buttons by mashshare.net - Version: 4.0.47-->\n<p><em>Por Redacci\u00f3n\/Zunoticia <\/em><\/p>\n\n\n\n<p><strong>Pachuca de Soto, Hgo. &#8211; <\/strong>Con motivo del 215 Aniversario del Inicio de la Independencia Nacional, este martes se llevar\u00e1 a cabo en la capital hidalguense el tradicional Desfile C\u00edvico-Militar, el cual estar\u00e1 encabezado por el gobernador Julio Menchaca Salazar.<\/p>\n\n\n\n<p>Las actividades comenzar\u00e1n a las 9:40 horas con una guardia de honor y dep\u00f3sito de laurel en el monumento a Miguel Hidalgo, ubicado en la Plaza Constituci\u00f3n, en la ciudad de Pachuca.<\/p>\n\n\n\n<p>En punto de las 10:00 horas dar\u00e1 inicio el desfile, que tendr\u00e1 una duraci\u00f3n aproximada de una hora con quince minutos. El recorrido comenzar\u00e1 en la calle Matamoros, donde, a medida que avancen, ir\u00e1n incorpor\u00e1ndose los contingentes participantes hasta llegar a la Plaza Independencia, para seguir por la calle Vicente Guerrero y concluir en la Plaza Ju\u00e1rez.<\/p>\n\n\n\n<p>Esta edici\u00f3n estar\u00e1 integrada por estudiantes de nivel b\u00e1sico, medio superior y superior; el Pentatl\u00f3n Militarizado Universitario; elementos de la Secretar\u00eda de Seguridad P\u00fablica y Protecci\u00f3n Civil municipal, integrantes de la Cruz Roja Mexicana, Polic\u00eda Industrial Bancaria del Estado de Hidalgo (PIBEH), Bomberos Voluntarios, el Centro Ecuestre El Moro, la Asociaci\u00f3n de Charros de Pachuca y cabalgantes del estado.<\/p>\n\n\n\n<p>Con el prop\u00f3sito de garantizar la seguridad y bienestar de las y los asistentes, a lo largo del trayecto se instalar\u00e1n m\u00f3dulos de atenci\u00f3n m\u00e9dica, puntos de hidrataci\u00f3n y \u00e1reas de primeros auxilios.<\/p>\n","protected":false},"excerpt":{"rendered":"<p>Por Redacci\u00f3n\/Zunoticia Pachuca de Soto, Hgo. &#8211; Con motivo del 215 Aniversario del Inicio de la Independencia Nacional, este martes se llevar\u00e1 a cabo en la capital hidalguense el tradicional Desfile C\u00edvico-Militar, el cual estar\u00e1 encabezado por el gobernador Julio Menchaca Salazar. Las actividades comenzar\u00e1n a las 9:40 horas con una guardia de honor y&hellip; <a class=\"more-link\" href=\"https:\/\/www.zunoticia.com\/noticias-de-hidalgo\/2025\/09\/15\/todo-listo-para-el-desfile-civico-militar-conmemorativo-del-215-aniversario-de-la-independencia-nacional\/\">Seguir leyendo <span class=\"screen-reader-text\">Todo listo para el Desfile C\u00edvico-Militar Conmemorativo del 215 Aniversario de la Independencia Nacional<\/span><\/a><\/p>\n","protected":false},"author":22,"featured_media":607085,"comment_status":"open","ping_status":"open","sticky":false,"template":"","format":"standard","meta":{"rop_custom_images_group":[],"rop_custom_messages_group":[],"rop_publish_now":"initial","rop_publish_now_accounts":{"facebook_10159540855086992_322828327761733":""},"rop_publish_now_history":[],"rop_publish_now_status":"pending","footnotes":""},"categories":[208],"tags":[214],"class_list":["post-607083","post","type-post","status-publish","format-standard","has-post-thumbnail","hentry","category-estado","tag-estado","entry"],"_links":{"self":[{"href":"https:\/\/www.zunoticia.com\/noticias-de-hidalgo\/wp-json\/wp\/v2\/posts\/607083","targetHints":{"allow":["GET"]}}],"collection":[{"href":"https:\/\/www.zunoticia.com\/noticias-de-hidalgo\/wp-json\/wp\/v2\/posts"}],"about":[{"href":"https:\/\/www.zunoticia.com\/noticias-de-hidalgo\/wp-json\/wp\/v2\/types\/post"}],"author":[{"embeddable":true,"href":"https:\/\/www.zunoticia.com\/noticias-de-hidalgo\/wp-json\/wp\/v2\/users\/22"}],"replies":[{"embeddable":true,"href":"https:\/\/www.zunoticia.com\/noticias-de-hidalgo\/wp-json\/wp\/v2\/comments?post=607083"}],"version-history":[{"count":1,"href":"https:\/\/www.zunoticia.com\/noticias-de-hidalgo\/wp-json\/wp\/v2\/posts\/607083\/revisions"}],"predecessor-version":[{"id":607084,"href":"https:\/\/www.zunoticia.com\/noticias-de-hidalgo\/wp-json\/wp\/v2\/posts\/607083\/revisions\/607084"}],"wp:featuredmedia":[{"embeddable":true,"href":"https:\/\/www.zunoticia.com\/noticias-de-hidalgo\/wp-json\/wp\/v2\/media\/607085"}],"wp:attachment":[{"href":"https:\/\/www.zunoticia.com\/noticias-de-hidalgo\/wp-json\/wp\/v2\/media?parent=607083"}],"wp:term":[{"taxonomy":"category","embeddable":true,"href":"https:\/\/www.zunoticia.com\/noticias-de-hidalgo\/wp-json\/wp\/v2\/categories?post=607083"},{"taxonomy":"post_tag","embeddable":true,"href":"https:\/\/www.zunoticia.com\/noticias-de-hidalgo\/wp-json\/wp\/v2\/tags?post=607083"}],"curies":[{"name":"wp","href":"https:\/\/api.w.org\/{rel}","templated":true}]}}