{"id":607094,"date":"2025-09-15T21:11:42","date_gmt":"2025-09-16T03:11:42","guid":{"rendered":"https:\/\/www.zunoticia.com\/noticias-de-hidalgo\/?p=607094"},"modified":"2025-09-15T21:11:44","modified_gmt":"2025-09-16T03:11:44","slug":"por-fiestas-patrias-instalaron-puestos-de-alimentos-en-el-centro-de-huejutla","status":"publish","type":"post","link":"https:\/\/www.zunoticia.com\/noticias-de-hidalgo\/2025\/09\/15\/por-fiestas-patrias-instalaron-puestos-de-alimentos-en-el-centro-de-huejutla\/","title":{"rendered":"Por Fiestas Patrias instalaron puestos de alimentos en el centro de Huejutla"},"content":{"rendered":"<aside class=\"mashsb-container mashsb-main mashsb-stretched\"><div class=\"mashsb-box\"><div class=\"mashsb-count mash-large\" style=\"float:left\"><div class=\"counts mashsbcount\">0<\/div><span class=\"mashsb-sharetext\">SHARES<\/span><\/div><div class=\"mashsb-buttons\"><a class=\"mashicon-facebook mash-large mash-center mashsb-noshadow\" href=\"https:\/\/www.facebook.com\/sharer.php?u=https%3A%2F%2Fwww.zunoticia.com%2Fnoticias-de-hidalgo%2F2025%2F09%2F15%2Fpor-fiestas-patrias-instalaron-puestos-de-alimentos-en-el-centro-de-huejutla%2F\" target=\"_top\" rel=\"nofollow\"><span class=\"icon\"><\/span><span class=\"text\">Share<\/span><\/a><a class=\"mashicon-twitter mash-large mash-center mashsb-noshadow\" href=\"https:\/\/twitter.com\/intent\/tweet?text=&amp;url=https:\/\/www.zunoticia.com\/noticias-de-hidalgo\/2025\/09\/15\/por-fiestas-patrias-instalaron-puestos-de-alimentos-en-el-centro-de-huejutla\/\" target=\"_top\" rel=\"nofollow\"><span class=\"icon\"><\/span><span class=\"text\">Tweet<\/span><\/a><div class=\"onoffswitch2 mash-large mashsb-noshadow\" style=\"display:none\"><\/div><\/div>\n            <\/div>\n                <div style=\"clear:both\"><\/div><div class=\"mashsb-toggle-container\"><\/div><\/aside>\n            <!-- Share buttons by mashshare.net - Version: 4.0.47-->\n<p><em>Por Enedino Hern\u00e1ndez Alonso\/Zunoticia<\/em><\/p>\n\n\n\n<p><strong>Huejutla, Hgo.- <\/strong>Con motivo de la celebraci\u00f3n de las Fiestas Patrias, un promedio de 81 puestos dedicados a la elaboraci\u00f3n y comercializaci\u00f3n de alimentos, entre otros art\u00edculos, se instalaron durante este lunes 15 de septiembre en el centro de esta ciudad.<\/p>\n\n\n\n<p>La Directora de Reglamentos de la Presidencia Municipal, Nallely Lara Arg\u00fcelles, confirma que, los puestos ubicados con motivo de las fiestas patrias \u00fanicamente estar\u00e1n este lunes 15 de septiembre en el Centro y en la madrugada tendr\u00e1n que retirarse por el desfile del martes 16 de septiembre.<\/p>\n\n\n\n<p>Asimismo, dijo que, la gran mayor\u00eda de estos puestos expenden alimentos y otros art\u00edculos varios y se ubican en la avenida del Centro del Reloj, rumbo a la Presidencia y en la calle paralela que va desde las Letras de Huejutla, hasta la Refresquer\u00eda la Gloria.<\/p>\n\n\n\n<p>Indica que, adem\u00e1s del personal de Reglamentos que verifica los puestos ubicados en el Centro de Huejutla, tambi\u00e9n realizan su trabajo los elementos de Protecci\u00f3n Civil, quienes verifican que cada uno de los puestos cuenten con las medidas preventivas.<\/p>\n\n\n\n<p>Confirma que, la actividad comercial en el Centro de Huejutla se espera que transcurra con tranquilidad, para lo que se cuenta con el apoyo de los elementos de Protecci\u00f3n Civil, Tr\u00e1nsito Municipal, entre otras \u00e1reas.<\/p>\n","protected":false},"excerpt":{"rendered":"<p>Por Enedino Hern\u00e1ndez Alonso\/Zunoticia Huejutla, Hgo.- Con motivo de la celebraci\u00f3n de las Fiestas Patrias, un promedio de 81 puestos dedicados a la elaboraci\u00f3n y comercializaci\u00f3n de alimentos, entre otros art\u00edculos, se instalaron durante este lunes 15 de septiembre en el centro de esta ciudad. La Directora de Reglamentos de la Presidencia Municipal, Nallely Lara&hellip; <a class=\"more-link\" href=\"https:\/\/www.zunoticia.com\/noticias-de-hidalgo\/2025\/09\/15\/por-fiestas-patrias-instalaron-puestos-de-alimentos-en-el-centro-de-huejutla\/\">Seguir leyendo <span class=\"screen-reader-text\">Por Fiestas Patrias instalaron puestos de alimentos en el centro de Huejutla<\/span><\/a><\/p>\n","protected":false},"author":22,"featured_media":607095,"comment_status":"open","ping_status":"open","sticky":false,"template":"","format":"standard","meta":{"rop_custom_images_group":[],"rop_custom_messages_group":[],"rop_publish_now":"initial","rop_publish_now_accounts":{"facebook_10159540855086992_322828327761733":""},"rop_publish_now_history":[],"rop_publish_now_status":"pending","footnotes":""},"categories":[181],"tags":[121],"class_list":["post-607094","post","type-post","status-publish","format-standard","has-post-thumbnail","hentry","category-huejutla","tag-huejutla","entry"],"_links":{"self":[{"href":"https:\/\/www.zunoticia.com\/noticias-de-hidalgo\/wp-json\/wp\/v2\/posts\/607094","targetHints":{"allow":["GET"]}}],"collection":[{"href":"https:\/\/www.zunoticia.com\/noticias-de-hidalgo\/wp-json\/wp\/v2\/posts"}],"about":[{"href":"https:\/\/www.zunoticia.com\/noticias-de-hidalgo\/wp-json\/wp\/v2\/types\/post"}],"author":[{"embeddable":true,"href":"https:\/\/www.zunoticia.com\/noticias-de-hidalgo\/wp-json\/wp\/v2\/users\/22"}],"replies":[{"embeddable":true,"href":"https:\/\/www.zunoticia.com\/noticias-de-hidalgo\/wp-json\/wp\/v2\/comments?post=607094"}],"version-history":[{"count":1,"href":"https:\/\/www.zunoticia.com\/noticias-de-hidalgo\/wp-json\/wp\/v2\/posts\/607094\/revisions"}],"predecessor-version":[{"id":607096,"href":"https:\/\/www.zunoticia.com\/noticias-de-hidalgo\/wp-json\/wp\/v2\/posts\/607094\/revisions\/607096"}],"wp:featuredmedia":[{"embeddable":true,"href":"https:\/\/www.zunoticia.com\/noticias-de-hidalgo\/wp-json\/wp\/v2\/media\/607095"}],"wp:attachment":[{"href":"https:\/\/www.zunoticia.com\/noticias-de-hidalgo\/wp-json\/wp\/v2\/media?parent=607094"}],"wp:term":[{"taxonomy":"category","embeddable":true,"href":"https:\/\/www.zunoticia.com\/noticias-de-hidalgo\/wp-json\/wp\/v2\/categories?post=607094"},{"taxonomy":"post_tag","embeddable":true,"href":"https:\/\/www.zunoticia.com\/noticias-de-hidalgo\/wp-json\/wp\/v2\/tags?post=607094"}],"curies":[{"name":"wp","href":"https:\/\/api.w.org\/{rel}","templated":true}]}}