{"id":607097,"date":"2025-09-15T21:22:08","date_gmt":"2025-09-16T03:22:08","guid":{"rendered":"https:\/\/www.zunoticia.com\/noticias-de-hidalgo\/?p=607097"},"modified":"2025-09-15T21:22:10","modified_gmt":"2025-09-16T03:22:10","slug":"toma-protesta-nueva-vocal-ejecutiva-de-la-01-junta-distrital-del-ine-en-huejutla","status":"publish","type":"post","link":"https:\/\/www.zunoticia.com\/noticias-de-hidalgo\/2025\/09\/15\/toma-protesta-nueva-vocal-ejecutiva-de-la-01-junta-distrital-del-ine-en-huejutla\/","title":{"rendered":"Toma protesta nueva Vocal Ejecutiva de la 01 Junta Distrital del INE en Huejutla"},"content":{"rendered":"<aside class=\"mashsb-container mashsb-main mashsb-stretched\"><div class=\"mashsb-box\"><div class=\"mashsb-count mash-large\" style=\"float:left\"><div class=\"counts mashsbcount\">0<\/div><span class=\"mashsb-sharetext\">SHARES<\/span><\/div><div class=\"mashsb-buttons\"><a class=\"mashicon-facebook mash-large mash-center mashsb-noshadow\" href=\"https:\/\/www.facebook.com\/sharer.php?u=https%3A%2F%2Fwww.zunoticia.com%2Fnoticias-de-hidalgo%2F2025%2F09%2F15%2Ftoma-protesta-nueva-vocal-ejecutiva-de-la-01-junta-distrital-del-ine-en-huejutla%2F\" target=\"_top\" rel=\"nofollow\"><span class=\"icon\"><\/span><span class=\"text\">Share<\/span><\/a><a class=\"mashicon-twitter mash-large mash-center mashsb-noshadow\" href=\"https:\/\/twitter.com\/intent\/tweet?text=&amp;url=https:\/\/www.zunoticia.com\/noticias-de-hidalgo\/2025\/09\/15\/toma-protesta-nueva-vocal-ejecutiva-de-la-01-junta-distrital-del-ine-en-huejutla\/\" target=\"_top\" rel=\"nofollow\"><span class=\"icon\"><\/span><span class=\"text\">Tweet<\/span><\/a><div class=\"onoffswitch2 mash-large mashsb-noshadow\" style=\"display:none\"><\/div><\/div>\n            <\/div>\n                <div style=\"clear:both\"><\/div><div class=\"mashsb-toggle-container\"><\/div><\/aside>\n            <!-- Share buttons by mashshare.net - Version: 4.0.47-->\n<p><em>Por Enedino Hern\u00e1ndez Alonso\/Zunoticia<\/em><\/p>\n\n\n\n<p><strong>Huejutla, Hgo.- <\/strong>Durante la ma\u00f1ana del lunes 15 de septiembre, Estefan\u00eda Garc\u00eda P\u00e9rez tom\u00f3 protesta como nueva Vocal Ejecutiva de la 01 Junta Distrital del Instituto Nacional Electoral (INE) en Huejutla de Reyes.<\/p>\n\n\n\n<p>Al respecto dijo que, desde este d\u00eda se enfocar\u00e1 en trabajar en esta 01 Junta Distrital del INE, con la finalidad de acercar la instituci\u00f3n a toda la ciudadan\u00eda, tambi\u00e9n los M\u00f3dulos de Atenci\u00f3n Ciudadana, as\u00ed como los tramites de la 141 que se hacen a domicilio y que son dirigidos a las personas con discapacidad.<\/p>\n\n\n\n<p>Estefan\u00eda Garc\u00eda P\u00e9rez se\u00f1ala que estuvo tambi\u00e9n como Vocal Ejecutiva de la Junta Distrital 4 en Guerrero y desde aquel lugar llega a Huejutla de Reyes.<\/p>\n\n\n\n<figure class=\"wp-block-image size-large\"><img fetchpriority=\"high\" decoding=\"async\" width=\"1024\" height=\"768\" src=\"https:\/\/www.zunoticia.com\/noticias-de-hidalgo\/wp-content\/uploads\/2025\/09\/1000345325-1024x768.jpg\" alt=\"\" class=\"wp-image-607098\" srcset=\"https:\/\/www.zunoticia.com\/noticias-de-hidalgo\/wp-content\/uploads\/2025\/09\/1000345325-1024x768.jpg 1024w, https:\/\/www.zunoticia.com\/noticias-de-hidalgo\/wp-content\/uploads\/2025\/09\/1000345325-300x225.jpg 300w, https:\/\/www.zunoticia.com\/noticias-de-hidalgo\/wp-content\/uploads\/2025\/09\/1000345325-768x576.jpg 768w, https:\/\/www.zunoticia.com\/noticias-de-hidalgo\/wp-content\/uploads\/2025\/09\/1000345325.jpg 1280w\" sizes=\"(max-width: 1024px) 100vw, 1024px\" \/><\/figure>\n\n\n\n<p>Invita a la ciudadan\u00eda a que se acerquen y conozcan todo lo que se hace en el Instituto Nacional Electoral, como es el tr\u00e1mite de la credencial de elector, adem\u00e1s de que se participar\u00e1 en las actividades para dar a conocer los resultados de la Consulta Infantil y Juvenil 2024.<\/p>\n\n\n\n<p>Indica que, en Huejutla se tiene el M\u00f3dulo de Atenci\u00f3n Ciudadana, en donde se trabaja de 8:00 de la ma\u00f1ana a 8:00 de la noche, de lunes a viernes, y de 8:00 de la ma\u00f1ana a las 3:00 de la tarde los s\u00e1bados; en el citado M\u00f3dulo se pueden hacer diversos tr\u00e1mites, los j\u00f3venes de 18 pueden incorporarse al padr\u00f3n electoral y la ciudadan\u00eda en general puede hacer su cambio de domicilio, correcci\u00f3n de datos personales y, en su caso, la renovaci\u00f3n de la credencial de elector.<\/p>\n\n\n\n<p>Estefan\u00eda Garc\u00eda P\u00e9rez concluye mencionando que, los ciudadanos que acuden ante los M\u00f3dulos de Atenci\u00f3n Ciudadana para hacer alg\u00fan tr\u00e1mite de la credencial de elector deben de llevar en original el Acta de Nacimiento, Comprobante de domicilio y una Identificaci\u00f3n oficial con fotograf\u00eda.<\/p>\n\n\n\n<p><\/p>\n","protected":false},"excerpt":{"rendered":"<p>Por Enedino Hern\u00e1ndez Alonso\/Zunoticia Huejutla, Hgo.- Durante la ma\u00f1ana del lunes 15 de septiembre, Estefan\u00eda Garc\u00eda P\u00e9rez tom\u00f3 protesta como nueva Vocal Ejecutiva de la 01 Junta Distrital del Instituto Nacional Electoral (INE) en Huejutla de Reyes. Al respecto dijo que, desde este d\u00eda se enfocar\u00e1 en trabajar en esta 01 Junta Distrital del INE,&hellip; <a class=\"more-link\" href=\"https:\/\/www.zunoticia.com\/noticias-de-hidalgo\/2025\/09\/15\/toma-protesta-nueva-vocal-ejecutiva-de-la-01-junta-distrital-del-ine-en-huejutla\/\">Seguir leyendo <span class=\"screen-reader-text\">Toma protesta nueva Vocal Ejecutiva de la 01 Junta Distrital del INE en Huejutla<\/span><\/a><\/p>\n","protected":false},"author":22,"featured_media":607099,"comment_status":"open","ping_status":"open","sticky":false,"template":"","format":"standard","meta":{"rop_custom_images_group":[],"rop_custom_messages_group":[],"rop_publish_now":"initial","rop_publish_now_accounts":{"facebook_10159540855086992_322828327761733":""},"rop_publish_now_history":[],"rop_publish_now_status":"pending","footnotes":""},"categories":[181],"tags":[121],"class_list":["post-607097","post","type-post","status-publish","format-standard","has-post-thumbnail","hentry","category-huejutla","tag-huejutla","entry"],"_links":{"self":[{"href":"https:\/\/www.zunoticia.com\/noticias-de-hidalgo\/wp-json\/wp\/v2\/posts\/607097","targetHints":{"allow":["GET"]}}],"collection":[{"href":"https:\/\/www.zunoticia.com\/noticias-de-hidalgo\/wp-json\/wp\/v2\/posts"}],"about":[{"href":"https:\/\/www.zunoticia.com\/noticias-de-hidalgo\/wp-json\/wp\/v2\/types\/post"}],"author":[{"embeddable":true,"href":"https:\/\/www.zunoticia.com\/noticias-de-hidalgo\/wp-json\/wp\/v2\/users\/22"}],"replies":[{"embeddable":true,"href":"https:\/\/www.zunoticia.com\/noticias-de-hidalgo\/wp-json\/wp\/v2\/comments?post=607097"}],"version-history":[{"count":1,"href":"https:\/\/www.zunoticia.com\/noticias-de-hidalgo\/wp-json\/wp\/v2\/posts\/607097\/revisions"}],"predecessor-version":[{"id":607100,"href":"https:\/\/www.zunoticia.com\/noticias-de-hidalgo\/wp-json\/wp\/v2\/posts\/607097\/revisions\/607100"}],"wp:featuredmedia":[{"embeddable":true,"href":"https:\/\/www.zunoticia.com\/noticias-de-hidalgo\/wp-json\/wp\/v2\/media\/607099"}],"wp:attachment":[{"href":"https:\/\/www.zunoticia.com\/noticias-de-hidalgo\/wp-json\/wp\/v2\/media?parent=607097"}],"wp:term":[{"taxonomy":"category","embeddable":true,"href":"https:\/\/www.zunoticia.com\/noticias-de-hidalgo\/wp-json\/wp\/v2\/categories?post=607097"},{"taxonomy":"post_tag","embeddable":true,"href":"https:\/\/www.zunoticia.com\/noticias-de-hidalgo\/wp-json\/wp\/v2\/tags?post=607097"}],"curies":[{"name":"wp","href":"https:\/\/api.w.org\/{rel}","templated":true}]}}