{"id":607104,"date":"2025-09-15T22:18:50","date_gmt":"2025-09-16T04:18:50","guid":{"rendered":"https:\/\/www.zunoticia.com\/noticias-de-hidalgo\/?p=607104"},"modified":"2025-09-15T22:18:52","modified_gmt":"2025-09-16T04:18:52","slug":"programan-recorrido-de-modulos-de-atencion-ciudadana-por-sierra-y-huasteca-3","status":"publish","type":"post","link":"https:\/\/www.zunoticia.com\/noticias-de-hidalgo\/2025\/09\/15\/programan-recorrido-de-modulos-de-atencion-ciudadana-por-sierra-y-huasteca-3\/","title":{"rendered":"Programan recorrido de M\u00f3dulos de Atenci\u00f3n Ciudadana por Sierra y Huasteca"},"content":{"rendered":"<aside class=\"mashsb-container mashsb-main mashsb-stretched\"><div class=\"mashsb-box\"><div class=\"mashsb-count mash-large\" style=\"float:left\"><div class=\"counts mashsbcount\">0<\/div><span class=\"mashsb-sharetext\">SHARES<\/span><\/div><div class=\"mashsb-buttons\"><a class=\"mashicon-facebook mash-large mash-center mashsb-noshadow\" href=\"https:\/\/www.facebook.com\/sharer.php?u=https%3A%2F%2Fwww.zunoticia.com%2Fnoticias-de-hidalgo%2F2025%2F09%2F15%2Fprograman-recorrido-de-modulos-de-atencion-ciudadana-por-sierra-y-huasteca-3%2F\" target=\"_top\" rel=\"nofollow\"><span class=\"icon\"><\/span><span class=\"text\">Share<\/span><\/a><a class=\"mashicon-twitter mash-large mash-center mashsb-noshadow\" href=\"https:\/\/twitter.com\/intent\/tweet?text=&amp;url=https:\/\/www.zunoticia.com\/noticias-de-hidalgo\/2025\/09\/15\/programan-recorrido-de-modulos-de-atencion-ciudadana-por-sierra-y-huasteca-3\/\" target=\"_top\" rel=\"nofollow\"><span class=\"icon\"><\/span><span class=\"text\">Tweet<\/span><\/a><div class=\"onoffswitch2 mash-large mashsb-noshadow\" style=\"display:none\"><\/div><\/div>\n            <\/div>\n                <div style=\"clear:both\"><\/div><div class=\"mashsb-toggle-container\"><\/div><\/aside>\n            <!-- Share buttons by mashshare.net - Version: 4.0.47-->\n<p><em>Por Enedino Hern\u00e1ndez Alonso\/Zunoticia<\/em><\/p>\n\n\n\n<p><strong>Huejutla, Hgo.-<\/strong> El Jefe de Oficina de Seguimiento y An\u00e1lisis del Instituto Nacional Electoral (INE) en Huejutla de Reyes, Ezequiel Ramos Islas, nos brinda detalles relacionados con el recorrido de los M\u00f3dulos m\u00f3viles de Atenci\u00f3n Ciudadana, que van por las comunidades de municipios de la Sierra y la Huasteca.<\/p>\n\n\n\n<p>Se\u00f1ala que, el M\u00f3dulo de Atenci\u00f3n Ciudadana 130152, este lunes 15 de septiembre estuvo en Cochiscuatitla, Atlapexco; el martes 16 es descanso no se trabaja, el mi\u00e9rcoles 17 en Congreso, Huazalingo; el jueves 18 en Otecox, Huazalingo y el viernes 19 de septiembre en Zapotitla, Huazalingo.<\/p>\n\n\n\n<p>Por su parte, el M\u00f3dulo de Atenci\u00f3n Ciudadana 130153 el lunes 15 de septiembre estuvo en los Coyoles, San Felipe Orizatl\u00e1n; el martes 16 es descanso no se trabaja, el mi\u00e9rcoles 17 en Talol, San Felipe Orizatl\u00e1n; el jueves 18 y viernes 19 en la cabecera municipal de San Felipe Orizatl\u00e1n.<\/p>\n\n\n\n<p>Dijo que son tres los documentos en original que deben de presentar los ciudadanos para hacer el tr\u00e1mite de la credencial de elector: Acta de nacimiento, Identificaci\u00f3n oficial con fotograf\u00eda y Comprobante de domicilio; a los j\u00f3venes que cumplieron 18 a\u00f1os, se les sugiere que lleven su CURP para precisar y realizar el tr\u00e1mite de la credencial.<\/p>\n\n\n\n<p>Concluye mencionando que, por el momento, en los M\u00f3dulos de Atenci\u00f3n Ciudadana no se tiene mucha afluencia de ciudadanos, pero, s\u00ed acuden de manera considerable, por lo que hace un llamado a los ciudadanos a que acudan ante el M\u00f3dulo para actualizar la credencial y mantenerla vigente, porque es un documento que nos beneficia a todos, por lo que es importante mantener todo en orden.<\/p>\n","protected":false},"excerpt":{"rendered":"<p>Por Enedino Hern\u00e1ndez Alonso\/Zunoticia Huejutla, Hgo.- El Jefe de Oficina de Seguimiento y An\u00e1lisis del Instituto Nacional Electoral (INE) en Huejutla de Reyes, Ezequiel Ramos Islas, nos brinda detalles relacionados con el recorrido de los M\u00f3dulos m\u00f3viles de Atenci\u00f3n Ciudadana, que van por las comunidades de municipios de la Sierra y la Huasteca. Se\u00f1ala que,&hellip; <a class=\"more-link\" href=\"https:\/\/www.zunoticia.com\/noticias-de-hidalgo\/2025\/09\/15\/programan-recorrido-de-modulos-de-atencion-ciudadana-por-sierra-y-huasteca-3\/\">Seguir leyendo <span class=\"screen-reader-text\">Programan recorrido de M\u00f3dulos de Atenci\u00f3n Ciudadana por Sierra y Huasteca<\/span><\/a><\/p>\n","protected":false},"author":22,"featured_media":607105,"comment_status":"open","ping_status":"open","sticky":false,"template":"","format":"standard","meta":{"rop_custom_images_group":[],"rop_custom_messages_group":[],"rop_publish_now":"initial","rop_publish_now_accounts":{"facebook_10159540855086992_322828327761733":""},"rop_publish_now_history":[],"rop_publish_now_status":"pending","footnotes":""},"categories":[181],"tags":[121],"class_list":["post-607104","post","type-post","status-publish","format-standard","has-post-thumbnail","hentry","category-huejutla","tag-huejutla","entry"],"_links":{"self":[{"href":"https:\/\/www.zunoticia.com\/noticias-de-hidalgo\/wp-json\/wp\/v2\/posts\/607104","targetHints":{"allow":["GET"]}}],"collection":[{"href":"https:\/\/www.zunoticia.com\/noticias-de-hidalgo\/wp-json\/wp\/v2\/posts"}],"about":[{"href":"https:\/\/www.zunoticia.com\/noticias-de-hidalgo\/wp-json\/wp\/v2\/types\/post"}],"author":[{"embeddable":true,"href":"https:\/\/www.zunoticia.com\/noticias-de-hidalgo\/wp-json\/wp\/v2\/users\/22"}],"replies":[{"embeddable":true,"href":"https:\/\/www.zunoticia.com\/noticias-de-hidalgo\/wp-json\/wp\/v2\/comments?post=607104"}],"version-history":[{"count":1,"href":"https:\/\/www.zunoticia.com\/noticias-de-hidalgo\/wp-json\/wp\/v2\/posts\/607104\/revisions"}],"predecessor-version":[{"id":607106,"href":"https:\/\/www.zunoticia.com\/noticias-de-hidalgo\/wp-json\/wp\/v2\/posts\/607104\/revisions\/607106"}],"wp:featuredmedia":[{"embeddable":true,"href":"https:\/\/www.zunoticia.com\/noticias-de-hidalgo\/wp-json\/wp\/v2\/media\/607105"}],"wp:attachment":[{"href":"https:\/\/www.zunoticia.com\/noticias-de-hidalgo\/wp-json\/wp\/v2\/media?parent=607104"}],"wp:term":[{"taxonomy":"category","embeddable":true,"href":"https:\/\/www.zunoticia.com\/noticias-de-hidalgo\/wp-json\/wp\/v2\/categories?post=607104"},{"taxonomy":"post_tag","embeddable":true,"href":"https:\/\/www.zunoticia.com\/noticias-de-hidalgo\/wp-json\/wp\/v2\/tags?post=607104"}],"curies":[{"name":"wp","href":"https:\/\/api.w.org\/{rel}","templated":true}]}}