{"id":607116,"date":"2025-09-15T22:23:21","date_gmt":"2025-09-16T04:23:21","guid":{"rendered":"https:\/\/www.zunoticia.com\/noticias-de-hidalgo\/?p=607116"},"modified":"2025-09-15T22:23:23","modified_gmt":"2025-09-16T04:23:23","slug":"comercio-local-beneficiado-por-fiestas-patrias","status":"publish","type":"post","link":"https:\/\/www.zunoticia.com\/noticias-de-hidalgo\/2025\/09\/15\/comercio-local-beneficiado-por-fiestas-patrias\/","title":{"rendered":"Comercio local beneficiado por fiestas patrias"},"content":{"rendered":"<aside class=\"mashsb-container mashsb-main mashsb-stretched\"><div class=\"mashsb-box\"><div class=\"mashsb-count mash-large\" style=\"float:left\"><div class=\"counts mashsbcount\">0<\/div><span class=\"mashsb-sharetext\">SHARES<\/span><\/div><div class=\"mashsb-buttons\"><a class=\"mashicon-facebook mash-large mash-center mashsb-noshadow\" href=\"https:\/\/www.facebook.com\/sharer.php?u=https%3A%2F%2Fwww.zunoticia.com%2Fnoticias-de-hidalgo%2F2025%2F09%2F15%2Fcomercio-local-beneficiado-por-fiestas-patrias%2F\" target=\"_top\" rel=\"nofollow\"><span class=\"icon\"><\/span><span class=\"text\">Share<\/span><\/a><a class=\"mashicon-twitter mash-large mash-center mashsb-noshadow\" href=\"https:\/\/twitter.com\/intent\/tweet?text=&amp;url=https:\/\/www.zunoticia.com\/noticias-de-hidalgo\/2025\/09\/15\/comercio-local-beneficiado-por-fiestas-patrias\/\" target=\"_top\" rel=\"nofollow\"><span class=\"icon\"><\/span><span class=\"text\">Tweet<\/span><\/a><div class=\"onoffswitch2 mash-large mashsb-noshadow\" style=\"display:none\"><\/div><\/div>\n            <\/div>\n                <div style=\"clear:both\"><\/div><div class=\"mashsb-toggle-container\"><\/div><\/aside>\n            <!-- Share buttons by mashshare.net - Version: 4.0.47-->\n<p><em>Por Gabriela Hern\u00e1ndez\/Zunoticia<\/em><\/p>\n\n\n\n<p><strong>Huejutla, Hgo.-<\/strong> Conscientes de que septiembre representa una oportunidad clave para impulsar las ventas, los comerciantes ubicados en la zona Centro de la ciudad, durante estas fiestas patrias, han redoblado esfuerzos, buscando crear un ambiente acogedor y festivo para los consumidores, promoviendo as\u00ed no solo la compra, sino tambi\u00e9n la convivencia y el orgullo por las tradiciones mexicanas.<\/p>\n\n\n\n<p>Las fiestas patrias se presentan como una oportunidad para reactivar ventas, aunque esta posibilidad solo podr\u00e1 materializarse si la comunidad decide conscientemente apoyar lo local.<\/p>\n\n\n\n<figure class=\"wp-block-gallery has-nested-images columns-default is-cropped wp-block-gallery-1 is-layout-flex wp-block-gallery-is-layout-flex\">\n<figure class=\"wp-block-image size-large\"><img fetchpriority=\"high\" decoding=\"async\" width=\"1024\" height=\"768\" data-id=\"607119\" src=\"https:\/\/www.zunoticia.com\/noticias-de-hidalgo\/wp-content\/uploads\/2025\/09\/WhatsApp-Image-2025-09-15-at-8.51.45-PM-1024x768.jpeg\" alt=\"\" class=\"wp-image-607119\" srcset=\"https:\/\/www.zunoticia.com\/noticias-de-hidalgo\/wp-content\/uploads\/2025\/09\/WhatsApp-Image-2025-09-15-at-8.51.45-PM-1024x768.jpeg 1024w, https:\/\/www.zunoticia.com\/noticias-de-hidalgo\/wp-content\/uploads\/2025\/09\/WhatsApp-Image-2025-09-15-at-8.51.45-PM-300x225.jpeg 300w, https:\/\/www.zunoticia.com\/noticias-de-hidalgo\/wp-content\/uploads\/2025\/09\/WhatsApp-Image-2025-09-15-at-8.51.45-PM-768x576.jpeg 768w, https:\/\/www.zunoticia.com\/noticias-de-hidalgo\/wp-content\/uploads\/2025\/09\/WhatsApp-Image-2025-09-15-at-8.51.45-PM-1536x1152.jpeg 1536w, https:\/\/www.zunoticia.com\/noticias-de-hidalgo\/wp-content\/uploads\/2025\/09\/WhatsApp-Image-2025-09-15-at-8.51.45-PM-1568x1176.jpeg 1568w, https:\/\/www.zunoticia.com\/noticias-de-hidalgo\/wp-content\/uploads\/2025\/09\/WhatsApp-Image-2025-09-15-at-8.51.45-PM.jpeg 1600w\" sizes=\"(max-width: 1024px) 100vw, 1024px\" \/><\/figure>\n\n\n\n<figure class=\"wp-block-image size-large\"><img decoding=\"async\" width=\"1024\" height=\"768\" data-id=\"607118\" src=\"https:\/\/www.zunoticia.com\/noticias-de-hidalgo\/wp-content\/uploads\/2025\/09\/WhatsApp-Image-2025-09-15-at-8.52.07-PM-1024x768.jpeg\" alt=\"\" class=\"wp-image-607118\" srcset=\"https:\/\/www.zunoticia.com\/noticias-de-hidalgo\/wp-content\/uploads\/2025\/09\/WhatsApp-Image-2025-09-15-at-8.52.07-PM-1024x768.jpeg 1024w, https:\/\/www.zunoticia.com\/noticias-de-hidalgo\/wp-content\/uploads\/2025\/09\/WhatsApp-Image-2025-09-15-at-8.52.07-PM-300x225.jpeg 300w, https:\/\/www.zunoticia.com\/noticias-de-hidalgo\/wp-content\/uploads\/2025\/09\/WhatsApp-Image-2025-09-15-at-8.52.07-PM-768x576.jpeg 768w, https:\/\/www.zunoticia.com\/noticias-de-hidalgo\/wp-content\/uploads\/2025\/09\/WhatsApp-Image-2025-09-15-at-8.52.07-PM-1536x1152.jpeg 1536w, https:\/\/www.zunoticia.com\/noticias-de-hidalgo\/wp-content\/uploads\/2025\/09\/WhatsApp-Image-2025-09-15-at-8.52.07-PM-1568x1176.jpeg 1568w, https:\/\/www.zunoticia.com\/noticias-de-hidalgo\/wp-content\/uploads\/2025\/09\/WhatsApp-Image-2025-09-15-at-8.52.07-PM.jpeg 1600w\" sizes=\"(max-width: 1024px) 100vw, 1024px\" \/><\/figure>\n<\/figure>\n\n\n\n<p>Dentro de los puestos establecidos se encuentra la comida tradicional, bebidas, accesorios mexicanos como banderas, sombreros, matracas, silbatos, trajes t\u00edpicos, reboso, etc., snacks, comida r\u00e1pida, artesan\u00edas, dulces tradicionales, ofertados a un excelente precio.<\/p>\n\n\n\n<p>Este mes no solo representa la venta de art\u00edculos con valor comercial, sino tambi\u00e9n la transmisi\u00f3n de identidad cultural. Cada producto ofrecido en los puestos es parte de una tradici\u00f3n, de un recuerdo, de una historia personal y colectiva que conecta a la comunidad&nbsp;con&nbsp;sus&nbsp;ra\u00edces<\/p>\n","protected":false},"excerpt":{"rendered":"<p>Por Gabriela Hern\u00e1ndez\/Zunoticia Huejutla, Hgo.- Conscientes de que septiembre representa una oportunidad clave para impulsar las ventas, los comerciantes ubicados en la zona Centro de la ciudad, durante estas fiestas patrias, han redoblado esfuerzos, buscando crear un ambiente acogedor y festivo para los consumidores, promoviendo as\u00ed no solo la compra, sino tambi\u00e9n la convivencia y&hellip; <a class=\"more-link\" href=\"https:\/\/www.zunoticia.com\/noticias-de-hidalgo\/2025\/09\/15\/comercio-local-beneficiado-por-fiestas-patrias\/\">Seguir leyendo <span class=\"screen-reader-text\">Comercio local beneficiado por fiestas patrias<\/span><\/a><\/p>\n","protected":false},"author":22,"featured_media":607117,"comment_status":"open","ping_status":"open","sticky":false,"template":"","format":"standard","meta":{"rop_custom_images_group":[],"rop_custom_messages_group":[],"rop_publish_now":"initial","rop_publish_now_accounts":{"facebook_10159540855086992_322828327761733":""},"rop_publish_now_history":[],"rop_publish_now_status":"pending","footnotes":""},"categories":[181],"tags":[121],"class_list":["post-607116","post","type-post","status-publish","format-standard","has-post-thumbnail","hentry","category-huejutla","tag-huejutla","entry"],"_links":{"self":[{"href":"https:\/\/www.zunoticia.com\/noticias-de-hidalgo\/wp-json\/wp\/v2\/posts\/607116","targetHints":{"allow":["GET"]}}],"collection":[{"href":"https:\/\/www.zunoticia.com\/noticias-de-hidalgo\/wp-json\/wp\/v2\/posts"}],"about":[{"href":"https:\/\/www.zunoticia.com\/noticias-de-hidalgo\/wp-json\/wp\/v2\/types\/post"}],"author":[{"embeddable":true,"href":"https:\/\/www.zunoticia.com\/noticias-de-hidalgo\/wp-json\/wp\/v2\/users\/22"}],"replies":[{"embeddable":true,"href":"https:\/\/www.zunoticia.com\/noticias-de-hidalgo\/wp-json\/wp\/v2\/comments?post=607116"}],"version-history":[{"count":1,"href":"https:\/\/www.zunoticia.com\/noticias-de-hidalgo\/wp-json\/wp\/v2\/posts\/607116\/revisions"}],"predecessor-version":[{"id":607120,"href":"https:\/\/www.zunoticia.com\/noticias-de-hidalgo\/wp-json\/wp\/v2\/posts\/607116\/revisions\/607120"}],"wp:featuredmedia":[{"embeddable":true,"href":"https:\/\/www.zunoticia.com\/noticias-de-hidalgo\/wp-json\/wp\/v2\/media\/607117"}],"wp:attachment":[{"href":"https:\/\/www.zunoticia.com\/noticias-de-hidalgo\/wp-json\/wp\/v2\/media?parent=607116"}],"wp:term":[{"taxonomy":"category","embeddable":true,"href":"https:\/\/www.zunoticia.com\/noticias-de-hidalgo\/wp-json\/wp\/v2\/categories?post=607116"},{"taxonomy":"post_tag","embeddable":true,"href":"https:\/\/www.zunoticia.com\/noticias-de-hidalgo\/wp-json\/wp\/v2\/tags?post=607116"}],"curies":[{"name":"wp","href":"https:\/\/api.w.org\/{rel}","templated":true}]}}