{"id":607128,"date":"2025-09-15T22:47:08","date_gmt":"2025-09-16T04:47:08","guid":{"rendered":"https:\/\/www.zunoticia.com\/noticias-de-hidalgo\/?p=607128"},"modified":"2025-09-15T22:47:09","modified_gmt":"2025-09-16T04:47:09","slug":"espejeando-por-perseo-huasteca-268","status":"publish","type":"post","link":"https:\/\/www.zunoticia.com\/noticias-de-hidalgo\/2025\/09\/15\/espejeando-por-perseo-huasteca-268\/","title":{"rendered":"ESPEJEANDO POR PERSEO Huasteca"},"content":{"rendered":"<aside class=\"mashsb-container mashsb-main mashsb-stretched\"><div class=\"mashsb-box\"><div class=\"mashsb-count mash-large\" style=\"float:left\"><div class=\"counts mashsbcount\">0<\/div><span class=\"mashsb-sharetext\">SHARES<\/span><\/div><div class=\"mashsb-buttons\"><a class=\"mashicon-facebook mash-large mash-center mashsb-noshadow\" href=\"https:\/\/www.facebook.com\/sharer.php?u=https%3A%2F%2Fwww.zunoticia.com%2Fnoticias-de-hidalgo%2F2025%2F09%2F15%2Fespejeando-por-perseo-huasteca-268%2F\" target=\"_top\" rel=\"nofollow\"><span class=\"icon\"><\/span><span class=\"text\">Share<\/span><\/a><a class=\"mashicon-twitter mash-large mash-center mashsb-noshadow\" href=\"https:\/\/twitter.com\/intent\/tweet?text=&amp;url=https:\/\/www.zunoticia.com\/noticias-de-hidalgo\/2025\/09\/15\/espejeando-por-perseo-huasteca-268\/\" target=\"_top\" rel=\"nofollow\"><span class=\"icon\"><\/span><span class=\"text\">Tweet<\/span><\/a><div class=\"onoffswitch2 mash-large mashsb-noshadow\" style=\"display:none\"><\/div><\/div>\n            <\/div>\n                <div style=\"clear:both\"><\/div><div class=\"mashsb-toggle-container\"><\/div><\/aside>\n            <!-- Share buttons by mashshare.net - Version: 4.0.47-->\n<p>\u2022 BAJO UN FUERTE chubasco en toda la regi\u00f3n y con fallas en la se\u00f1al de telefon\u00eda y de internet, se desarrollaron los programas preparados para la celebraci\u00f3n del grito de independencia en cada uno de los municipios de la regi\u00f3n Huasteca, con una asistencia, aunque disminuida, muy emotiva, propio de celebrar la tradici\u00f3n.<\/p>\n\n\n\n<p>\u2022 Para esto se llev\u00f3 a cabo una intensa preparaci\u00f3n por parte de diferentes dependencias tanto municipales, como estatales desde el tema de los operativos de seguridad y de vigilancia para prevenir o atender alg\u00fan incidente en caso de que se presentara, hasta dependencias de vigilancia sanitaria para revisar la preparaci\u00f3n de los alimentos que se vend\u00edan en los puestos instalados en la v\u00eda p\u00fablica. &nbsp;<\/p>\n\n\n\n<p>\u2022 EN EL CASO &nbsp;de Tlanchinol, este lunes no solamente fue la celebraci\u00f3n de las fiestas patrias, sino tambi\u00e9n la sesi\u00f3n del informe de gobierno del alcalde Gabino Hern\u00e1ndez Vite, quien destac\u00f3 las obras que se han realizado es lo que va del primer a\u00f1o de su administraci\u00f3n, en el tema de caminos hacia las comunidades en donde se ha hecho una importante inversi\u00f3n, adem\u00e1s de que se ha trabajado en convenio con dependencias federales para poder combinar recursos y dar soluci\u00f3n a problem\u00e1ticas a\u00f1ejas, como es el caso de la comisi\u00f3n Nacional del agua.<\/p>\n\n\n\n<p>\u2022 De la misma manera destac\u00f3 que, uno de los principales reclamo de la ciudadan\u00eda desde su campa\u00f1a fue la falta de atenci\u00f3n del ayuntamiento a la poblaci\u00f3n, por lo que, desde que inici\u00f3 se ha reforzado el tema de las audiencias, tanto en la cabecera municipal, pero, sobre todo, de manera directa a las comunidades, acercando los departamentos municipales para evitar que la gente tenga que desplazarse gastando recursos y tiempo para una gesti\u00f3n.<\/p>\n\n\n\n<p>\u2022 ESTE LUNES tambi\u00e9n se dio a conocer el cambio del Vocal Ejecutivo de La Junta Distrital N\u00famero 01, con la llegada de Estefan\u00eda Garc\u00eda P\u00e9rez, quien se encontraba asignada al Estado de Guerrero, una zona bastante complicada en temas sociales y pol\u00edticos, por lo que cuenta con una vasta experiencia en lo que a organizaci\u00f3n de procesos electorales se refiere.<\/p>\n\n\n\n<p>\u2022 Hay que mencionar que, estas rotaciones se realizan de manera peri\u00f3dica en todo el pa\u00eds, con la finalidad de evitar la generaci\u00f3n de compromisos y conflictos entre los titulares o representantes con grupos pol\u00edticos y de esta manera se oxigene el trabajo del Instituto Nacional Electoral.<\/p>\n","protected":false},"excerpt":{"rendered":"<p>\u2022 BAJO UN FUERTE chubasco en toda la regi\u00f3n y con fallas en la se\u00f1al de telefon\u00eda y de internet, se desarrollaron los programas preparados para la celebraci\u00f3n del grito de independencia en cada uno de los municipios de la regi\u00f3n Huasteca, con una asistencia, aunque disminuida, muy emotiva, propio de celebrar la tradici\u00f3n. \u2022&hellip; <a class=\"more-link\" href=\"https:\/\/www.zunoticia.com\/noticias-de-hidalgo\/2025\/09\/15\/espejeando-por-perseo-huasteca-268\/\">Seguir leyendo <span class=\"screen-reader-text\">ESPEJEANDO POR PERSEO Huasteca<\/span><\/a><\/p>\n","protected":false},"author":12,"featured_media":607129,"comment_status":"open","ping_status":"open","sticky":false,"template":"","format":"standard","meta":{"rop_custom_images_group":[],"rop_custom_messages_group":[],"rop_publish_now":"initial","rop_publish_now_accounts":{"facebook_10159540855086992_322828327761733":""},"rop_publish_now_history":[],"rop_publish_now_status":"pending","footnotes":""},"categories":[176],"tags":[205],"class_list":["post-607128","post","type-post","status-publish","format-standard","has-post-thumbnail","hentry","category-espejeando","tag-espejeando","entry"],"_links":{"self":[{"href":"https:\/\/www.zunoticia.com\/noticias-de-hidalgo\/wp-json\/wp\/v2\/posts\/607128","targetHints":{"allow":["GET"]}}],"collection":[{"href":"https:\/\/www.zunoticia.com\/noticias-de-hidalgo\/wp-json\/wp\/v2\/posts"}],"about":[{"href":"https:\/\/www.zunoticia.com\/noticias-de-hidalgo\/wp-json\/wp\/v2\/types\/post"}],"author":[{"embeddable":true,"href":"https:\/\/www.zunoticia.com\/noticias-de-hidalgo\/wp-json\/wp\/v2\/users\/12"}],"replies":[{"embeddable":true,"href":"https:\/\/www.zunoticia.com\/noticias-de-hidalgo\/wp-json\/wp\/v2\/comments?post=607128"}],"version-history":[{"count":1,"href":"https:\/\/www.zunoticia.com\/noticias-de-hidalgo\/wp-json\/wp\/v2\/posts\/607128\/revisions"}],"predecessor-version":[{"id":607130,"href":"https:\/\/www.zunoticia.com\/noticias-de-hidalgo\/wp-json\/wp\/v2\/posts\/607128\/revisions\/607130"}],"wp:featuredmedia":[{"embeddable":true,"href":"https:\/\/www.zunoticia.com\/noticias-de-hidalgo\/wp-json\/wp\/v2\/media\/607129"}],"wp:attachment":[{"href":"https:\/\/www.zunoticia.com\/noticias-de-hidalgo\/wp-json\/wp\/v2\/media?parent=607128"}],"wp:term":[{"taxonomy":"category","embeddable":true,"href":"https:\/\/www.zunoticia.com\/noticias-de-hidalgo\/wp-json\/wp\/v2\/categories?post=607128"},{"taxonomy":"post_tag","embeddable":true,"href":"https:\/\/www.zunoticia.com\/noticias-de-hidalgo\/wp-json\/wp\/v2\/tags?post=607128"}],"curies":[{"name":"wp","href":"https:\/\/api.w.org\/{rel}","templated":true}]}}