{"id":608817,"date":"2025-09-29T13:35:14","date_gmt":"2025-09-29T19:35:14","guid":{"rendered":"https:\/\/www.zunoticia.com\/noticias-de-hidalgo\/?p=608817"},"modified":"2025-09-29T13:35:15","modified_gmt":"2025-09-29T19:35:15","slug":"entregan-premio-bellas-artes-de-traduccion-literaria-margarita-michelena-a-gustavo-osorio-de-ita-y-juan-carlos-calvillo","status":"publish","type":"post","link":"https:\/\/www.zunoticia.com\/noticias-de-hidalgo\/2025\/09\/29\/entregan-premio-bellas-artes-de-traduccion-literaria-margarita-michelena-a-gustavo-osorio-de-ita-y-juan-carlos-calvillo\/","title":{"rendered":"Entregan Premio Bellas Artes de Traducci\u00f3n Literaria Margarita Michelena a Gustavo Osorio de Ita y Juan Carlos Calvillo"},"content":{"rendered":"<aside class=\"mashsb-container mashsb-main mashsb-stretched\"><div class=\"mashsb-box\"><div class=\"mashsb-count mash-large\" style=\"float:left\"><div class=\"counts mashsbcount\">0<\/div><span class=\"mashsb-sharetext\">SHARES<\/span><\/div><div class=\"mashsb-buttons\"><a class=\"mashicon-facebook mash-large mash-center mashsb-noshadow\" href=\"https:\/\/www.facebook.com\/sharer.php?u=https%3A%2F%2Fwww.zunoticia.com%2Fnoticias-de-hidalgo%2F2025%2F09%2F29%2Fentregan-premio-bellas-artes-de-traduccion-literaria-margarita-michelena-a-gustavo-osorio-de-ita-y-juan-carlos-calvillo%2F\" target=\"_top\" rel=\"nofollow\"><span class=\"icon\"><\/span><span class=\"text\">Share<\/span><\/a><a class=\"mashicon-twitter mash-large mash-center mashsb-noshadow\" href=\"https:\/\/twitter.com\/intent\/tweet?text=&amp;url=https:\/\/www.zunoticia.com\/noticias-de-hidalgo\/2025\/09\/29\/entregan-premio-bellas-artes-de-traduccion-literaria-margarita-michelena-a-gustavo-osorio-de-ita-y-juan-carlos-calvillo\/\" target=\"_top\" rel=\"nofollow\"><span class=\"icon\"><\/span><span class=\"text\">Tweet<\/span><\/a><div class=\"onoffswitch2 mash-large mashsb-noshadow\" style=\"display:none\"><\/div><\/div>\n            <\/div>\n                <div style=\"clear:both\"><\/div><div class=\"mashsb-toggle-container\"><\/div><\/aside>\n            <!-- Share buttons by mashshare.net - Version: 4.0.47-->\n<ul class=\"wp-block-list\">\n<li>La ceremonia de entrega se llev\u00f3 a cabo en el Centro Cultural del Ferrocarril, en Pachuca, Hidalgo, en el marco de la 25 Feria del Libro Infantil y Juvenil Hidalgo 2025<em><br><br><\/em><\/li>\n<\/ul>\n\n\n\n<p><em>Por Redacci\u00f3n\/Zunoticia<\/em><\/p>\n\n\n\n<p><strong>Pachuca de Soto, Hgo<\/strong>.- La Secretar\u00eda de Cultura del Gobierno de M\u00e9xico y el Instituto Nacional de Bellas Artes y Literatura (INBAL), a trav\u00e9s de la Coordinaci\u00f3n Nacional de Literatura, en colaboraci\u00f3n con el Gobierno del estado de Hidalgo, mediante su Secretar\u00eda de Cultura, entregaron el Premio Bellas Artes de Traducci\u00f3n Literaria Margarita Michelena 2025 a Gustavo Osorio de Ita y Juan Carlos Calvillo, ganadores en las categor\u00edas de poes\u00eda y cuento, respectivamente.<\/p>\n\n\n\n<p>La ceremonia de premiaci\u00f3n se realiz\u00f3 el s\u00e1bado 27 de septiembre de 2025 en el Centro Cultural del Ferrocarril, en la ciudad de Pachuca, Hidalgo, en el marco de la 25 Feria del Libro Infantil y Juvenil.<\/p>\n\n\n\n<p>El pres\u00eddium estuvo a cargo de la coordinadora Nacional de Literatura del INBAL, Nadia L\u00f3pez Garc\u00eda; la secretaria de Cultura de Hidalgo, Neyda Naranjo Baltazar; y el director general del Consejo Estatal para la Cultura y las Artes de Hidalgo (Cecultah), C\u00e9sar Aurelio Monroy Vega, quienes subrayaron la importancia de este certamen \u00fanico en Latinoam\u00e9rica para visibilizar la labor de las y los traductores literarios.<\/p>\n\n\n\n<p>En el g\u00e9nero de cuento, Juan Carlos Calvillo fue reconocido por la traducci\u00f3n <em>Enoch Soames: un recuerdo de la d\u00e9cada de 1890<\/em> de Max Beerbohm, obra que destaca por su fidelidad al texto original y la claridad con la que transmite la fuerza narrativa del autor ingl\u00e9s.<\/p>\n\n\n\n<figure class=\"wp-block-image size-full\"><img fetchpriority=\"high\" decoding=\"async\" width=\"933\" height=\"524\" src=\"https:\/\/www.zunoticia.com\/noticias-de-hidalgo\/wp-content\/uploads\/2025\/09\/Zunoticia-Huejutla-3-4.png\" alt=\"\" class=\"wp-image-608819\" srcset=\"https:\/\/www.zunoticia.com\/noticias-de-hidalgo\/wp-content\/uploads\/2025\/09\/Zunoticia-Huejutla-3-4.png 933w, https:\/\/www.zunoticia.com\/noticias-de-hidalgo\/wp-content\/uploads\/2025\/09\/Zunoticia-Huejutla-3-4-300x168.png 300w, https:\/\/www.zunoticia.com\/noticias-de-hidalgo\/wp-content\/uploads\/2025\/09\/Zunoticia-Huejutla-3-4-768x431.png 768w\" sizes=\"(max-width: 933px) 100vw, 933px\" \/><\/figure>\n\n\n\n<p>En poes\u00eda, el galard\u00f3n fue otorgado a Gustavo Osorio de Ita por la traducci\u00f3n de <em>La nadadora deshuesada. Leyendas metropolitanas<\/em> de Linda Mar\u00eda Baros, propuesta que acerca al p\u00fablico a una de las voces m\u00e1s relevantes de la poes\u00eda franc\u00f3fona contempor\u00e1nea, con una versi\u00f3n sensible y rigurosa que recrea la riqueza del texto original.<\/p>\n\n\n\n<p>En sus intervenciones, los ganadores del certamen expresaron su agradecimiento a las autoridades convocantes y reconocieron su labor para enaltecer el trabajo de las y los traductores en el \u00e1mbito nacional.<\/p>\n\n\n\n<p>Por su parte, C\u00e9sar Aurelio Monroy Vega asegur\u00f3 que la traducci\u00f3n no solo es un ejercicio acad\u00e9mico, sino tambi\u00e9n una forma de democratizar la literatura, \u201cde garantizar que el idioma no sea una barrera y que aquellas personas que busquen acercarse a estas obras de primer nivel logren acceder a ellas de manera sencilla y equitativa\u201d.<\/p>\n\n\n\n<p>El Premio Margarita Michelena no solo rinde homenaje a la poeta y traductora hidalguense que le da nombre, sino que tambi\u00e9n fortalece el di\u00e1logo cultural y el acceso a la literatura mundial, al reconocer el trabajo de quienes hacen posible que las grandes obras lleguen a m\u00e1s lectores.<\/p>\n","protected":false},"excerpt":{"rendered":"<p>Por Redacci\u00f3n\/Zunoticia Pachuca de Soto, Hgo.- La Secretar\u00eda de Cultura del Gobierno de M\u00e9xico y el Instituto Nacional de Bellas Artes y Literatura (INBAL), a trav\u00e9s de la Coordinaci\u00f3n Nacional de Literatura, en colaboraci\u00f3n con el Gobierno del estado de Hidalgo, mediante su Secretar\u00eda de Cultura, entregaron el Premio Bellas Artes de Traducci\u00f3n Literaria Margarita&hellip; <a class=\"more-link\" href=\"https:\/\/www.zunoticia.com\/noticias-de-hidalgo\/2025\/09\/29\/entregan-premio-bellas-artes-de-traduccion-literaria-margarita-michelena-a-gustavo-osorio-de-ita-y-juan-carlos-calvillo\/\">Seguir leyendo <span class=\"screen-reader-text\">Entregan Premio Bellas Artes de Traducci\u00f3n Literaria Margarita Michelena a Gustavo Osorio de Ita y Juan Carlos Calvillo<\/span><\/a><\/p>\n","protected":false},"author":20,"featured_media":608818,"comment_status":"open","ping_status":"open","sticky":false,"template":"","format":"standard","meta":{"rop_custom_images_group":[],"rop_custom_messages_group":[],"rop_publish_now":"initial","rop_publish_now_accounts":{"facebook_10159540855086992_322828327761733":""},"rop_publish_now_history":[],"rop_publish_now_status":"pending","footnotes":""},"categories":[208],"tags":[214],"class_list":["post-608817","post","type-post","status-publish","format-standard","has-post-thumbnail","hentry","category-estado","tag-estado","entry"],"_links":{"self":[{"href":"https:\/\/www.zunoticia.com\/noticias-de-hidalgo\/wp-json\/wp\/v2\/posts\/608817","targetHints":{"allow":["GET"]}}],"collection":[{"href":"https:\/\/www.zunoticia.com\/noticias-de-hidalgo\/wp-json\/wp\/v2\/posts"}],"about":[{"href":"https:\/\/www.zunoticia.com\/noticias-de-hidalgo\/wp-json\/wp\/v2\/types\/post"}],"author":[{"embeddable":true,"href":"https:\/\/www.zunoticia.com\/noticias-de-hidalgo\/wp-json\/wp\/v2\/users\/20"}],"replies":[{"embeddable":true,"href":"https:\/\/www.zunoticia.com\/noticias-de-hidalgo\/wp-json\/wp\/v2\/comments?post=608817"}],"version-history":[{"count":1,"href":"https:\/\/www.zunoticia.com\/noticias-de-hidalgo\/wp-json\/wp\/v2\/posts\/608817\/revisions"}],"predecessor-version":[{"id":608820,"href":"https:\/\/www.zunoticia.com\/noticias-de-hidalgo\/wp-json\/wp\/v2\/posts\/608817\/revisions\/608820"}],"wp:featuredmedia":[{"embeddable":true,"href":"https:\/\/www.zunoticia.com\/noticias-de-hidalgo\/wp-json\/wp\/v2\/media\/608818"}],"wp:attachment":[{"href":"https:\/\/www.zunoticia.com\/noticias-de-hidalgo\/wp-json\/wp\/v2\/media?parent=608817"}],"wp:term":[{"taxonomy":"category","embeddable":true,"href":"https:\/\/www.zunoticia.com\/noticias-de-hidalgo\/wp-json\/wp\/v2\/categories?post=608817"},{"taxonomy":"post_tag","embeddable":true,"href":"https:\/\/www.zunoticia.com\/noticias-de-hidalgo\/wp-json\/wp\/v2\/tags?post=608817"}],"curies":[{"name":"wp","href":"https:\/\/api.w.org\/{rel}","templated":true}]}}