{"id":608928,"date":"2025-09-29T20:08:12","date_gmt":"2025-09-30T02:08:12","guid":{"rendered":"https:\/\/www.zunoticia.com\/noticias-de-hidalgo\/?p=608928"},"modified":"2025-09-29T20:08:14","modified_gmt":"2025-09-30T02:08:14","slug":"tecnologico-de-huejutla-realiza-feria-del-maiz-y-milpa","status":"publish","type":"post","link":"https:\/\/www.zunoticia.com\/noticias-de-hidalgo\/2025\/09\/29\/tecnologico-de-huejutla-realiza-feria-del-maiz-y-milpa\/","title":{"rendered":"Tecnol\u00f3gico de Huejutla realiza Feria del Ma\u00edz y Milpa"},"content":{"rendered":"<aside class=\"mashsb-container mashsb-main mashsb-stretched\"><div class=\"mashsb-box\"><div class=\"mashsb-count mash-large\" style=\"float:left\"><div class=\"counts mashsbcount\">0<\/div><span class=\"mashsb-sharetext\">SHARES<\/span><\/div><div class=\"mashsb-buttons\"><a class=\"mashicon-facebook mash-large mash-center mashsb-noshadow\" href=\"https:\/\/www.facebook.com\/sharer.php?u=https%3A%2F%2Fwww.zunoticia.com%2Fnoticias-de-hidalgo%2F2025%2F09%2F29%2Ftecnologico-de-huejutla-realiza-feria-del-maiz-y-milpa%2F\" target=\"_top\" rel=\"nofollow\"><span class=\"icon\"><\/span><span class=\"text\">Share<\/span><\/a><a class=\"mashicon-twitter mash-large mash-center mashsb-noshadow\" href=\"https:\/\/twitter.com\/intent\/tweet?text=&amp;url=https:\/\/www.zunoticia.com\/noticias-de-hidalgo\/2025\/09\/29\/tecnologico-de-huejutla-realiza-feria-del-maiz-y-milpa\/\" target=\"_top\" rel=\"nofollow\"><span class=\"icon\"><\/span><span class=\"text\">Tweet<\/span><\/a><div class=\"onoffswitch2 mash-large mashsb-noshadow\" style=\"display:none\"><\/div><\/div>\n            <\/div>\n                <div style=\"clear:both\"><\/div><div class=\"mashsb-toggle-container\"><\/div><\/aside>\n            <!-- Share buttons by mashshare.net - Version: 4.0.47-->\n<p><em>Por Gabriela Hern\u00e1ndez\/Zunoticia<\/em><\/p>\n\n\n\n<p><strong>Huejutla, Hgo.-<\/strong> El Instituto Tecnol\u00f3gico de Huejutla llev\u00f3 a cabo, la ma\u00f1ana de este lunes 29 de septiembre, la Feria del Ma\u00edz y la Milpa, en conmemoraci\u00f3n del D\u00eda Nacional del Ma\u00edz, donde se le rinde tributo al alimento fundamental en la dieta diaria de los mexicanos, con el objeto de enaltecer la historia y el valor cultural y alimentario del ma\u00edz y la milpa.<\/p>\n\n\n\n<figure class=\"wp-block-image size-large\"><img fetchpriority=\"high\" decoding=\"async\" width=\"1024\" height=\"347\" src=\"https:\/\/www.zunoticia.com\/noticias-de-hidalgo\/wp-content\/uploads\/2025\/09\/eZy-Watermark_29-09-2025_07-48-24-2640p.m-1024x347.jpg\" alt=\"\" class=\"wp-image-608917\" srcset=\"https:\/\/www.zunoticia.com\/noticias-de-hidalgo\/wp-content\/uploads\/2025\/09\/eZy-Watermark_29-09-2025_07-48-24-2640p.m-1024x347.jpg 1024w, https:\/\/www.zunoticia.com\/noticias-de-hidalgo\/wp-content\/uploads\/2025\/09\/eZy-Watermark_29-09-2025_07-48-24-2640p.m-300x102.jpg 300w, https:\/\/www.zunoticia.com\/noticias-de-hidalgo\/wp-content\/uploads\/2025\/09\/eZy-Watermark_29-09-2025_07-48-24-2640p.m-768x260.jpg 768w, https:\/\/www.zunoticia.com\/noticias-de-hidalgo\/wp-content\/uploads\/2025\/09\/eZy-Watermark_29-09-2025_07-48-24-2640p.m-1536x520.jpg 1536w, https:\/\/www.zunoticia.com\/noticias-de-hidalgo\/wp-content\/uploads\/2025\/09\/eZy-Watermark_29-09-2025_07-48-24-2640p.m-1568x531.jpg 1568w, https:\/\/www.zunoticia.com\/noticias-de-hidalgo\/wp-content\/uploads\/2025\/09\/eZy-Watermark_29-09-2025_07-48-24-2640p.m.jpg 1600w\" sizes=\"(max-width: 1024px) 100vw, 1024px\" \/><\/figure>\n\n\n\n<p>A esta celebraci\u00f3n se sumaron los docentes y alumnos para rendir tributo a este sagrado alimento, con bailes, danzas y ofrendas.<\/p>\n\n\n\n<p>Est\u00e1s actividades buscan fomentar la producci\u00f3n de alimentos nutritivos, suficientes y de calidad para lograr la autosuficiencia alimentaria en el municipio.<\/p>\n\n\n\n<figure class=\"wp-block-image size-large\"><img decoding=\"async\" width=\"1024\" height=\"491\" src=\"https:\/\/www.zunoticia.com\/noticias-de-hidalgo\/wp-content\/uploads\/2025\/09\/eZy-Watermark_29-09-2025_07-48-49-0190p.m-1024x491.jpg\" alt=\"\" class=\"wp-image-608919\" srcset=\"https:\/\/www.zunoticia.com\/noticias-de-hidalgo\/wp-content\/uploads\/2025\/09\/eZy-Watermark_29-09-2025_07-48-49-0190p.m-1024x491.jpg 1024w, https:\/\/www.zunoticia.com\/noticias-de-hidalgo\/wp-content\/uploads\/2025\/09\/eZy-Watermark_29-09-2025_07-48-49-0190p.m-300x144.jpg 300w, https:\/\/www.zunoticia.com\/noticias-de-hidalgo\/wp-content\/uploads\/2025\/09\/eZy-Watermark_29-09-2025_07-48-49-0190p.m-768x368.jpg 768w, https:\/\/www.zunoticia.com\/noticias-de-hidalgo\/wp-content\/uploads\/2025\/09\/eZy-Watermark_29-09-2025_07-48-49-0190p.m-1536x736.jpg 1536w, https:\/\/www.zunoticia.com\/noticias-de-hidalgo\/wp-content\/uploads\/2025\/09\/eZy-Watermark_29-09-2025_07-48-49-0190p.m-1568x751.jpg 1568w, https:\/\/www.zunoticia.com\/noticias-de-hidalgo\/wp-content\/uploads\/2025\/09\/eZy-Watermark_29-09-2025_07-48-49-0190p.m.jpg 1588w\" sizes=\"(max-width: 1024px) 100vw, 1024px\" \/><\/figure>\n\n\n\n<p>La casa de estudios en cada edici\u00f3n de este evento busca honrar este alimento sagrado y su importancia cultural y alimentaria, por lo que a\u00f1o con a\u00f1o crece en participaci\u00f3n y afluencia.<\/p>\n\n\n\n<figure class=\"wp-block-image size-large\"><img decoding=\"async\" width=\"1024\" height=\"454\" src=\"https:\/\/www.zunoticia.com\/noticias-de-hidalgo\/wp-content\/uploads\/2025\/09\/eZy-Watermark_29-09-2025_07-49-15-2830p.m-1024x454.jpg\" alt=\"\" class=\"wp-image-608918\" srcset=\"https:\/\/www.zunoticia.com\/noticias-de-hidalgo\/wp-content\/uploads\/2025\/09\/eZy-Watermark_29-09-2025_07-49-15-2830p.m-1024x454.jpg 1024w, https:\/\/www.zunoticia.com\/noticias-de-hidalgo\/wp-content\/uploads\/2025\/09\/eZy-Watermark_29-09-2025_07-49-15-2830p.m-300x133.jpg 300w, https:\/\/www.zunoticia.com\/noticias-de-hidalgo\/wp-content\/uploads\/2025\/09\/eZy-Watermark_29-09-2025_07-49-15-2830p.m-768x341.jpg 768w, https:\/\/www.zunoticia.com\/noticias-de-hidalgo\/wp-content\/uploads\/2025\/09\/eZy-Watermark_29-09-2025_07-49-15-2830p.m-1536x682.jpg 1536w, https:\/\/www.zunoticia.com\/noticias-de-hidalgo\/wp-content\/uploads\/2025\/09\/eZy-Watermark_29-09-2025_07-49-15-2830p.m-1568x696.jpg 1568w, https:\/\/www.zunoticia.com\/noticias-de-hidalgo\/wp-content\/uploads\/2025\/09\/eZy-Watermark_29-09-2025_07-49-15-2830p.m.jpg 1600w\" sizes=\"(max-width: 1024px) 100vw, 1024px\" \/><\/figure>\n","protected":false},"excerpt":{"rendered":"<p>Por Gabriela Hern\u00e1ndez\/Zunoticia Huejutla, Hgo.- El Instituto Tecnol\u00f3gico de Huejutla llev\u00f3 a cabo, la ma\u00f1ana de este lunes 29 de septiembre, la Feria del Ma\u00edz y la Milpa, en conmemoraci\u00f3n del D\u00eda Nacional del Ma\u00edz, donde se le rinde tributo al alimento fundamental en la dieta diaria de los mexicanos, con el objeto de enaltecer&hellip; <a class=\"more-link\" href=\"https:\/\/www.zunoticia.com\/noticias-de-hidalgo\/2025\/09\/29\/tecnologico-de-huejutla-realiza-feria-del-maiz-y-milpa\/\">Seguir leyendo <span class=\"screen-reader-text\">Tecnol\u00f3gico de Huejutla realiza Feria del Ma\u00edz y Milpa<\/span><\/a><\/p>\n","protected":false},"author":12,"featured_media":608916,"comment_status":"open","ping_status":"open","sticky":false,"template":"","format":"standard","meta":{"rop_custom_images_group":[],"rop_custom_messages_group":[],"rop_publish_now":"initial","rop_publish_now_accounts":{"facebook_10159540855086992_322828327761733":""},"rop_publish_now_history":[],"rop_publish_now_status":"pending","footnotes":""},"categories":[181],"tags":[121],"class_list":["post-608928","post","type-post","status-publish","format-standard","has-post-thumbnail","hentry","category-huejutla","tag-huejutla","entry"],"_links":{"self":[{"href":"https:\/\/www.zunoticia.com\/noticias-de-hidalgo\/wp-json\/wp\/v2\/posts\/608928","targetHints":{"allow":["GET"]}}],"collection":[{"href":"https:\/\/www.zunoticia.com\/noticias-de-hidalgo\/wp-json\/wp\/v2\/posts"}],"about":[{"href":"https:\/\/www.zunoticia.com\/noticias-de-hidalgo\/wp-json\/wp\/v2\/types\/post"}],"author":[{"embeddable":true,"href":"https:\/\/www.zunoticia.com\/noticias-de-hidalgo\/wp-json\/wp\/v2\/users\/12"}],"replies":[{"embeddable":true,"href":"https:\/\/www.zunoticia.com\/noticias-de-hidalgo\/wp-json\/wp\/v2\/comments?post=608928"}],"version-history":[{"count":1,"href":"https:\/\/www.zunoticia.com\/noticias-de-hidalgo\/wp-json\/wp\/v2\/posts\/608928\/revisions"}],"predecessor-version":[{"id":608929,"href":"https:\/\/www.zunoticia.com\/noticias-de-hidalgo\/wp-json\/wp\/v2\/posts\/608928\/revisions\/608929"}],"wp:featuredmedia":[{"embeddable":true,"href":"https:\/\/www.zunoticia.com\/noticias-de-hidalgo\/wp-json\/wp\/v2\/media\/608916"}],"wp:attachment":[{"href":"https:\/\/www.zunoticia.com\/noticias-de-hidalgo\/wp-json\/wp\/v2\/media?parent=608928"}],"wp:term":[{"taxonomy":"category","embeddable":true,"href":"https:\/\/www.zunoticia.com\/noticias-de-hidalgo\/wp-json\/wp\/v2\/categories?post=608928"},{"taxonomy":"post_tag","embeddable":true,"href":"https:\/\/www.zunoticia.com\/noticias-de-hidalgo\/wp-json\/wp\/v2\/tags?post=608928"}],"curies":[{"name":"wp","href":"https:\/\/api.w.org\/{rel}","templated":true}]}}