{"id":609171,"date":"2025-10-01T14:46:18","date_gmt":"2025-10-01T20:46:18","guid":{"rendered":"https:\/\/www.zunoticia.com\/noticias-de-hidalgo\/?p=609171"},"modified":"2025-10-01T14:46:19","modified_gmt":"2025-10-01T20:46:19","slug":"herido-en-choque-de-camioneta-con-moto","status":"publish","type":"post","link":"https:\/\/www.zunoticia.com\/noticias-de-hidalgo\/2025\/10\/01\/herido-en-choque-de-camioneta-con-moto\/","title":{"rendered":"Herido en choque de camioneta con moto"},"content":{"rendered":"<aside class=\"mashsb-container mashsb-main mashsb-stretched\"><div class=\"mashsb-box\"><div class=\"mashsb-count mash-large\" style=\"float:left\"><div class=\"counts mashsbcount\">0<\/div><span class=\"mashsb-sharetext\">SHARES<\/span><\/div><div class=\"mashsb-buttons\"><a class=\"mashicon-facebook mash-large mash-center mashsb-noshadow\" href=\"https:\/\/www.facebook.com\/sharer.php?u=https%3A%2F%2Fwww.zunoticia.com%2Fnoticias-de-hidalgo%2F2025%2F10%2F01%2Fherido-en-choque-de-camioneta-con-moto%2F\" target=\"_top\" rel=\"nofollow\"><span class=\"icon\"><\/span><span class=\"text\">Share<\/span><\/a><a class=\"mashicon-twitter mash-large mash-center mashsb-noshadow\" href=\"https:\/\/twitter.com\/intent\/tweet?text=&amp;url=https:\/\/www.zunoticia.com\/noticias-de-hidalgo\/2025\/10\/01\/herido-en-choque-de-camioneta-con-moto\/\" target=\"_top\" rel=\"nofollow\"><span class=\"icon\"><\/span><span class=\"text\">Tweet<\/span><\/a><div class=\"onoffswitch2 mash-large mashsb-noshadow\" style=\"display:none\"><\/div><\/div>\n            <\/div>\n                <div style=\"clear:both\"><\/div><div class=\"mashsb-toggle-container\"><\/div><\/aside>\n            <!-- Share buttons by mashshare.net - Version: 4.0.47-->\n<p><em>Por Roberto Ram\u00edrez \/Zunoticia<\/em><\/p>\n\n\n\n<p><strong>Huejutla, Hgo<\/strong>. &#8211; Un motociclista se impact\u00f3 con una camioneta, cuya conductora presuntamente le cerr\u00f3 el paso al dar la vuelta en &#8220;U&#8221;, dejando al conductor de la unidad de dos ruedas con lesiones y tendido en el pavimento, automovilistas alertaron a los servicios de emergencia.<\/p>\n\n\n\n<p>El accidente ocurri\u00f3 este sobre el bulevar Adolfo L\u00f3pez Mateos a la altura de Jarritos, el motociclista quien result\u00f3 ser un alumno del CECyTEH Huejutla, se desplazaba en esa zona y le cerr\u00f3 el paso una camioneta. Param\u00e9dicos de la Cruz Roja de inmediato arribaron al lugar para brindar los primeros auxilios al herido.<\/p>\n\n\n\n<p>Al lugar se concentraron polic\u00edas de La Secretar\u00eda de Seguridad P\u00fablica Estatal para deslindar responsabilidades de este choque, en donde la conductora de la camioneta fue requerida como parte del deslinde de responsabilidades.<\/p>\n\n\n\n<p><\/p>\n","protected":false},"excerpt":{"rendered":"<p>Por Roberto Ram\u00edrez \/Zunoticia Huejutla, Hgo. &#8211; Un motociclista se impact\u00f3 con una camioneta, cuya conductora presuntamente le cerr\u00f3 el paso al dar la vuelta en &#8220;U&#8221;, dejando al conductor de la unidad de dos ruedas con lesiones y tendido en el pavimento, automovilistas alertaron a los servicios de emergencia. El accidente ocurri\u00f3 este sobre&hellip; <a class=\"more-link\" href=\"https:\/\/www.zunoticia.com\/noticias-de-hidalgo\/2025\/10\/01\/herido-en-choque-de-camioneta-con-moto\/\">Seguir leyendo <span class=\"screen-reader-text\">Herido en choque de camioneta con moto<\/span><\/a><\/p>\n","protected":false},"author":20,"featured_media":609172,"comment_status":"open","ping_status":"open","sticky":false,"template":"","format":"standard","meta":{"rop_custom_images_group":[],"rop_custom_messages_group":[],"rop_publish_now":"initial","rop_publish_now_accounts":{"facebook_10159540855086992_322828327761733":""},"rop_publish_now_history":[],"rop_publish_now_status":"pending","footnotes":""},"categories":[178],"tags":[259],"class_list":["post-609171","post","type-post","status-publish","format-standard","has-post-thumbnail","hentry","category-policiaca","tag-policiaca","entry"],"_links":{"self":[{"href":"https:\/\/www.zunoticia.com\/noticias-de-hidalgo\/wp-json\/wp\/v2\/posts\/609171","targetHints":{"allow":["GET"]}}],"collection":[{"href":"https:\/\/www.zunoticia.com\/noticias-de-hidalgo\/wp-json\/wp\/v2\/posts"}],"about":[{"href":"https:\/\/www.zunoticia.com\/noticias-de-hidalgo\/wp-json\/wp\/v2\/types\/post"}],"author":[{"embeddable":true,"href":"https:\/\/www.zunoticia.com\/noticias-de-hidalgo\/wp-json\/wp\/v2\/users\/20"}],"replies":[{"embeddable":true,"href":"https:\/\/www.zunoticia.com\/noticias-de-hidalgo\/wp-json\/wp\/v2\/comments?post=609171"}],"version-history":[{"count":1,"href":"https:\/\/www.zunoticia.com\/noticias-de-hidalgo\/wp-json\/wp\/v2\/posts\/609171\/revisions"}],"predecessor-version":[{"id":609173,"href":"https:\/\/www.zunoticia.com\/noticias-de-hidalgo\/wp-json\/wp\/v2\/posts\/609171\/revisions\/609173"}],"wp:featuredmedia":[{"embeddable":true,"href":"https:\/\/www.zunoticia.com\/noticias-de-hidalgo\/wp-json\/wp\/v2\/media\/609172"}],"wp:attachment":[{"href":"https:\/\/www.zunoticia.com\/noticias-de-hidalgo\/wp-json\/wp\/v2\/media?parent=609171"}],"wp:term":[{"taxonomy":"category","embeddable":true,"href":"https:\/\/www.zunoticia.com\/noticias-de-hidalgo\/wp-json\/wp\/v2\/categories?post=609171"},{"taxonomy":"post_tag","embeddable":true,"href":"https:\/\/www.zunoticia.com\/noticias-de-hidalgo\/wp-json\/wp\/v2\/tags?post=609171"}],"curies":[{"name":"wp","href":"https:\/\/api.w.org\/{rel}","templated":true}]}}