{"id":609174,"date":"2025-10-01T14:55:17","date_gmt":"2025-10-01T20:55:17","guid":{"rendered":"https:\/\/www.zunoticia.com\/noticias-de-hidalgo\/?p=609174"},"modified":"2025-10-01T14:55:18","modified_gmt":"2025-10-01T20:55:18","slug":"chocan-camioneta-con-automovil","status":"publish","type":"post","link":"https:\/\/www.zunoticia.com\/noticias-de-hidalgo\/2025\/10\/01\/chocan-camioneta-con-automovil\/","title":{"rendered":"Chocan camioneta con autom\u00f3vil"},"content":{"rendered":"<aside class=\"mashsb-container mashsb-main mashsb-stretched\"><div class=\"mashsb-box\"><div class=\"mashsb-count mash-large\" style=\"float:left\"><div class=\"counts mashsbcount\">0<\/div><span class=\"mashsb-sharetext\">SHARES<\/span><\/div><div class=\"mashsb-buttons\"><a class=\"mashicon-facebook mash-large mash-center mashsb-noshadow\" href=\"https:\/\/www.facebook.com\/sharer.php?u=https%3A%2F%2Fwww.zunoticia.com%2Fnoticias-de-hidalgo%2F2025%2F10%2F01%2Fchocan-camioneta-con-automovil%2F\" target=\"_top\" rel=\"nofollow\"><span class=\"icon\"><\/span><span class=\"text\">Share<\/span><\/a><a class=\"mashicon-twitter mash-large mash-center mashsb-noshadow\" href=\"https:\/\/twitter.com\/intent\/tweet?text=&amp;url=https:\/\/www.zunoticia.com\/noticias-de-hidalgo\/2025\/10\/01\/chocan-camioneta-con-automovil\/\" target=\"_top\" rel=\"nofollow\"><span class=\"icon\"><\/span><span class=\"text\">Tweet<\/span><\/a><div class=\"onoffswitch2 mash-large mashsb-noshadow\" style=\"display:none\"><\/div><\/div>\n            <\/div>\n                <div style=\"clear:both\"><\/div><div class=\"mashsb-toggle-container\"><\/div><\/aside>\n            <!-- Share buttons by mashshare.net - Version: 4.0.47-->\n<p><em>Por Roberto Ram\u00edrez \/Zunoticia<\/em><\/p>\n\n\n\n<p><strong>Calnali, Hgo.<\/strong> &#8211; Da\u00f1os materiales y leves lesiones fue el saldo del choque entre un autom\u00f3vil y una camioneta sobre la v\u00eda estatal Calnali-Atempa, elementos de Protecci\u00f3n Civil Municipal y polic\u00edas acudieron al accidente para auxiliar a los involucrados.<\/p>\n\n\n\n<p>Seg\u00fan el reporte de la autoridad, el percance se registr\u00f3 en una curva donde el conductor de un autom\u00f3vil Nissan, Tiida, color gris, perdi\u00f3 el control del volante y se impact\u00f3 con una camioneta, color rojo.<\/p>\n\n\n\n<p>De los hechos tomaron parte agentes de la Polic\u00eda y Tr\u00e1nsito Municipal, quienes realizaron las diligencias correspondientes para determinar las responsabilidades de los involucrados. Mientras que Protecci\u00f3n Civil Municipal auxilio a los conductores.<\/p>\n\n\n\n<figure class=\"wp-block-gallery has-nested-images columns-default is-cropped wp-block-gallery-1 is-layout-flex wp-block-gallery-is-layout-flex\">\n<figure class=\"wp-block-image size-large\"><img fetchpriority=\"high\" decoding=\"async\" width=\"1024\" height=\"812\" data-id=\"609177\" src=\"https:\/\/www.zunoticia.com\/noticias-de-hidalgo\/wp-content\/uploads\/2025\/10\/POLICIACA-TRES-3-1024x812.jpeg\" alt=\"\" class=\"wp-image-609177\" srcset=\"https:\/\/www.zunoticia.com\/noticias-de-hidalgo\/wp-content\/uploads\/2025\/10\/POLICIACA-TRES-3-1024x812.jpeg 1024w, https:\/\/www.zunoticia.com\/noticias-de-hidalgo\/wp-content\/uploads\/2025\/10\/POLICIACA-TRES-3-300x238.jpeg 300w, https:\/\/www.zunoticia.com\/noticias-de-hidalgo\/wp-content\/uploads\/2025\/10\/POLICIACA-TRES-3-768x609.jpeg 768w, https:\/\/www.zunoticia.com\/noticias-de-hidalgo\/wp-content\/uploads\/2025\/10\/POLICIACA-TRES-3.jpeg 1200w\" sizes=\"(max-width: 1024px) 100vw, 1024px\" \/><\/figure>\n\n\n\n<figure class=\"wp-block-image size-large\"><img decoding=\"async\" width=\"720\" height=\"580\" data-id=\"609176\" src=\"https:\/\/www.zunoticia.com\/noticias-de-hidalgo\/wp-content\/uploads\/2025\/10\/POLICIACA-TRES-1.jpeg\" alt=\"\" class=\"wp-image-609176\" srcset=\"https:\/\/www.zunoticia.com\/noticias-de-hidalgo\/wp-content\/uploads\/2025\/10\/POLICIACA-TRES-1.jpeg 720w, https:\/\/www.zunoticia.com\/noticias-de-hidalgo\/wp-content\/uploads\/2025\/10\/POLICIACA-TRES-1-300x242.jpeg 300w\" sizes=\"(max-width: 720px) 100vw, 720px\" \/><\/figure>\n<\/figure>\n","protected":false},"excerpt":{"rendered":"<p>Por Roberto Ram\u00edrez \/Zunoticia Calnali, Hgo. &#8211; Da\u00f1os materiales y leves lesiones fue el saldo del choque entre un autom\u00f3vil y una camioneta sobre la v\u00eda estatal Calnali-Atempa, elementos de Protecci\u00f3n Civil Municipal y polic\u00edas acudieron al accidente para auxiliar a los involucrados. Seg\u00fan el reporte de la autoridad, el percance se registr\u00f3 en una&hellip; <a class=\"more-link\" href=\"https:\/\/www.zunoticia.com\/noticias-de-hidalgo\/2025\/10\/01\/chocan-camioneta-con-automovil\/\">Seguir leyendo <span class=\"screen-reader-text\">Chocan camioneta con autom\u00f3vil<\/span><\/a><\/p>\n","protected":false},"author":20,"featured_media":609175,"comment_status":"open","ping_status":"open","sticky":false,"template":"","format":"standard","meta":{"rop_custom_images_group":[],"rop_custom_messages_group":[],"rop_publish_now":"initial","rop_publish_now_accounts":{"facebook_10159540855086992_322828327761733":""},"rop_publish_now_history":[],"rop_publish_now_status":"pending","footnotes":""},"categories":[178],"tags":[259],"class_list":["post-609174","post","type-post","status-publish","format-standard","has-post-thumbnail","hentry","category-policiaca","tag-policiaca","entry"],"_links":{"self":[{"href":"https:\/\/www.zunoticia.com\/noticias-de-hidalgo\/wp-json\/wp\/v2\/posts\/609174","targetHints":{"allow":["GET"]}}],"collection":[{"href":"https:\/\/www.zunoticia.com\/noticias-de-hidalgo\/wp-json\/wp\/v2\/posts"}],"about":[{"href":"https:\/\/www.zunoticia.com\/noticias-de-hidalgo\/wp-json\/wp\/v2\/types\/post"}],"author":[{"embeddable":true,"href":"https:\/\/www.zunoticia.com\/noticias-de-hidalgo\/wp-json\/wp\/v2\/users\/20"}],"replies":[{"embeddable":true,"href":"https:\/\/www.zunoticia.com\/noticias-de-hidalgo\/wp-json\/wp\/v2\/comments?post=609174"}],"version-history":[{"count":1,"href":"https:\/\/www.zunoticia.com\/noticias-de-hidalgo\/wp-json\/wp\/v2\/posts\/609174\/revisions"}],"predecessor-version":[{"id":609178,"href":"https:\/\/www.zunoticia.com\/noticias-de-hidalgo\/wp-json\/wp\/v2\/posts\/609174\/revisions\/609178"}],"wp:featuredmedia":[{"embeddable":true,"href":"https:\/\/www.zunoticia.com\/noticias-de-hidalgo\/wp-json\/wp\/v2\/media\/609175"}],"wp:attachment":[{"href":"https:\/\/www.zunoticia.com\/noticias-de-hidalgo\/wp-json\/wp\/v2\/media?parent=609174"}],"wp:term":[{"taxonomy":"category","embeddable":true,"href":"https:\/\/www.zunoticia.com\/noticias-de-hidalgo\/wp-json\/wp\/v2\/categories?post=609174"},{"taxonomy":"post_tag","embeddable":true,"href":"https:\/\/www.zunoticia.com\/noticias-de-hidalgo\/wp-json\/wp\/v2\/tags?post=609174"}],"curies":[{"name":"wp","href":"https:\/\/api.w.org\/{rel}","templated":true}]}}