{"id":609179,"date":"2025-10-01T15:06:33","date_gmt":"2025-10-01T21:06:33","guid":{"rendered":"https:\/\/www.zunoticia.com\/noticias-de-hidalgo\/?p=609179"},"modified":"2025-10-01T15:06:35","modified_gmt":"2025-10-01T21:06:35","slug":"realizaran-jornada-de-incorporacion-y-certificacion-a-personas-que-no-han-terminado-sus-estudios","status":"publish","type":"post","link":"https:\/\/www.zunoticia.com\/noticias-de-hidalgo\/2025\/10\/01\/realizaran-jornada-de-incorporacion-y-certificacion-a-personas-que-no-han-terminado-sus-estudios\/","title":{"rendered":"Realizar\u00e1n Jornada de Incorporaci\u00f3n y Certificaci\u00f3n a personas que no han terminado sus estudios"},"content":{"rendered":"<aside class=\"mashsb-container mashsb-main mashsb-stretched\"><div class=\"mashsb-box\"><div class=\"mashsb-count mash-large\" style=\"float:left\"><div class=\"counts mashsbcount\">0<\/div><span class=\"mashsb-sharetext\">SHARES<\/span><\/div><div class=\"mashsb-buttons\"><a class=\"mashicon-facebook mash-large mash-center mashsb-noshadow\" href=\"https:\/\/www.facebook.com\/sharer.php?u=https%3A%2F%2Fwww.zunoticia.com%2Fnoticias-de-hidalgo%2F2025%2F10%2F01%2Frealizaran-jornada-de-incorporacion-y-certificacion-a-personas-que-no-han-terminado-sus-estudios%2F\" target=\"_top\" rel=\"nofollow\"><span class=\"icon\"><\/span><span class=\"text\">Share<\/span><\/a><a class=\"mashicon-twitter mash-large mash-center mashsb-noshadow\" href=\"https:\/\/twitter.com\/intent\/tweet?text=&amp;url=https:\/\/www.zunoticia.com\/noticias-de-hidalgo\/2025\/10\/01\/realizaran-jornada-de-incorporacion-y-certificacion-a-personas-que-no-han-terminado-sus-estudios\/\" target=\"_top\" rel=\"nofollow\"><span class=\"icon\"><\/span><span class=\"text\">Tweet<\/span><\/a><div class=\"onoffswitch2 mash-large mashsb-noshadow\" style=\"display:none\"><\/div><\/div>\n            <\/div>\n                <div style=\"clear:both\"><\/div><div class=\"mashsb-toggle-container\"><\/div><\/aside>\n            <!-- Share buttons by mashshare.net - Version: 4.0.47-->\n<p><em>Por Enedino Hern\u00e1ndez Alonso\/Zunoticia<\/em><\/p>\n\n\n\n<p><strong>Huejutla, Hgo<\/strong>.- Como parte de las acciones enfocadas en fortalecer el proceso de alfabetizaci\u00f3n y de educaci\u00f3n de los adultos, el Instituto Hidalguense de Educaci\u00f3n para Adultos (IHEA), llevar\u00e1 a cabo del 3 al 5 de octubre la Segunda Jornada Estatal de Incorporaci\u00f3n y Certificaci\u00f3n a las personas que no han terminado la Primaria y Secundaria.<\/p>\n\n\n\n<p>El coordinador regional de la zona 1310 del IHEA en Huejutla, Alberto Bautista Hern\u00e1ndez, se\u00f1al\u00f3 que, es importante la Incorporaci\u00f3n y Certificaci\u00f3n de los adultos en esta Segunda Jornada de Incorporaci\u00f3n con la cual se habr\u00e1 de fortalecer la certificaci\u00f3n de quienes por alguna situaci\u00f3n no han concluido con la instrucci\u00f3n Primaria y Secundaria.<\/p>\n\n\n\n<p>Explic\u00f3 que, con la Incorporaci\u00f3n y Certificaci\u00f3n correspondiente se esperan mejores oportunidades laborales y econ\u00f3micas para los adultos a quienes se les pide que participen.<\/p>\n\n\n\n<p>Asimismo, dijo que, cada uno de sus compa\u00f1eros que trabajan en el IHEA tienen una meta de poder captar de 10 a 20 personas, para que en un solo examen proceder a la Certificaci\u00f3n correspondiente.<\/p>\n\n\n\n<p>Confirm\u00f3 que, se pretende recorrer casa por casa, principalmente las comunidades m\u00e1s grandes de esta zona para verificar el grado de educaci\u00f3n de los adultos y quienes as\u00ed lo requieran, integrarlos en esta Segunda Jornada de Incorporaci\u00f3n y Certificaci\u00f3n del nivel Primaria y Secundaria que se aplica los d\u00edas 3 al 5 de octubre.<\/p>\n","protected":false},"excerpt":{"rendered":"<p>Por Enedino Hern\u00e1ndez Alonso\/Zunoticia Huejutla, Hgo.- Como parte de las acciones enfocadas en fortalecer el proceso de alfabetizaci\u00f3n y de educaci\u00f3n de los adultos, el Instituto Hidalguense de Educaci\u00f3n para Adultos (IHEA), llevar\u00e1 a cabo del 3 al 5 de octubre la Segunda Jornada Estatal de Incorporaci\u00f3n y Certificaci\u00f3n a las personas que no han&hellip; <a class=\"more-link\" href=\"https:\/\/www.zunoticia.com\/noticias-de-hidalgo\/2025\/10\/01\/realizaran-jornada-de-incorporacion-y-certificacion-a-personas-que-no-han-terminado-sus-estudios\/\">Seguir leyendo <span class=\"screen-reader-text\">Realizar\u00e1n Jornada de Incorporaci\u00f3n y Certificaci\u00f3n a personas que no han terminado sus estudios<\/span><\/a><\/p>\n","protected":false},"author":20,"featured_media":609180,"comment_status":"open","ping_status":"open","sticky":false,"template":"","format":"standard","meta":{"rop_custom_images_group":[],"rop_custom_messages_group":[],"rop_publish_now":"initial","rop_publish_now_accounts":{"facebook_10159540855086992_322828327761733":""},"rop_publish_now_history":[],"rop_publish_now_status":"pending","footnotes":""},"categories":[181],"tags":[121],"class_list":["post-609179","post","type-post","status-publish","format-standard","has-post-thumbnail","hentry","category-huejutla","tag-huejutla","entry"],"_links":{"self":[{"href":"https:\/\/www.zunoticia.com\/noticias-de-hidalgo\/wp-json\/wp\/v2\/posts\/609179","targetHints":{"allow":["GET"]}}],"collection":[{"href":"https:\/\/www.zunoticia.com\/noticias-de-hidalgo\/wp-json\/wp\/v2\/posts"}],"about":[{"href":"https:\/\/www.zunoticia.com\/noticias-de-hidalgo\/wp-json\/wp\/v2\/types\/post"}],"author":[{"embeddable":true,"href":"https:\/\/www.zunoticia.com\/noticias-de-hidalgo\/wp-json\/wp\/v2\/users\/20"}],"replies":[{"embeddable":true,"href":"https:\/\/www.zunoticia.com\/noticias-de-hidalgo\/wp-json\/wp\/v2\/comments?post=609179"}],"version-history":[{"count":1,"href":"https:\/\/www.zunoticia.com\/noticias-de-hidalgo\/wp-json\/wp\/v2\/posts\/609179\/revisions"}],"predecessor-version":[{"id":609181,"href":"https:\/\/www.zunoticia.com\/noticias-de-hidalgo\/wp-json\/wp\/v2\/posts\/609179\/revisions\/609181"}],"wp:featuredmedia":[{"embeddable":true,"href":"https:\/\/www.zunoticia.com\/noticias-de-hidalgo\/wp-json\/wp\/v2\/media\/609180"}],"wp:attachment":[{"href":"https:\/\/www.zunoticia.com\/noticias-de-hidalgo\/wp-json\/wp\/v2\/media?parent=609179"}],"wp:term":[{"taxonomy":"category","embeddable":true,"href":"https:\/\/www.zunoticia.com\/noticias-de-hidalgo\/wp-json\/wp\/v2\/categories?post=609179"},{"taxonomy":"post_tag","embeddable":true,"href":"https:\/\/www.zunoticia.com\/noticias-de-hidalgo\/wp-json\/wp\/v2\/tags?post=609179"}],"curies":[{"name":"wp","href":"https:\/\/api.w.org\/{rel}","templated":true}]}}