{"id":609202,"date":"2025-10-01T16:51:30","date_gmt":"2025-10-01T22:51:30","guid":{"rendered":"https:\/\/www.zunoticia.com\/noticias-de-hidalgo\/?p=609202"},"modified":"2025-10-01T16:51:31","modified_gmt":"2025-10-01T22:51:31","slug":"gabinete-de-seguridad-coordina-traslado-aereo-para-reparar-bomba-en-el-ushi","status":"publish","type":"post","link":"https:\/\/www.zunoticia.com\/noticias-de-hidalgo\/2025\/10\/01\/gabinete-de-seguridad-coordina-traslado-aereo-para-reparar-bomba-en-el-ushi\/","title":{"rendered":"Gabinete de seguridad coordina traslado a\u00e9reo\u00a0para reparar bomba en El Ushi"},"content":{"rendered":"<aside class=\"mashsb-container mashsb-main mashsb-stretched\"><div class=\"mashsb-box\"><div class=\"mashsb-count mash-large\" style=\"float:left\"><div class=\"counts mashsbcount\">0<\/div><span class=\"mashsb-sharetext\">SHARES<\/span><\/div><div class=\"mashsb-buttons\"><a class=\"mashicon-facebook mash-large mash-center mashsb-noshadow\" href=\"https:\/\/www.facebook.com\/sharer.php?u=https%3A%2F%2Fwww.zunoticia.com%2Fnoticias-de-hidalgo%2F2025%2F10%2F01%2Fgabinete-de-seguridad-coordina-traslado-aereo-para-reparar-bomba-en-el-ushi%2F\" target=\"_top\" rel=\"nofollow\"><span class=\"icon\"><\/span><span class=\"text\">Share<\/span><\/a><a class=\"mashicon-twitter mash-large mash-center mashsb-noshadow\" href=\"https:\/\/twitter.com\/intent\/tweet?text=&amp;url=https:\/\/www.zunoticia.com\/noticias-de-hidalgo\/2025\/10\/01\/gabinete-de-seguridad-coordina-traslado-aereo-para-reparar-bomba-en-el-ushi\/\" target=\"_top\" rel=\"nofollow\"><span class=\"icon\"><\/span><span class=\"text\">Tweet<\/span><\/a><div class=\"onoffswitch2 mash-large mashsb-noshadow\" style=\"display:none\"><\/div><\/div>\n            <\/div>\n                <div style=\"clear:both\"><\/div><div class=\"mashsb-toggle-container\"><\/div><\/aside>\n            <!-- Share buttons by mashshare.net - Version: 4.0.47-->\n<ul class=\"wp-block-list\">\n<li>Los tres \u00f3rdenes de gobierno suman esfuerzos para garantizar el acceso al agua.<\/li>\n<\/ul>\n\n\n\n<ul class=\"wp-block-list\">\n<li>Se espera reanudar el servicio en m\u00e1s de 13 comunidades<\/li>\n<\/ul>\n\n\n\n<p><em>Por Redacci\u00f3n\/Zunoticia<\/em><\/p>\n\n\n\n<p><strong>Pachuca de Soto, Hgo<\/strong>.- Para restablecer el servicio de abastecimiento de agua potable que afecta a m\u00e1s de 9 mil 500 habitantes de diversas comunidades de Jacala de Ledezma, el gobierno que encabeza el gobernador Julio Menchaca Salazar, a trav\u00e9s de la Secretar\u00eda de Gobierno, en coordinaci\u00f3n con el Gobierno de M\u00e9xico, mediante la Guardia Nacional, realiz\u00f3 una maniobra a\u00e9rea para trasladar un motor de abastecimiento desde la cabecera municipal hasta el manantial El Ushi, ubicado en los l\u00edmites con el municipio de Tlahuiltepa.&nbsp;<\/p>\n\n\n\n<p>As\u00ed lo inform\u00f3 el secretario de Gobierno, Guillermo Olivares Reyna, quien agreg\u00f3 que esta intervenci\u00f3n permitir\u00e1 que el personal operativo de la Comisi\u00f3n de Agua Potable, Alcantarillado y Saneamiento del municipio de Jacala, lleve a cabo las labores necesarias para restablecer el servicio de agua potable.&nbsp;<\/p>\n\n\n\n<p>Subray\u00f3 que estas acciones reflejan el compromiso de los tres \u00f3rdenes de gobierno por atender con prontitud las necesidades del pueblo hidalguense, garantizando el acceso a servicios b\u00e1sicos mediante mecanismos de respuesta coordinada y eficiente.<\/p>\n","protected":false},"excerpt":{"rendered":"<p>Por Redacci\u00f3n\/Zunoticia Pachuca de Soto, Hgo.- Para restablecer el servicio de abastecimiento de agua potable que afecta a m\u00e1s de 9 mil 500 habitantes de diversas comunidades de Jacala de Ledezma, el gobierno que encabeza el gobernador Julio Menchaca Salazar, a trav\u00e9s de la Secretar\u00eda de Gobierno, en coordinaci\u00f3n con el Gobierno de M\u00e9xico, mediante&hellip; <a class=\"more-link\" href=\"https:\/\/www.zunoticia.com\/noticias-de-hidalgo\/2025\/10\/01\/gabinete-de-seguridad-coordina-traslado-aereo-para-reparar-bomba-en-el-ushi\/\">Seguir leyendo <span class=\"screen-reader-text\">Gabinete de seguridad coordina traslado a\u00e9reo\u00a0para reparar bomba en El Ushi<\/span><\/a><\/p>\n","protected":false},"author":20,"featured_media":609203,"comment_status":"open","ping_status":"open","sticky":false,"template":"","format":"standard","meta":{"rop_custom_images_group":[],"rop_custom_messages_group":[],"rop_publish_now":"initial","rop_publish_now_accounts":{"facebook_10159540855086992_322828327761733":""},"rop_publish_now_history":[],"rop_publish_now_status":"pending","footnotes":""},"categories":[208],"tags":[214],"class_list":["post-609202","post","type-post","status-publish","format-standard","has-post-thumbnail","hentry","category-estado","tag-estado","entry"],"_links":{"self":[{"href":"https:\/\/www.zunoticia.com\/noticias-de-hidalgo\/wp-json\/wp\/v2\/posts\/609202","targetHints":{"allow":["GET"]}}],"collection":[{"href":"https:\/\/www.zunoticia.com\/noticias-de-hidalgo\/wp-json\/wp\/v2\/posts"}],"about":[{"href":"https:\/\/www.zunoticia.com\/noticias-de-hidalgo\/wp-json\/wp\/v2\/types\/post"}],"author":[{"embeddable":true,"href":"https:\/\/www.zunoticia.com\/noticias-de-hidalgo\/wp-json\/wp\/v2\/users\/20"}],"replies":[{"embeddable":true,"href":"https:\/\/www.zunoticia.com\/noticias-de-hidalgo\/wp-json\/wp\/v2\/comments?post=609202"}],"version-history":[{"count":1,"href":"https:\/\/www.zunoticia.com\/noticias-de-hidalgo\/wp-json\/wp\/v2\/posts\/609202\/revisions"}],"predecessor-version":[{"id":609204,"href":"https:\/\/www.zunoticia.com\/noticias-de-hidalgo\/wp-json\/wp\/v2\/posts\/609202\/revisions\/609204"}],"wp:featuredmedia":[{"embeddable":true,"href":"https:\/\/www.zunoticia.com\/noticias-de-hidalgo\/wp-json\/wp\/v2\/media\/609203"}],"wp:attachment":[{"href":"https:\/\/www.zunoticia.com\/noticias-de-hidalgo\/wp-json\/wp\/v2\/media?parent=609202"}],"wp:term":[{"taxonomy":"category","embeddable":true,"href":"https:\/\/www.zunoticia.com\/noticias-de-hidalgo\/wp-json\/wp\/v2\/categories?post=609202"},{"taxonomy":"post_tag","embeddable":true,"href":"https:\/\/www.zunoticia.com\/noticias-de-hidalgo\/wp-json\/wp\/v2\/tags?post=609202"}],"curies":[{"name":"wp","href":"https:\/\/api.w.org\/{rel}","templated":true}]}}