{"id":609238,"date":"2025-10-01T18:57:28","date_gmt":"2025-10-02T00:57:28","guid":{"rendered":"https:\/\/www.zunoticia.com\/noticias-de-hidalgo\/?p=609238"},"modified":"2025-10-01T18:57:29","modified_gmt":"2025-10-02T00:57:29","slug":"aun-no-coloca-la-ucla-los-extintores-de-gran-capacidad-prospero-hernandez","status":"publish","type":"post","link":"https:\/\/www.zunoticia.com\/noticias-de-hidalgo\/2025\/10\/01\/aun-no-coloca-la-ucla-los-extintores-de-gran-capacidad-prospero-hernandez\/","title":{"rendered":"A\u00fan no coloca la UCLA los extintores de gran capacidad: Pr\u00f3spero Hern\u00e1ndez"},"content":{"rendered":"<aside class=\"mashsb-container mashsb-main mashsb-stretched\"><div class=\"mashsb-box\"><div class=\"mashsb-count mash-large\" style=\"float:left\"><div class=\"counts mashsbcount\">0<\/div><span class=\"mashsb-sharetext\">SHARES<\/span><\/div><div class=\"mashsb-buttons\"><a class=\"mashicon-facebook mash-large mash-center mashsb-noshadow\" href=\"https:\/\/www.facebook.com\/sharer.php?u=https%3A%2F%2Fwww.zunoticia.com%2Fnoticias-de-hidalgo%2F2025%2F10%2F01%2Faun-no-coloca-la-ucla-los-extintores-de-gran-capacidad-prospero-hernandez%2F\" target=\"_top\" rel=\"nofollow\"><span class=\"icon\"><\/span><span class=\"text\">Share<\/span><\/a><a class=\"mashicon-twitter mash-large mash-center mashsb-noshadow\" href=\"https:\/\/twitter.com\/intent\/tweet?text=&amp;url=https:\/\/www.zunoticia.com\/noticias-de-hidalgo\/2025\/10\/01\/aun-no-coloca-la-ucla-los-extintores-de-gran-capacidad-prospero-hernandez\/\" target=\"_top\" rel=\"nofollow\"><span class=\"icon\"><\/span><span class=\"text\">Tweet<\/span><\/a><div class=\"onoffswitch2 mash-large mashsb-noshadow\" style=\"display:none\"><\/div><\/div>\n            <\/div>\n                <div style=\"clear:both\"><\/div><div class=\"mashsb-toggle-container\"><\/div><\/aside>\n            <!-- Share buttons by mashshare.net - Version: 4.0.47-->\n<p><em>Por Salvador Altamirano\/Zunoticia<\/em><\/p>\n\n\n\n<p><strong>Huejutla, Hgo<\/strong>.- Pr\u00f3spero Hern\u00e1ndez Hern\u00e1ndez, locatario del Mercado municipal, manifest\u00f3 que a m\u00e1s de una semana que la dirigencia de la Uni\u00f3n de Comerciantes Locatarios y Ambulantes (UCLA), anunci\u00f3 a trav\u00e9s de medios de comunicaci\u00f3n la colocaci\u00f3n de extintores de gran capacidad, a\u00fan no los ubican.<\/p>\n\n\n\n<p>Advirti\u00f3 que, de colocarlos en algunos sitios de nada servir\u00eda, ya que quienes sean los responsables de activarlos deben de estar capacitados y pagados, y la dirigencia no suelta el dinero que deber\u00eda de ser para emplearlo en esas medidas de protecci\u00f3n m\u00e1s que necesarias.<\/p>\n\n\n\n<p>Enfatiz\u00f3 estar seguro que en caso de requerirse a quien se capacite en el manejo, no va a operar el aparato, \u201csi ve que todos corren tambi\u00e9n lo va hacer, el miedo es contagioso, no creo que exponga la vida de gratis por los dem\u00e1s\u201d.<\/p>\n\n\n\n<p>Por tal motivo, opin\u00f3 que, sin duda ser\u00eda m\u00e1s efectivo que la dirigencia de la UCLA le proporcionar\u00e1 a cada locatario el n\u00famero telef\u00f3nico del H. Cuerpo de Bomberos, para en caso de necesidad, solicitar su presencia.<\/p>\n\n\n\n<p>Para finalizar, Pr\u00f3spero Hern\u00e1ndez Hern\u00e1ndez fue m\u00e1s all\u00e1 al expresar que, de lo que en realidad se deber\u00edan de preocupar es en rehabilitar el sistema de cableado interno el\u00e9ctrico, que es la mecha de una bomba de tiempo -advirti\u00f3-, por lo arcaico, an\u00e1rquico y gran cantidad de &#8220;diablitos&#8221; por doquier.<\/p>\n","protected":false},"excerpt":{"rendered":"<p>Por Salvador Altamirano\/Zunoticia Huejutla, Hgo.- Pr\u00f3spero Hern\u00e1ndez Hern\u00e1ndez, locatario del Mercado municipal, manifest\u00f3 que a m\u00e1s de una semana que la dirigencia de la Uni\u00f3n de Comerciantes Locatarios y Ambulantes (UCLA), anunci\u00f3 a trav\u00e9s de medios de comunicaci\u00f3n la colocaci\u00f3n de extintores de gran capacidad, a\u00fan no los ubican. Advirti\u00f3 que, de colocarlos en algunos&hellip; <a class=\"more-link\" href=\"https:\/\/www.zunoticia.com\/noticias-de-hidalgo\/2025\/10\/01\/aun-no-coloca-la-ucla-los-extintores-de-gran-capacidad-prospero-hernandez\/\">Seguir leyendo <span class=\"screen-reader-text\">A\u00fan no coloca la UCLA los extintores de gran capacidad: Pr\u00f3spero Hern\u00e1ndez<\/span><\/a><\/p>\n","protected":false},"author":20,"featured_media":609239,"comment_status":"open","ping_status":"open","sticky":false,"template":"","format":"standard","meta":{"rop_custom_images_group":[],"rop_custom_messages_group":[],"rop_publish_now":"initial","rop_publish_now_accounts":{"facebook_10159540855086992_322828327761733":""},"rop_publish_now_history":[],"rop_publish_now_status":"pending","footnotes":""},"categories":[181],"tags":[121],"class_list":["post-609238","post","type-post","status-publish","format-standard","has-post-thumbnail","hentry","category-huejutla","tag-huejutla","entry"],"_links":{"self":[{"href":"https:\/\/www.zunoticia.com\/noticias-de-hidalgo\/wp-json\/wp\/v2\/posts\/609238","targetHints":{"allow":["GET"]}}],"collection":[{"href":"https:\/\/www.zunoticia.com\/noticias-de-hidalgo\/wp-json\/wp\/v2\/posts"}],"about":[{"href":"https:\/\/www.zunoticia.com\/noticias-de-hidalgo\/wp-json\/wp\/v2\/types\/post"}],"author":[{"embeddable":true,"href":"https:\/\/www.zunoticia.com\/noticias-de-hidalgo\/wp-json\/wp\/v2\/users\/20"}],"replies":[{"embeddable":true,"href":"https:\/\/www.zunoticia.com\/noticias-de-hidalgo\/wp-json\/wp\/v2\/comments?post=609238"}],"version-history":[{"count":1,"href":"https:\/\/www.zunoticia.com\/noticias-de-hidalgo\/wp-json\/wp\/v2\/posts\/609238\/revisions"}],"predecessor-version":[{"id":609240,"href":"https:\/\/www.zunoticia.com\/noticias-de-hidalgo\/wp-json\/wp\/v2\/posts\/609238\/revisions\/609240"}],"wp:featuredmedia":[{"embeddable":true,"href":"https:\/\/www.zunoticia.com\/noticias-de-hidalgo\/wp-json\/wp\/v2\/media\/609239"}],"wp:attachment":[{"href":"https:\/\/www.zunoticia.com\/noticias-de-hidalgo\/wp-json\/wp\/v2\/media?parent=609238"}],"wp:term":[{"taxonomy":"category","embeddable":true,"href":"https:\/\/www.zunoticia.com\/noticias-de-hidalgo\/wp-json\/wp\/v2\/categories?post=609238"},{"taxonomy":"post_tag","embeddable":true,"href":"https:\/\/www.zunoticia.com\/noticias-de-hidalgo\/wp-json\/wp\/v2\/tags?post=609238"}],"curies":[{"name":"wp","href":"https:\/\/api.w.org\/{rel}","templated":true}]}}