{"id":609241,"date":"2025-10-01T19:02:57","date_gmt":"2025-10-02T01:02:57","guid":{"rendered":"https:\/\/www.zunoticia.com\/noticias-de-hidalgo\/?p=609241"},"modified":"2025-10-01T19:02:59","modified_gmt":"2025-10-02T01:02:59","slug":"ith-y-ayuntamiento-se-unieron-a-favor-del-medio-ambiente","status":"publish","type":"post","link":"https:\/\/www.zunoticia.com\/noticias-de-hidalgo\/2025\/10\/01\/ith-y-ayuntamiento-se-unieron-a-favor-del-medio-ambiente\/","title":{"rendered":"ITH y Ayuntamiento se unieron a favor del medio ambiente"},"content":{"rendered":"<aside class=\"mashsb-container mashsb-main mashsb-stretched\"><div class=\"mashsb-box\"><div class=\"mashsb-count mash-large\" style=\"float:left\"><div class=\"counts mashsbcount\">0<\/div><span class=\"mashsb-sharetext\">SHARES<\/span><\/div><div class=\"mashsb-buttons\"><a class=\"mashicon-facebook mash-large mash-center mashsb-noshadow\" href=\"https:\/\/www.facebook.com\/sharer.php?u=https%3A%2F%2Fwww.zunoticia.com%2Fnoticias-de-hidalgo%2F2025%2F10%2F01%2Fith-y-ayuntamiento-se-unieron-a-favor-del-medio-ambiente%2F\" target=\"_top\" rel=\"nofollow\"><span class=\"icon\"><\/span><span class=\"text\">Share<\/span><\/a><a class=\"mashicon-twitter mash-large mash-center mashsb-noshadow\" href=\"https:\/\/twitter.com\/intent\/tweet?text=&amp;url=https:\/\/www.zunoticia.com\/noticias-de-hidalgo\/2025\/10\/01\/ith-y-ayuntamiento-se-unieron-a-favor-del-medio-ambiente\/\" target=\"_top\" rel=\"nofollow\"><span class=\"icon\"><\/span><span class=\"text\">Tweet<\/span><\/a><div class=\"onoffswitch2 mash-large mashsb-noshadow\" style=\"display:none\"><\/div><\/div>\n            <\/div>\n                <div style=\"clear:both\"><\/div><div class=\"mashsb-toggle-container\"><\/div><\/aside>\n            <!-- Share buttons by mashshare.net - Version: 4.0.47-->\n<p><em>Por Karen Rivera \/ Zunoticia<\/em><\/p>\n\n\n\n<p><strong>Tlanchinol, Hgo<\/strong>.- En un esfuerzo conjunto para promover la conciencia ecol\u00f3gica y la preservaci\u00f3n del entorno natural, inici\u00f3 una serie de pl\u00e1ticas de educaci\u00f3n ambiental en coordinaci\u00f3n con el Instituto Tecnol\u00f3gico de Huejutla.<\/p>\n\n\n\n<p>A trav\u00e9s del \u00c1rea de Ecolog\u00eda a cargo del Bi\u00f3logo Xavier Guerrero Cordero, se est\u00e1n reforzando los trabajos de concientizaci\u00f3n y acciones a favor del medio ambiente con campa\u00f1as de reforestaci\u00f3n y pl\u00e1ticas en las instituciones educativas.<\/p>\n\n\n\n<p>La primera actividad de esta campa\u00f1a se realiz\u00f3 en la localidad de Jalpa, donde estudiantes y docentes participaron activamente en la charla titulada &#8220;Conociendo las plantas nativas&#8221;, impartida en colaboraci\u00f3n con Gisela Medina Bautista, alumna del noveno semestre de dicha instituci\u00f3n educativa.<\/p>\n\n\n\n<p>El prop\u00f3sito principal de esta sesi\u00f3n fue fomentar entre los j\u00f3venes el conocimiento, la valoraci\u00f3n y el respeto hacia las especies vegetales propias de la regi\u00f3n, destacando su relevancia ecol\u00f3gica, cultural y pr\u00e1ctica en la vida cotidiana.<\/p>\n\n\n\n<p>Durante la jornada, se llevaron a cabo actividades de observaci\u00f3n y exploraci\u00f3n que permitieron a los participantes identificar diversas plantas nativas y comprender su papel fundamental en el equilibrio ambiental.<\/p>\n\n\n\n<p>Esta iniciativa tambi\u00e9n sirvi\u00f3 para reforzar el v\u00ednculo de la comunidad con su entorno natural y generar un sentido de pertenencia y responsabilidad hacia su conservaci\u00f3n.<\/p>\n\n\n\n<p>Por su parte el Bi\u00f3logo dio a conocer que, dentro del vivero cuentan con m\u00e1s de 30 mil plantas maderables, mismas que utilizar\u00e1n para reforestar pr\u00f3ximamente.<\/p>\n\n\n\n<p>Con este tipo de acciones, se buscan sentar las bases para una ciudadan\u00eda m\u00e1s consciente y comprometida con el cuidado del medio ambiente, impulsando desde las aulas un futuro m\u00e1s sustentable para el municipio y sus comunidades.<\/p>\n\n\n\n<figure class=\"wp-block-image size-full\"><img fetchpriority=\"high\" decoding=\"async\" width=\"933\" height=\"524\" src=\"https:\/\/www.zunoticia.com\/noticias-de-hidalgo\/wp-content\/uploads\/2025\/10\/Zunoticia-Huejutla-2-4.png\" alt=\"\" class=\"wp-image-609243\" srcset=\"https:\/\/www.zunoticia.com\/noticias-de-hidalgo\/wp-content\/uploads\/2025\/10\/Zunoticia-Huejutla-2-4.png 933w, https:\/\/www.zunoticia.com\/noticias-de-hidalgo\/wp-content\/uploads\/2025\/10\/Zunoticia-Huejutla-2-4-300x168.png 300w, https:\/\/www.zunoticia.com\/noticias-de-hidalgo\/wp-content\/uploads\/2025\/10\/Zunoticia-Huejutla-2-4-768x431.png 768w\" sizes=\"(max-width: 933px) 100vw, 933px\" \/><\/figure>\n","protected":false},"excerpt":{"rendered":"<p>Por Karen Rivera \/ Zunoticia Tlanchinol, Hgo.- En un esfuerzo conjunto para promover la conciencia ecol\u00f3gica y la preservaci\u00f3n del entorno natural, inici\u00f3 una serie de pl\u00e1ticas de educaci\u00f3n ambiental en coordinaci\u00f3n con el Instituto Tecnol\u00f3gico de Huejutla. A trav\u00e9s del \u00c1rea de Ecolog\u00eda a cargo del Bi\u00f3logo Xavier Guerrero Cordero, se est\u00e1n reforzando los&hellip; <a class=\"more-link\" href=\"https:\/\/www.zunoticia.com\/noticias-de-hidalgo\/2025\/10\/01\/ith-y-ayuntamiento-se-unieron-a-favor-del-medio-ambiente\/\">Seguir leyendo <span class=\"screen-reader-text\">ITH y Ayuntamiento se unieron a favor del medio ambiente<\/span><\/a><\/p>\n","protected":false},"author":20,"featured_media":609242,"comment_status":"open","ping_status":"open","sticky":false,"template":"","format":"standard","meta":{"rop_custom_images_group":[],"rop_custom_messages_group":[],"rop_publish_now":"initial","rop_publish_now_accounts":{"facebook_10159540855086992_322828327761733":""},"rop_publish_now_history":[],"rop_publish_now_status":"pending","footnotes":""},"categories":[219,201],"tags":[346,127],"class_list":["post-609241","post","type-post","status-publish","format-standard","has-post-thumbnail","hentry","category-sierra","category-tlanchinol","tag-sierra","tag-tlanchinol","entry"],"_links":{"self":[{"href":"https:\/\/www.zunoticia.com\/noticias-de-hidalgo\/wp-json\/wp\/v2\/posts\/609241","targetHints":{"allow":["GET"]}}],"collection":[{"href":"https:\/\/www.zunoticia.com\/noticias-de-hidalgo\/wp-json\/wp\/v2\/posts"}],"about":[{"href":"https:\/\/www.zunoticia.com\/noticias-de-hidalgo\/wp-json\/wp\/v2\/types\/post"}],"author":[{"embeddable":true,"href":"https:\/\/www.zunoticia.com\/noticias-de-hidalgo\/wp-json\/wp\/v2\/users\/20"}],"replies":[{"embeddable":true,"href":"https:\/\/www.zunoticia.com\/noticias-de-hidalgo\/wp-json\/wp\/v2\/comments?post=609241"}],"version-history":[{"count":1,"href":"https:\/\/www.zunoticia.com\/noticias-de-hidalgo\/wp-json\/wp\/v2\/posts\/609241\/revisions"}],"predecessor-version":[{"id":609244,"href":"https:\/\/www.zunoticia.com\/noticias-de-hidalgo\/wp-json\/wp\/v2\/posts\/609241\/revisions\/609244"}],"wp:featuredmedia":[{"embeddable":true,"href":"https:\/\/www.zunoticia.com\/noticias-de-hidalgo\/wp-json\/wp\/v2\/media\/609242"}],"wp:attachment":[{"href":"https:\/\/www.zunoticia.com\/noticias-de-hidalgo\/wp-json\/wp\/v2\/media?parent=609241"}],"wp:term":[{"taxonomy":"category","embeddable":true,"href":"https:\/\/www.zunoticia.com\/noticias-de-hidalgo\/wp-json\/wp\/v2\/categories?post=609241"},{"taxonomy":"post_tag","embeddable":true,"href":"https:\/\/www.zunoticia.com\/noticias-de-hidalgo\/wp-json\/wp\/v2\/tags?post=609241"}],"curies":[{"name":"wp","href":"https:\/\/api.w.org\/{rel}","templated":true}]}}