{"id":609254,"date":"2025-10-01T19:47:06","date_gmt":"2025-10-02T01:47:06","guid":{"rendered":"https:\/\/www.zunoticia.com\/noticias-de-hidalgo\/?p=609254"},"modified":"2025-10-01T19:47:07","modified_gmt":"2025-10-02T01:47:07","slug":"conmemora-saderh-dia-internacional-del-cafe-en-huehuetla","status":"publish","type":"post","link":"https:\/\/www.zunoticia.com\/noticias-de-hidalgo\/2025\/10\/01\/conmemora-saderh-dia-internacional-del-cafe-en-huehuetla\/","title":{"rendered":"Conmemora Saderh D\u00eda Internacional del Caf\u00e9\u00a0en Huehuetla"},"content":{"rendered":"<aside class=\"mashsb-container mashsb-main mashsb-stretched\"><div class=\"mashsb-box\"><div class=\"mashsb-count mash-large\" style=\"float:left\"><div class=\"counts mashsbcount\">0<\/div><span class=\"mashsb-sharetext\">SHARES<\/span><\/div><div class=\"mashsb-buttons\"><a class=\"mashicon-facebook mash-large mash-center mashsb-noshadow\" href=\"https:\/\/www.facebook.com\/sharer.php?u=https%3A%2F%2Fwww.zunoticia.com%2Fnoticias-de-hidalgo%2F2025%2F10%2F01%2Fconmemora-saderh-dia-internacional-del-cafe-en-huehuetla%2F\" target=\"_top\" rel=\"nofollow\"><span class=\"icon\"><\/span><span class=\"text\">Share<\/span><\/a><a class=\"mashicon-twitter mash-large mash-center mashsb-noshadow\" href=\"https:\/\/twitter.com\/intent\/tweet?text=&amp;url=https:\/\/www.zunoticia.com\/noticias-de-hidalgo\/2025\/10\/01\/conmemora-saderh-dia-internacional-del-cafe-en-huehuetla\/\" target=\"_top\" rel=\"nofollow\"><span class=\"icon\"><\/span><span class=\"text\">Tweet<\/span><\/a><div class=\"onoffswitch2 mash-large mashsb-noshadow\" style=\"display:none\"><\/div><\/div>\n            <\/div>\n                <div style=\"clear:both\"><\/div><div class=\"mashsb-toggle-container\"><\/div><\/aside>\n            <!-- Share buttons by mashshare.net - Version: 4.0.47-->\n<p><\/p>\n\n\n\n<ul class=\"wp-block-list\">\n<li>Se reconoci\u00f3 el trabajo de las y los cafeticultores de la regi\u00f3n<\/li>\n<\/ul>\n\n\n\n<p><em>Por Redacci\u00f3n\/Zunoticia<\/em><\/p>\n\n\n\n<p><strong>Pachuca de Soto, Hgo<\/strong>.- Con motivo de la celebraci\u00f3n del D\u00eda Internacional del Caf\u00e9, se llev\u00f3 a cabo, en el municipio de Huehuetla, un encuentro de capacitaci\u00f3n y reconocimiento para las y los cafeticultores de la regi\u00f3n Otom\u00ed-Tepehua.<\/p>\n\n\n\n<p>Durante esta jornada, los productores fortalecieron sus conocimientos en temas como manejo de plagas y enfermedades del cultivo del caf\u00e9, procesos de tueste, cataci\u00f3n y barismo, con el objetivo de contribuir a elevar la calidad de este producto emblem\u00e1tico de Hidalgo.<\/p>\n\n\n\n<p>El evento fue encabezado por el Secretario de Agricultura y Desarrollo Rural del Estado, Napole\u00f3n Gonz\u00e1lez P\u00e9rez, acompa\u00f1ado de Yaral\u00e9n Cort\u00e9s Mendoza, presidenta municipal de Huehuetla; Ubaldo Gonz\u00e1lez Vargas, alcalde de San Bartolo Tutotepec; y H\u00e9ctor Alejandro Flores Hern\u00e1ndez, edil de Agua Blanca, as\u00ed como de la diputada federal Alma Lidia de la Vega S\u00e1nchez y la legisladora local Yarabi Gonz\u00e1lez Mart\u00ednez, quienes refrendaron su compromiso de trabajar de manera coordinada con el gobierno del estado en beneficio de las y los cafeticultores.<\/p>\n\n\n\n<figure class=\"wp-block-image size-full\"><img fetchpriority=\"high\" decoding=\"async\" width=\"933\" height=\"524\" src=\"https:\/\/www.zunoticia.com\/noticias-de-hidalgo\/wp-content\/uploads\/2025\/10\/Zunoticia-Huejutla-2-5.png\" alt=\"\" class=\"wp-image-609256\" srcset=\"https:\/\/www.zunoticia.com\/noticias-de-hidalgo\/wp-content\/uploads\/2025\/10\/Zunoticia-Huejutla-2-5.png 933w, https:\/\/www.zunoticia.com\/noticias-de-hidalgo\/wp-content\/uploads\/2025\/10\/Zunoticia-Huejutla-2-5-300x168.png 300w, https:\/\/www.zunoticia.com\/noticias-de-hidalgo\/wp-content\/uploads\/2025\/10\/Zunoticia-Huejutla-2-5-768x431.png 768w\" sizes=\"(max-width: 933px) 100vw, 933px\" \/><\/figure>\n\n\n\n<p>En su mensaje, Napole\u00f3n Gonz\u00e1lez recalc\u00f3 el compromiso del gobernador Julio Menchaca Salazar con el sector cafetalero, destacando el impulso que requieren las y los productores para fortalecer su actividad y consolidar la cafeticultura como motor de desarrollo en la regi\u00f3n.<\/p>\n\n\n\n<p>Como parte de las actividades, se llev\u00f3 a cabo la entrega de reconocimientos a productoras y productores destacados, donde se resalt\u00f3 su trayectoria y la valiosa labor que realizan para fortalecer la cafeticultura en Hidalgo, actividad que representa el sustento de numerosas familias.<\/p>\n\n\n\n<p>La Secretar\u00eda de Agricultura y Desarrollo Rural, alineada a la visi\u00f3n de trabajo del gobernador Julio Menchaca, reafirma su convicci\u00f3n de impulsar acciones que permitan cosechar oportunidades y generar mejores resultados en la producci\u00f3n y comercializaci\u00f3n del caf\u00e9 hidalguense.&nbsp;<\/p>\n","protected":false},"excerpt":{"rendered":"<p>Por Redacci\u00f3n\/Zunoticia Pachuca de Soto, Hgo.- Con motivo de la celebraci\u00f3n del D\u00eda Internacional del Caf\u00e9, se llev\u00f3 a cabo, en el municipio de Huehuetla, un encuentro de capacitaci\u00f3n y reconocimiento para las y los cafeticultores de la regi\u00f3n Otom\u00ed-Tepehua. Durante esta jornada, los productores fortalecieron sus conocimientos en temas como manejo de plagas y&hellip; <a class=\"more-link\" href=\"https:\/\/www.zunoticia.com\/noticias-de-hidalgo\/2025\/10\/01\/conmemora-saderh-dia-internacional-del-cafe-en-huehuetla\/\">Seguir leyendo <span class=\"screen-reader-text\">Conmemora Saderh D\u00eda Internacional del Caf\u00e9\u00a0en Huehuetla<\/span><\/a><\/p>\n","protected":false},"author":20,"featured_media":609255,"comment_status":"open","ping_status":"open","sticky":false,"template":"","format":"standard","meta":{"rop_custom_images_group":[],"rop_custom_messages_group":[],"rop_publish_now":"initial","rop_publish_now_accounts":{"facebook_10159540855086992_322828327761733":""},"rop_publish_now_history":[],"rop_publish_now_status":"pending","footnotes":""},"categories":[208],"tags":[214],"class_list":["post-609254","post","type-post","status-publish","format-standard","has-post-thumbnail","hentry","category-estado","tag-estado","entry"],"_links":{"self":[{"href":"https:\/\/www.zunoticia.com\/noticias-de-hidalgo\/wp-json\/wp\/v2\/posts\/609254","targetHints":{"allow":["GET"]}}],"collection":[{"href":"https:\/\/www.zunoticia.com\/noticias-de-hidalgo\/wp-json\/wp\/v2\/posts"}],"about":[{"href":"https:\/\/www.zunoticia.com\/noticias-de-hidalgo\/wp-json\/wp\/v2\/types\/post"}],"author":[{"embeddable":true,"href":"https:\/\/www.zunoticia.com\/noticias-de-hidalgo\/wp-json\/wp\/v2\/users\/20"}],"replies":[{"embeddable":true,"href":"https:\/\/www.zunoticia.com\/noticias-de-hidalgo\/wp-json\/wp\/v2\/comments?post=609254"}],"version-history":[{"count":1,"href":"https:\/\/www.zunoticia.com\/noticias-de-hidalgo\/wp-json\/wp\/v2\/posts\/609254\/revisions"}],"predecessor-version":[{"id":609257,"href":"https:\/\/www.zunoticia.com\/noticias-de-hidalgo\/wp-json\/wp\/v2\/posts\/609254\/revisions\/609257"}],"wp:featuredmedia":[{"embeddable":true,"href":"https:\/\/www.zunoticia.com\/noticias-de-hidalgo\/wp-json\/wp\/v2\/media\/609255"}],"wp:attachment":[{"href":"https:\/\/www.zunoticia.com\/noticias-de-hidalgo\/wp-json\/wp\/v2\/media?parent=609254"}],"wp:term":[{"taxonomy":"category","embeddable":true,"href":"https:\/\/www.zunoticia.com\/noticias-de-hidalgo\/wp-json\/wp\/v2\/categories?post=609254"},{"taxonomy":"post_tag","embeddable":true,"href":"https:\/\/www.zunoticia.com\/noticias-de-hidalgo\/wp-json\/wp\/v2\/tags?post=609254"}],"curies":[{"name":"wp","href":"https:\/\/api.w.org\/{rel}","templated":true}]}}